{"id":325448,"date":"2025-08-17T18:48:12","date_gmt":"2025-08-17T18:48:12","guid":{"rendered":"https:\/\/www.europesays.com\/fr\/325448\/"},"modified":"2025-08-17T18:48:12","modified_gmt":"2025-08-17T18:48:12","slug":"mort-de-lacteur-terence-stamp-connu-pour-ses-roles-dans-superman-et-priscilla-folle-du-desert","status":"publish","type":"post","link":"https:\/\/www.europesays.com\/fr\/325448\/","title":{"rendered":"Mort de l\u2019acteur Terence Stamp, connu pour ses r\u00f4les dans \u00ab\u00a0Superman\u00a0\u00bb et \u00ab\u00a0Priscilla, folle du d\u00e9sert\u00a0\u00bb"},"content":{"rendered":"<p>        <img decoding=\"async\" loading=\"lazy\" src=\"https:\/\/www.europesays.com\/fr\/wp-content\/uploads\/2025\/08\/9ebbbab_upload-1-yfv4ihsxvsei-afp-20170718-chl-061735-v1-highres-maxlamenace.jpg\"  width=\"728\" height=\"410\" alt=\"L\u2019acteur Terence Stamp, ici photographi\u00e9 pour les besoins du film \u00ab\u00a0Max La Menace\u00a0\u00bb (2008) avec Steve Carell et Anne Hathaway.\"\/>  <\/p>\n<p>MOSAIC MEDIA GROUP \/ MAD CHANCE \/ Collection ChristopheL via AFP<\/p>\n<p>L\u2019acteur Terence Stamp, ici photographi\u00e9 pour les besoins du film \u00ab\u00a0Max La Menace\u00a0\u00bb (2008) avec Steve Carell et Anne Hathaway.<\/p>\n<p class=\"asset asset-text\">CIN\u00c9MA &#8211; Jour de deuil pour le cin\u00e9ma britannique. Com\u00e9dien marquant et prolifique durant plusieurs d\u00e9cennies, l<a href=\"https:\/\/www.huffingtonpost.fr\/justice\/article\/l-acteur-micheal-ward-a-l-affiche-d-eddington-inculpe-pour-des-viols-et-agressions-sexuelles_253008.html\" rel=\"nofollow noopener\" target=\"_blank\">\u2019acteur anglais<\/a> Terence Stamp est mort ce dimanche 17\u00a0ao\u00fbt, comme l\u2019a indiqu\u00e9 sa famille dans un communiqu\u00e9. Le Sicilien, Walkyrie, Wall Street, Star Wars, Priscilla, folle du d\u00e9sert et surtout <a href=\"https:\/\/www.huffingtonpost.fr\/culture\/article\/richard-donner-le-realisateur-du-premier-superman-est-mort_183635.html\" rel=\"nofollow noopener\" target=\"_blank\">la premi\u00e8re saga Superman<\/a>\u2026 Il aura marqu\u00e9 \u00e0 plus d\u2019un titre l\u2019histoire du 7e art.<\/p>\n<p class=\"asset asset-text\">D\u00e9c\u00e9d\u00e9 \u00e0 l\u2019\u00e2ge de 87\u00a0ans, \u00ab\u00a0il laisse derri\u00e8re lui une \u0153uvre extraordinaire, \u00e0 la fois en tant qu\u2019acteur et en tant qu\u2019\u00e9crivain, qui continuera \u00e0 toucher les gens pendant des ann\u00e9es\u00a0\u00bb, indique le communiqu\u00e9 partag\u00e9 par sa famille \u00e0 <a href=\"https:\/\/www.reuters.com\/world\/uk\/actor-terence-stamp-star-superman-films-dies-aged-87-2025-08-17\/\" target=\"_blank\" rel=\"noopener nofollow\" title=\"Nouvelle fen\u00eatre\">Reuters<\/a>.<\/p>\n<p class=\"asset asset-text\">Avant de se retirer du milieu, sa derni\u00e8re apparition \u00e0 l\u2019\u00e9cran remonte l\u2019ann\u00e9e 2021, o\u00f9 il jouait un r\u00f4le secondaire mais remarqu\u00e9e dans Last Night in Soho\u00a0d\u2019<a href=\"https:\/\/www.huffingtonpost.fr\/culture\/article\/running-man-glen-powell-succede-a-arnold-schwarzenegger-dans-le-remake-du-film-de-1987_232565.html\" rel=\"nofollow noopener\" target=\"_blank\">Edgar Wright<\/a>. Bien avant cela, l\u2019acteur avait d\u00e9but\u00e9 par la grande porte. Car apr\u00e8s avoir \u00e9t\u00e9 chapeaut\u00e9 par Laurence Olivier\u00a0et\u00a0Simone Signoret, il d\u00e9croche sa premi\u00e8re et seule nomination aux Oscars pour son premier grand r\u00f4le en 1963. C\u2019\u00e9tait pour la statuette du meilleur second r\u00f4le dans\u00a0Billy Budd\u00a0de Peter Ustinov, o\u00f9 il incarnait un jeune marin na\u00eff au XVIIIe\u00a0si\u00e8cle. Pour se consoler, il obtiendra quand m\u00eame le Golden Globe de l\u2019acteur le plus prometteur la m\u00eame ann\u00e9e.<\/p>\n<p class=\"asset asset-text\">Apr\u00e8s des d\u00e9buts plus que prometteurs et une premi\u00e8re nomination aux Oscars, faisant d\u2019ailleurs de lui l\u2019une des ic\u00f4nes des Swinging Sixties, l\u2019acteur passera devant la cam\u00e9ra de Ken Loach dans Pas de larmes pour Joy et de Pier Paolo Pasolini\u00a0dans Th\u00e9or\u00e8me. Mais le v\u00e9ritable succ\u00e8s populaire de Terence Stamp arrivera quelques ann\u00e9es plus tard avec l\u2019un des premiers blockbusters de l\u2019histoire du cin\u00e9ma\u00a0: <a href=\"https:\/\/www.huffingtonpost.fr\/culture\/article\/mort-de-margot-kidder-la-lois-lane-de-christopher-reeve-s-est-suicidee_129011.html\" rel=\"nofollow noopener\" target=\"_blank\">Superman de Richard Donner<\/a>, sorti en 1978.<\/p>\n<p>                          <img decoding=\"async\" loading=\"lazy\" src=\"https:\/\/www.europesays.com\/fr\/wp-content\/uploads\/2025\/08\/e1ff701_upload-1-eliii1rydq4m-capture-da-a-cran-2025-08-17-175934.png\"  width=\"728\" height=\"410\" alt=\"Bien que kitsch, le personnage de Zod (au centre de l\u2019image) incarn\u00e9 par Terence Stamp dans les premiers films Superman resteront dans l\u2019histoire parmi les premi\u00e8res adaptations s\u00e9rieuses de super-vilains au cin\u00e9ma.\"\/>  <\/p>\n<p>Warners Bros<\/p>\n<p>Bien que kitsch, le personnage de Zod (au centre de l\u2019image) incarn\u00e9 par Terence Stamp dans les premiers films Superman resteront dans l\u2019histoire parmi les premi\u00e8res adaptations s\u00e9rieuses de super-vilains au cin\u00e9ma.<\/p>\n<p class=\"asset asset-text\">Si son r\u00f4le est tr\u00e8s r\u00e9duit dans le premier film, il reviendra d\u00e8s le second dans la peau du G\u00e9n\u00e9ral Zod, antagoniste mythique des comics de l\u2019Homme d\u2019Acier. Oppos\u00e9 au Superman plus vrai que nature de Christopher Reeve, ce r\u00f4le restera un moment marquant de sa carri\u00e8re d\u2019acteur. D\u2019autant que son histoire avec Superman ne s\u2019ach\u00e8vera pas l\u00e0, puisqu\u2019il incarnera aussi le p\u00e8re biologique de Clark Kent, le Kryptonien Jor-El, dans la s\u00e9rie des ann\u00e9es 2000\u00a0Smallville.<\/p>\n<p>    Carri\u00e8re prolifique au c\u00f4t\u00e9 des plus grands    <\/p>\n<p class=\"asset asset-text\">Autre grand succ\u00e8s de sa carri\u00e8re, cette fois dans la d\u00e9cennie 1990\u00a0: Priscilla, folle du d\u00e9sert de Stephan Elliott. Avec Hugo Weaving\u00a0et\u00a0Guy Pearce dans les r\u00f4les-titres, il incarnait un membre d\u2019une troupe de drag-queens parcourant l\u2019Australie \u00e0 bord d\u2019un bus devenu c\u00e9l\u00e8bre et donnant d\u2019ailleurs son nom au film.<\/p>\n<p class=\"asset asset-text\">Parmi ces autres r\u00f4les marquants, difficile d\u2019\u00e9chapper \u00e0 son incarnation br\u00e8ve mais intense du chancelier Valorum dans Star Wars\u00a0: La Menace fant\u00f4me, Yes Man avec Jim Carrey ou Walkyrie avec Tom Cruise. Sans oublier Le Sicilien de Michael Cimino en 1987. Une ann\u00e9e prolifique o\u00f9 il sera \u00e9galement \u00e0 l\u2019affiche du Wall Street d\u2019Oliver Stone.<\/p>\n<p class=\"asset asset-text\">Durant les derni\u00e8res ann\u00e9es de carri\u00e8re, il collaborera aussi avec Tim Burton par deux fois (Big Eyes et Miss Peregrine) et officiera \u00e9galement dans la s\u00e9rie \u00e0 succ\u00e8s His Dark Materials dans un \u00e9pisode de la saison 2.<\/p>\n","protected":false},"excerpt":{"rendered":"MOSAIC MEDIA GROUP \/ MAD CHANCE \/ Collection ChristopheL via AFP L\u2019acteur Terence Stamp, ici photographi\u00e9 pour les&hellip;\n","protected":false},"author":2,"featured_media":325449,"comment_status":"","ping_status":"","sticky":false,"template":"","format":"standard","meta":{"footnotes":""},"categories":[2],"tags":[11,650,251,1011,27,4849,12,25,473,2133],"class_list":{"0":"post-325448","1":"post","2":"type-post","3":"status-publish","4":"format-standard","5":"has-post-thumbnail","7":"category-actualites","8":"tag-actualites","9":"tag-cinema","10":"tag-culture","11":"tag-fr","12":"tag-france","13":"tag-morts-en-2025","14":"tag-news","15":"tag-republique-francaise","16":"tag-royaume-uni","17":"tag-superman"},"share_on_mastodon":{"url":"https:\/\/pubeurope.com\/@fr\/115045604108522445","error":""},"_links":{"self":[{"href":"https:\/\/www.europesays.com\/fr\/wp-json\/wp\/v2\/posts\/325448","targetHints":{"allow":["GET"]}}],"collection":[{"href":"https:\/\/www.europesays.com\/fr\/wp-json\/wp\/v2\/posts"}],"about":[{"href":"https:\/\/www.europesays.com\/fr\/wp-json\/wp\/v2\/types\/post"}],"author":[{"embeddable":true,"href":"https:\/\/www.europesays.com\/fr\/wp-json\/wp\/v2\/users\/2"}],"replies":[{"embeddable":true,"href":"https:\/\/www.europesays.com\/fr\/wp-json\/wp\/v2\/comments?post=325448"}],"version-history":[{"count":0,"href":"https:\/\/www.europesays.com\/fr\/wp-json\/wp\/v2\/posts\/325448\/revisions"}],"wp:featuredmedia":[{"embeddable":true,"href":"https:\/\/www.europesays.com\/fr\/wp-json\/wp\/v2\/media\/325449"}],"wp:attachment":[{"href":"https:\/\/www.europesays.com\/fr\/wp-json\/wp\/v2\/media?parent=325448"}],"wp:term":[{"taxonomy":"category","embeddable":true,"href":"https:\/\/www.europesays.com\/fr\/wp-json\/wp\/v2\/categories?post=325448"},{"taxonomy":"post_tag","embeddable":true,"href":"https:\/\/www.europesays.com\/fr\/wp-json\/wp\/v2\/tags?post=325448"}],"curies":[{"name":"wp","href":"https:\/\/api.w.org\/{rel}","templated":true}]}}