{"id":325450,"date":"2025-08-17T18:49:11","date_gmt":"2025-08-17T18:49:11","guid":{"rendered":"https:\/\/www.europesays.com\/fr\/325450\/"},"modified":"2025-08-17T18:49:11","modified_gmt":"2025-08-17T18:49:11","slug":"jean-luc-melenchon-a-tout-interet-a-simmiscer-dans-le-mouvement-pour-mieux-reinterpreter-ses-themes-liberation","status":"publish","type":"post","link":"https:\/\/www.europesays.com\/fr\/325450\/","title":{"rendered":"\u00abJean-Luc M\u00e9lenchon a tout int\u00e9r\u00eat \u00e0 s\u2019immiscer dans le mouvement pour mieux r\u00e9interpr\u00e9ter ses th\u00e8mes\u00bb \u2013 Lib\u00e9ration"},"content":{"rendered":"<p class=\"sc-ksZaOG ehjQrN text-element\">Pour Bruno Cautr\u00e8s, politiste et chercheur au Centre de recherches politiques de Sciences-Po (Cevipof), Jean-Luc M\u00e9lenchon \u00abessaie de prendre un cran d\u2019avance\u00bb. <a href=\"https:\/\/www.liberation.fr\/politique\/bloquons-tout-jean-luc-melenchon-et-les-insoumis-appellent-a-la-censure-et-a-la-mobilisation-contre-francois-bayrou-20250817_4IWW4CRAOZEFZCPF2PCMHIUCZQ\/\" target=\"_blank\" rel=\"noopener\" title=\"https:\/\/www.liberation.fr\/politique\/bloquons-tout-jean-luc-melenchon-et-les-insoumis-appellent-a-la-censure-et-a-la-mobilisation-contre-francois-bayrou-20250817_4IWW4CRAOZEFZCPF2PCMHIUCZQ\/\">Dans une tribune parue dimanche 17 ao\u00fbt, dans la Tribune dimanche<\/a>, le leader insoumis a appel\u00e9 \u00e0 censurer le Premier ministre, Fran\u00e7ois Bayrou et \u00e0 soutenir le mouvement lanc\u00e9 par des internautes, <a href=\"https:\/\/www.liberation.fr\/politique\/bloquons-tout-le-10-septembre-un-mois-avant-que-sait-on-du-mouvement-20250810_4QUH755GXZASZH5JYCR7ZGCN3I\/\" target=\"_blank\" rel=\"noopener\" title=\"https:\/\/www.liberation.fr\/politique\/bloquons-tout-le-10-septembre-un-mois-avant-que-sait-on-du-mouvement-20250810_4QUH755GXZASZH5JYCR7ZGCN3I\/\">\u00abBloquons tout\u00bb, qui ambitionne de mettre la France \u00e0 l\u2019arr\u00eat le 10 septembre.<\/a> Un soutien \u00ab\u00e0 premi\u00e8re vue un peu \u00e9trange\u00bb tant les th\u00e8mes de d\u00e9part sont \u00e9loign\u00e9s de ceux de la gauche mais que Jean-Luc M\u00e9lenchon cherche \u00e0 \u00abr\u00e9interpr\u00e9ter\u00bb et \u00e9largir pour \u00abmontrer qu\u2019\u00e0 d\u00e9faut d\u2019\u00eatre les initiateurs, ils en sont les premiers accompagnateurs\u00bb. En jeu, ne pa<\/p>\n","protected":false},"excerpt":{"rendered":"Pour Bruno Cautr\u00e8s, politiste et chercheur au Centre de recherches politiques de Sciences-Po (Cevipof), Jean-Luc M\u00e9lenchon \u00abessaie de&hellip;\n","protected":false},"author":2,"featured_media":325451,"comment_status":"","ping_status":"","sticky":false,"template":"","format":"standard","meta":{"footnotes":""},"categories":[2],"tags":[11,1011,27,3081,12,25],"class_list":{"0":"post-325450","1":"post","2":"type-post","3":"status-publish","4":"format-standard","5":"has-post-thumbnail","7":"category-actualites","8":"tag-actualites","9":"tag-fr","10":"tag-france","11":"tag-jean-luc-melenchon","12":"tag-news","13":"tag-republique-francaise"},"share_on_mastodon":{"url":"https:\/\/pubeurope.com\/@fr\/115045607930111095","error":""},"_links":{"self":[{"href":"https:\/\/www.europesays.com\/fr\/wp-json\/wp\/v2\/posts\/325450","targetHints":{"allow":["GET"]}}],"collection":[{"href":"https:\/\/www.europesays.com\/fr\/wp-json\/wp\/v2\/posts"}],"about":[{"href":"https:\/\/www.europesays.com\/fr\/wp-json\/wp\/v2\/types\/post"}],"author":[{"embeddable":true,"href":"https:\/\/www.europesays.com\/fr\/wp-json\/wp\/v2\/users\/2"}],"replies":[{"embeddable":true,"href":"https:\/\/www.europesays.com\/fr\/wp-json\/wp\/v2\/comments?post=325450"}],"version-history":[{"count":0,"href":"https:\/\/www.europesays.com\/fr\/wp-json\/wp\/v2\/posts\/325450\/revisions"}],"wp:featuredmedia":[{"embeddable":true,"href":"https:\/\/www.europesays.com\/fr\/wp-json\/wp\/v2\/media\/325451"}],"wp:attachment":[{"href":"https:\/\/www.europesays.com\/fr\/wp-json\/wp\/v2\/media?parent=325450"}],"wp:term":[{"taxonomy":"category","embeddable":true,"href":"https:\/\/www.europesays.com\/fr\/wp-json\/wp\/v2\/categories?post=325450"},{"taxonomy":"post_tag","embeddable":true,"href":"https:\/\/www.europesays.com\/fr\/wp-json\/wp\/v2\/tags?post=325450"}],"curies":[{"name":"wp","href":"https:\/\/api.w.org\/{rel}","templated":true}]}}