{"id":325452,"date":"2025-08-17T18:50:20","date_gmt":"2025-08-17T18:50:20","guid":{"rendered":"https:\/\/www.europesays.com\/fr\/325452\/"},"modified":"2025-08-17T18:50:20","modified_gmt":"2025-08-17T18:50:20","slug":"a-une-semaine-des-finales-du-championnats-de-france-lestaqueen-gregory-guillerey-realise-un-gros-coup","status":"publish","type":"post","link":"https:\/\/www.europesays.com\/fr\/325452\/","title":{"rendered":"\u00e0 une semaine des finales du championnats de France, l&rsquo;Estaqu\u00e9en Gr\u00e9gory Guillerey r\u00e9alise un gros coup"},"content":{"rendered":"<p>De ce qu&rsquo;en disent les targa\u00efres au moment de se d\u00e9fier pour <a href=\"https:\/\/www.laprovence.com\/article\/sports\/114312462756915\/joute-provencale-le-calendrier-est-desormais-connu\" target=\"_blank\" rel=\"nofollow noopener\">les championnats de France<\/a>, \u00ab\u00a0mieux vaut \u00eatre dans la peau du chasseur que du chass\u00e9.\u00a0\u00bb Facile de les comprendre pour une \u00e9preuve lors de laquelle il vaut mieux rester en embuscade. Bien souvent plus simple pour ne pas avoir une pancarte dans le dos et aussi pour mieux g\u00e9rer la pression.<\/p>\n<p>Et justement, l&rsquo;\u00e9tape mart\u00e9gale a permis de le v\u00e9rifier avec 10 des 15 premiers \u00e0 la baille d\u00e8s le premier tour. Dont Anthony Mussou, le leader qui allait ainsi c\u00e9der son fauteuil. D\u00e9sormais deuxi\u00e8me, le Mandr\u00e9en reste toutefois plus que jamais dans le coup pour pr\u00e9tendre au Graal. Un titre supr\u00eame que c\u00e9dera Youness Wazzani, le tenant du titre Mart\u00e9gal qui a d\u00e9finitivement hypoth\u00e9qu\u00e9 ses chances. C&rsquo;est donc Gr\u00e9gory Guillerey, le jeune <a href=\"https:\/\/www.laprovence.com\/article\/sports\/64946681936674\/joute-provencale-lestaque-la-joue-fine-a-domicile-lors-de-la-coupe-de-provence\" target=\"_blank\" rel=\"nofollow noopener\">prodige estaqu\u00e9en<\/a> qui a r\u00e9alis\u00e9 la belle affaire.<\/p>\n<p>Le champion de France 2023 est l&rsquo;un des rares \u00e0 \u00eatre rest\u00e9s herm\u00e9tiques \u00e0 la pression pour se prendre \u00e0 r\u00eaver d&rsquo;un nouveau sacre apr\u00e8s avoir r\u00e9alis\u00e9 un coup double. Il prend les r\u00eanes au classement g\u00e9n\u00e9ral seniors gr\u00e2ce \u00e0 sa victoire, qui plus est avec les 12 unit\u00e9s de la finale du tournoi, devant deux autres Marseillais, Franck Belkacemi et Math\u00e9o Lacroix. Si <a href=\"https:\/\/www.laprovence.com\/article\/sports\/35359079036766\/joute-provencale-alirot-et-les-bucco-rhodaniens-prets-a-inverser-la-tendance-a-martigues\" target=\"_blank\" rel=\"nofollow noopener\">le Mart\u00e9gal Enzo Alirot<\/a> compl\u00e8te le podium provisoire, pr\u00e8s de dix jouteurs auront encore leur mot \u00e0 dire, dimanche prochain \u00e0 Port-Saint-Louis pour des finales qui s&rsquo;annoncent ind\u00e9cises. Mais avec un imperturbable Guillerey qui sera difficile \u00e0 aller chercher, d&rsquo;autant plus s&rsquo;il conserve son insouciance sur le haut des tintaines.<\/p>\n<p>Du c\u00f4t\u00e9 des \u00e9coles de joute la bataille aussi fait rage.<\/p>\n<p>Si gr\u00e2ce \u00e0 son succ\u00e8s en benjamins, le Saint-Louisien Loan Farci se replace dans la course au titre, le Mart\u00e9gal Lenny Lemaire reste en t\u00eate. En minimes, nouveau succ\u00e8s de l&rsquo;Agathonien Tetauira Lem\u00e9e qui sera difficile \u00e0 aller chercher. No\u00e9 Wazzani m\u00e8ne toujours le bal en juniors avec Math\u00e9o Bouc, l&rsquo;autre mart\u00e9gal en embuscade. Finaliste du tournoi, le Foss\u00e9en Joris Fournerie a pris les devants en juniors. Enfin, chez les filles, la Mandr\u00e9enne Maylis Saulnier (+ de 15 ans) et la Rapha\u00ebloise Leelou Leroy (- de 15 ans) sont toujours en t\u00eate. Le suspense reste entier avant le verdict \u00e0 Port-Saint-Louis.<\/p>\n<p><img alt=\"\" loading=\"lazy\" width=\"18\" height=\"18\" decoding=\"async\" data-nimg=\"1\" class=\"mx-[8px]\" style=\"color:transparent\" src=\"https:\/\/www.laprovence.com\/_next\/static\/media\/comment.b95dda91.svg\"\/>D\u00e9marrez la conversation<\/p>\n<p class=\"text-[1.8rem] mt-[32px]\">Votre opinion compte pour nous. Rejoignez la communaut\u00e9 laprovence.com en r\u00e9agissant sur l&rsquo;article Joute proven\u00e7ale : \u00e0 une semaine des finales du championnats de France, l&rsquo;Estaqu\u00e9en Gr\u00e9gory Guillerey r\u00e9alise un gros coup.<\/p>\n","protected":false},"excerpt":{"rendered":"De ce qu&rsquo;en disent les targa\u00efres au moment de se d\u00e9fier pour les championnats de France, \u00ab\u00a0mieux vaut&hellip;\n","protected":false},"author":2,"featured_media":325453,"comment_status":"","ping_status":"","sticky":false,"template":"","format":"standard","meta":{"footnotes":""},"categories":[4],"tags":[17,11,3234,154,3390,1011,27,46239,12,41624,25,5572,60,96],"class_list":{"0":"post-325452","1":"post","2":"type-post","3":"status-publish","4":"format-standard","5":"has-post-thumbnail","7":"category-france","8":"tag-17","9":"tag-actualites","10":"tag-championnats","11":"tag-des","12":"tag-finales","13":"tag-fr","14":"tag-france","15":"tag-joute","16":"tag-news","17":"tag-provencale","18":"tag-republique-francaise","19":"tag-semaine","20":"tag-sports","21":"tag-une"},"share_on_mastodon":{"url":"https:\/\/pubeurope.com\/@fr\/115045611952917030","error":""},"_links":{"self":[{"href":"https:\/\/www.europesays.com\/fr\/wp-json\/wp\/v2\/posts\/325452","targetHints":{"allow":["GET"]}}],"collection":[{"href":"https:\/\/www.europesays.com\/fr\/wp-json\/wp\/v2\/posts"}],"about":[{"href":"https:\/\/www.europesays.com\/fr\/wp-json\/wp\/v2\/types\/post"}],"author":[{"embeddable":true,"href":"https:\/\/www.europesays.com\/fr\/wp-json\/wp\/v2\/users\/2"}],"replies":[{"embeddable":true,"href":"https:\/\/www.europesays.com\/fr\/wp-json\/wp\/v2\/comments?post=325452"}],"version-history":[{"count":0,"href":"https:\/\/www.europesays.com\/fr\/wp-json\/wp\/v2\/posts\/325452\/revisions"}],"wp:featuredmedia":[{"embeddable":true,"href":"https:\/\/www.europesays.com\/fr\/wp-json\/wp\/v2\/media\/325453"}],"wp:attachment":[{"href":"https:\/\/www.europesays.com\/fr\/wp-json\/wp\/v2\/media?parent=325452"}],"wp:term":[{"taxonomy":"category","embeddable":true,"href":"https:\/\/www.europesays.com\/fr\/wp-json\/wp\/v2\/categories?post=325452"},{"taxonomy":"post_tag","embeddable":true,"href":"https:\/\/www.europesays.com\/fr\/wp-json\/wp\/v2\/tags?post=325452"}],"curies":[{"name":"wp","href":"https:\/\/api.w.org\/{rel}","templated":true}]}}