{"id":325454,"date":"2025-08-17T18:51:10","date_gmt":"2025-08-17T18:51:10","guid":{"rendered":"https:\/\/www.europesays.com\/fr\/325454\/"},"modified":"2025-08-17T18:51:10","modified_gmt":"2025-08-17T18:51:10","slug":"marco-penge-remporte-le-danish-golf-championship-devant-rasmus-hojgaard-frederic-lacroix-16e-lequipe","status":"publish","type":"post","link":"https:\/\/www.europesays.com\/fr\/325454\/","title":{"rendered":"Marco Penge remporte le Danish Golf Championship devant Rasmus H\u00f6jgaard, Fr\u00e9d\u00e9ric Lacroix 16e &#8211; L&#039;\u00c9quipe"},"content":{"rendered":"<ol>\n<li><a href=\"https:\/\/news.google.com\/rss\/articles\/CBMi1gFBVV95cUxOeERvY01FQUg3RGl5Z1FUbzU0THZhWGJaNGJJcHZsMDhyZ2w3THVtWUFCUlFoTGVLV1NfZW54dHg1dV9nMUxmdF9sblY1VWpwY2plT2ZlUi0tNXFrWmhTWVUzU0xzVDlDQWZRRnByam9VMW14QWNiNGN1elE3a3pvZjZmVl9veVdkS1V6cVFnZ3pYUC1SR3laVnl4a1p4ZzdEMzdka2VHRkozNHhXM1paaDRKLUdMUUNJVFVMRjh0RWw2MVR2UkdUSDJtRVZxWGNVbU13VVJn?oc=5\" target=\"_blank\" rel=\"nofollow noopener\">Marco Penge remporte le Danish Golf Championship devant Rasmus H\u00f6jgaard, Fr\u00e9d\u00e9ric Lacroix 16e<\/a>&nbsp;&nbsp;L&rsquo;\u00c9quipe<\/li>\n<li><a href=\"https:\/\/news.google.com\/rss\/articles\/CBMisgFBVV95cUxQSTJnRTJsQ29oX25XdDdlbjhUQmNxWFFtQnFpbDQ5RjJwRjNWUmNvdVdDT1RsUW9vaHc3eVRYVWRiRjZ3R1JSUjlWNms2SDZicUU1TDdyRU0ybXBFSXpEZ05qUnpKVjd1Q3hNd3NwYi1pUnFqa2lkek1TV293Q1B1TllmQ2FjRi1YbHRqVnNYUUVneV9UWkF6NkNaYmR5R3EwYWNYWFF0REE4LVhuUWxobVV3?oc=5\" target=\"_blank\" rel=\"nofollow noopener\">Danish Golf Championship : Lacroix termine dans le top 20<\/a>&nbsp;&nbsp;F\u00e9d\u00e9ration fran\u00e7aise de golf (ffgolf)<\/li>\n<li><a href=\"https:\/\/news.google.com\/rss\/articles\/CBMijwJBVV95cUxPV09VVHZXaXdBTGhpNHFCR2FkMGsyU1J6MlRQNm5pTm5rSC1ha0ZVTUZhXzJSZjRaN2l6Qy1UUlZIa245a1ZyMDd5MkdXTWZuOWhTSWlMQjBad3kzZHNPTGNPcXhSUkM2b2x6R2xraDNqNFdDSXlScndWUjZIM2J3VktJRmYzT21ZOWJpRkk5R0hPZ0FBZE1QcWhJb0lCOG5wVUNHSWNBVWZNMU1EWnd2OXRONzZzSXdSaTluNWlKdmdaSE9FM3hTSWhoSnRfLUMtMGFJTnFnd1BVYlhaY1RMRUtLcl9lWmppeXRYSnBZb3lKQ21fQTZoTUlTN0ZMSF91ak9UVG96WWU4VUIwMzVz?oc=5\" target=\"_blank\" rel=\"nofollow noopener\">Golf. DPW Tour &#8211; Danish Golf: Marco Penge devance d\u2019un coup Rasmus H\u00f8jgaard, Fr\u00e9d\u00e9ric Lacroix 16e<\/a>&nbsp;&nbsp;Ouest-France<\/li>\n<li><a href=\"https:\/\/news.google.com\/rss\/articles\/CBMixwFBVV95cUxQMzdEa0d1RHh3aFZoUDJqaTBpOElpU0docUdmUVVrN0otN2c1UzVxc2l2X0dLQjF2V1dIQ0ZWeXJRRmFaWXkza1R2YVZHb1lzWGRFc0Jwb2tab0VkUmNuZlh1SWxFYjJiX3JGY1ZvcHRGd00wY0xwdUM2LWtjNE4wakdXSTRtWHh2WklSQkFHN3ZhTnJwXy10Z1dMdjk1NFRvSlNKSlo5S2RqUks3SzFxVUNPTEtXMjJoNEo1Yms1QXRpaHI5b2Q0?oc=5\" target=\"_blank\" rel=\"nofollow noopener\">Marco Penge, plus fort que Rasmus H\u00f8jgaard, l&#8217;emporte au Danemark et peut r\u00eaver de Ryder Cup<\/a>&nbsp;&nbsp;Golf Plan\u00e8te<\/li>\n<li><a href=\"https:\/\/news.google.com\/rss\/articles\/CBMikgJBVV95cUxNTXo1YWRoaHVIZmVycjdVREdua1JZWktVMmpOYzBjRlpXX01iMFBCY19oaGpTMjRteWNuZXl4cmw1MzRLbUJFZFlWR2pocnYzWjN0MFV3SDU1eW83b2hqbU94UWhZRUhSU3BkQ0xZYk9zNUVfdXJrNG5iRHlpdGNzRnNkYzJhVVFscl9mNkFhZmpQRFY1akRFR3FrMmx4cE5NdkVjWVdyUVNQbXN5b2k2LU9kc1UyZklvOWFxY2cycFlKUmVJcTR3ZTlUblRsRTVRNUoyX056TW5IcUo4dkZUdnJsMW9SdzZxWVZxaEZTSEtHQ1RtNHNDSWxBRDYtQlVIVWFpNGloaUo5Y3pBaFhMRjBR?oc=5\" target=\"_blank\" rel=\"nofollow noopener\">Golf. DPW Tour &#8211; Danish Championship: Rasmus H\u00f8jgaard reste en t\u00eate devant Penge. Saddier en chute.<\/a>&nbsp;&nbsp;Ouest-France<\/li>\n<\/ol>\n","protected":false},"excerpt":{"rendered":"Marco Penge remporte le Danish Golf Championship devant Rasmus H\u00f6jgaard, Fr\u00e9d\u00e9ric Lacroix 16e&nbsp;&nbsp;L&rsquo;\u00c9quipe Danish Golf Championship : Lacroix&hellip;\n","protected":false},"author":2,"featured_media":325455,"comment_status":"","ping_status":"","sticky":false,"template":"","format":"standard","meta":{"footnotes":""},"categories":[1418],"tags":[1011,27,1472,60],"class_list":{"0":"post-325454","1":"post","2":"type-post","3":"status-publish","4":"format-standard","5":"has-post-thumbnail","7":"category-golf","8":"tag-fr","9":"tag-france","10":"tag-golf","11":"tag-sports"},"share_on_mastodon":{"url":"https:\/\/pubeurope.com\/@fr\/115045615705382134","error":""},"_links":{"self":[{"href":"https:\/\/www.europesays.com\/fr\/wp-json\/wp\/v2\/posts\/325454","targetHints":{"allow":["GET"]}}],"collection":[{"href":"https:\/\/www.europesays.com\/fr\/wp-json\/wp\/v2\/posts"}],"about":[{"href":"https:\/\/www.europesays.com\/fr\/wp-json\/wp\/v2\/types\/post"}],"author":[{"embeddable":true,"href":"https:\/\/www.europesays.com\/fr\/wp-json\/wp\/v2\/users\/2"}],"replies":[{"embeddable":true,"href":"https:\/\/www.europesays.com\/fr\/wp-json\/wp\/v2\/comments?post=325454"}],"version-history":[{"count":0,"href":"https:\/\/www.europesays.com\/fr\/wp-json\/wp\/v2\/posts\/325454\/revisions"}],"wp:featuredmedia":[{"embeddable":true,"href":"https:\/\/www.europesays.com\/fr\/wp-json\/wp\/v2\/media\/325455"}],"wp:attachment":[{"href":"https:\/\/www.europesays.com\/fr\/wp-json\/wp\/v2\/media?parent=325454"}],"wp:term":[{"taxonomy":"category","embeddable":true,"href":"https:\/\/www.europesays.com\/fr\/wp-json\/wp\/v2\/categories?post=325454"},{"taxonomy":"post_tag","embeddable":true,"href":"https:\/\/www.europesays.com\/fr\/wp-json\/wp\/v2\/tags?post=325454"}],"curies":[{"name":"wp","href":"https:\/\/api.w.org\/{rel}","templated":true}]}}