{"id":325460,"date":"2025-08-17T18:55:10","date_gmt":"2025-08-17T18:55:10","guid":{"rendered":"https:\/\/www.europesays.com\/fr\/325460\/"},"modified":"2025-08-17T18:55:10","modified_gmt":"2025-08-17T18:55:10","slug":"la-ffbb-donne-son-feu-vert-a-lintegration-de-tarbes-en-nf1","status":"publish","type":"post","link":"https:\/\/www.europesays.com\/fr\/325460\/","title":{"rendered":"La FFBB donne son feu vert \u00e0 l&rsquo;int\u00e9gration de Tarbes en NF1"},"content":{"rendered":"<p>C&rsquo;est dans un communiqu\u00e9 sur <a href=\"https:\/\/www.tgb-basket.com\/2025\/08\/communique-officiel-du-17-aout-2025\/?ref=basketeurope.com\" rel=\"noreferrer noopener\" target=\"_blank\">son site internet <\/a>que le TGB fait part de cette (bonne) nouvelle. Le coach embl\u00e9matique Fran\u00e7ois Gomez demeure aux commandes avec peut-\u00eatre deux joueuses de l&rsquo;effectif de 2024-25.<\/p>\n<p>\u00ab\u00a0Alors qu\u2019il \u00e9tait rel\u00e9gu\u00e9 en premi\u00e8re instance au niveau r\u00e9gional, le TGB s\u2019est vu proposer par courrier officiel ce jeudi 14 ao\u00fbt la possibilit\u00e9 d\u2019int\u00e9grer une des deux poules de NF1 correspondant \u00e0 la troisi\u00e8me division f\u00e9d\u00e9rale. Cette proposition est accompagn\u00e9e de l\u2019opportunit\u00e9 de maintenir en l\u2019\u00e9tat et \u00e0 titre exceptionnel le centre de formation qui a r\u00e9ussi \u00e0 conserver 16 de ses joueuses malgr\u00e9 un \u00e9t\u00e9 tumultueux.<\/p>\n<p>Une proposition accept\u00e9e par le club qui va maintenant pr\u00e9senter un budget qui devra \u00eatre valid\u00e9 par la commission de contr\u00f4le de gestion.<\/p>\n<p>Les dirigeants du TGB avaient cependant propos\u00e9 un engagement en Ligue 2 alors que le club de Rouen Bihorel a \u00e9t\u00e9 recal\u00e9 par la commission de contr\u00f4le de gestion et que la FFBB recherche toujours une quatorzi\u00e8me \u00e9quipe pour cette division.<\/p>\n<p>Le r\u00e8glement sportif sp\u00e9cifique \u00e0 la Ligue 2 (recrutement illimit\u00e9, 4 joueuses de moins de 23 ans, 2 \u00e9trang\u00e8res) aurait largement facilit\u00e9 le travail de Fran\u00e7ois Gomez et son staff \u00e0 la construction d\u2019une \u00e9quipe ambitieuse pour ce niveau de comp\u00e9tition.<\/p>\n<p>Cette rel\u00e9gation en NF1 voit l\u2019effectif amput\u00e9 d\u2019un grand nombre de ses joueuses. C\u2019est autour de Nancy Fora qui a manifest\u00e9 un vif int\u00e9r\u00eat \u00e0 continuer de d\u00e9fendre le projet du club et de Magali Mendy (en discussion) que doit se construire l\u2019\u00e9quipe bigourdanne. A ces \u00e9l\u00e9ments pourront \u00eatre ajout\u00e9es 4 recrues (c\u2019est le nombre de joueuses qu\u2019autorise le r\u00e8glement f\u00e9d\u00e9ral) et quelques jeunes joueuses du centre de formation.<\/p>\n<p>Une lourde t\u00e2che \u00e0 laquelle s\u2019est attel\u00e9 le staff tarbais, accompagn\u00e9 de ses dirigeants, dans un \u00e9tat d\u2019esprit combatif et r\u00e9silient pour sauver l\u2019 institution d\u2019une mort annonc\u00e9e par certains depuis le mois d\u2019avril.<\/p>\n<p>Nous restons mobilis\u00e9s et remercions les salari\u00e9s, les b\u00e9n\u00e9voles, nos partenaires et toutes celles et ceux qui continuent avec bienveillance de soutenir le club dans ce combat. Le TGB a besoin de la mobilisation g\u00e9n\u00e9rale de ses partenaires institutionnels et priv\u00e9s pour rebondir vers un nouveau projet ambitieux qui ram\u00e8nera le TGB en Wonderleague La Boulang\u00e8re.<\/p>\n<p>Il faut noter que la saisine aupr\u00e8s du Tribunal Administratif demandant la r\u00e9int\u00e9gration du TGB en Wonderleague La Boulang\u00e8re suit son cours.<\/p>\n<p>Le bureau du comit\u00e9 directeur du TGB\u00a0\u00bb<\/p>\n","protected":false},"excerpt":{"rendered":"C&rsquo;est dans un communiqu\u00e9 sur son site internet que le TGB fait part de cette (bonne) nouvelle. Le&hellip;\n","protected":false},"author":2,"featured_media":325461,"comment_status":"","ping_status":"","sticky":false,"template":"","format":"standard","meta":{"footnotes":""},"categories":[1414],"tags":[1465,1464,1011,27,60],"class_list":{"0":"post-325460","1":"post","2":"type-post","3":"status-publish","4":"format-standard","5":"has-post-thumbnail","7":"category-basket","8":"tag-basket","9":"tag-basketball","10":"tag-fr","11":"tag-france","12":"tag-sports"},"share_on_mastodon":{"url":"https:\/\/pubeurope.com\/@fr\/115045631550530935","error":""},"_links":{"self":[{"href":"https:\/\/www.europesays.com\/fr\/wp-json\/wp\/v2\/posts\/325460","targetHints":{"allow":["GET"]}}],"collection":[{"href":"https:\/\/www.europesays.com\/fr\/wp-json\/wp\/v2\/posts"}],"about":[{"href":"https:\/\/www.europesays.com\/fr\/wp-json\/wp\/v2\/types\/post"}],"author":[{"embeddable":true,"href":"https:\/\/www.europesays.com\/fr\/wp-json\/wp\/v2\/users\/2"}],"replies":[{"embeddable":true,"href":"https:\/\/www.europesays.com\/fr\/wp-json\/wp\/v2\/comments?post=325460"}],"version-history":[{"count":0,"href":"https:\/\/www.europesays.com\/fr\/wp-json\/wp\/v2\/posts\/325460\/revisions"}],"wp:featuredmedia":[{"embeddable":true,"href":"https:\/\/www.europesays.com\/fr\/wp-json\/wp\/v2\/media\/325461"}],"wp:attachment":[{"href":"https:\/\/www.europesays.com\/fr\/wp-json\/wp\/v2\/media?parent=325460"}],"wp:term":[{"taxonomy":"category","embeddable":true,"href":"https:\/\/www.europesays.com\/fr\/wp-json\/wp\/v2\/categories?post=325460"},{"taxonomy":"post_tag","embeddable":true,"href":"https:\/\/www.europesays.com\/fr\/wp-json\/wp\/v2\/tags?post=325460"}],"curies":[{"name":"wp","href":"https:\/\/api.w.org\/{rel}","templated":true}]}}