{"id":325464,"date":"2025-08-17T18:57:11","date_gmt":"2025-08-17T18:57:11","guid":{"rendered":"https:\/\/www.europesays.com\/fr\/325464\/"},"modified":"2025-08-17T18:57:11","modified_gmt":"2025-08-17T18:57:11","slug":"sans-briller-arsenal-debute-par-une-victoire-a-manchester-united-0-1-eurosport","status":"publish","type":"post","link":"https:\/\/www.europesays.com\/fr\/325464\/","title":{"rendered":"Sans briller, Arsenal d\u00e9bute par une victoire \u00e0 Manchester United (0-1) &#8211; Eurosport"},"content":{"rendered":"<ol>\n<li><a href=\"https:\/\/news.google.com\/rss\/articles\/CBMi-gFBVV95cUxQek9tQXItS3VVanNwSFFnUk1ZcUNKbFlzcklZRFF2S2hBWWhSQ3pVeVZrVTJJZ0VzVjBISW9pNU1rR0pORW15aVQzWVAxTjlHeHZNc2NhUXJPa1VXTjdNNXY1TFFibkFqQVB1QTFMZzJraHdqdXR1UEV5SW41NUZIQzNoU1pwTlJLX04yUDhVUGltdFpDR3l0NVN6bTFUQktPSkQ3Z2RjdnlUejQ0dVlxRkZVY1hTWE81VkFBdFhBbzRwV3B1RHJXdG5RUXFMLXZWNFNGQkdGQTUtLVVvVFJQTzVDc1VNbERScUpuc0t0UU50STRGSGhlQjZR?oc=5\" target=\"_blank\" rel=\"nofollow noopener\">Sans briller, Arsenal d\u00e9bute par une victoire \u00e0 Manchester United (0-1)<\/a>&nbsp;&nbsp;Eurosport<\/li>\n<li><a href=\"https:\/\/news.google.com\/rss\/articles\/CBMiuAFBVV95cUxOU1I5OF9OMC1aTFdJY05zQXc2N0p6T19sMlZtb0hIMzMzYXpPWGJROFQyc1BNMGRkU1RZdHBKNHhqdGUxMXZBS2NEcDBkZ0lQNG00UDBQdjJUSHdIbVR1QVBiQU5UdWlMRjA4Wmh1cmVIdnFUTXViU1llRmRRbVEyMjl2WmlmNEdsUURpeU9RakFrMERoVUxXaEY0UUJPNnk4TXpOaWRiRk15akZpUFctM1pGaTRwMUJj?oc=5\" target=\"_blank\" rel=\"nofollow noopener\">Manchester United 0-1 Arsenal, Premier League : Dorgu sur le poteau<\/a>&nbsp;&nbsp;L&rsquo;\u00c9quipe<\/li>\n<li><a href=\"https:\/\/news.google.com\/rss\/articles\/CBMi0wFBVV95cUxNaElSai1QUnZGdFREMnA4YjNGb0FLZnpZTWtteXFhWTItak1KbllkclNrWGNTaGdHWjRLRWhVR1M1MlZxSm1vSXRsdE13WXNnNlNySzNycVd4VndLRy02aThiVzVtdTN0M0xnMWQwSDN5ZURoSnZmLTlCNDJ2Rl9WbmFBRndNT3lGYjlFcndFRzBKblU1UWNxZzFha1pyVVZmeldEUGNwWmdCQy01T3hfREJLVl9iNXBCNFdSSUtxbzBlT0VxUmxwZ3JoYTkwOXh1LTBN?oc=5\" target=\"_blank\" rel=\"nofollow noopener\">Angleterre : Arsenal a encore frapp\u00e9 sur corner et l\u2019emporte face \u00e0 Manchester United<\/a>&nbsp;&nbsp;lanouvellerepublique.fr<\/li>\n<li><a href=\"https:\/\/news.google.com\/rss\/articles\/CBMipgFBVV95cUxNS1QxaExXQ2VsNFFzckctNEEtbzFDUF9ueXhaakR2dTZTNnc2cGRyTDlRVHlPUW1IZXVuQUdFRWp5ZF9aZjE0REpyQnA2dEt0Yld4d3Rha0lQcGRlZnpWc1UtaU10TmkzOFRMU0ZaTTB5bGlBZUI5MDZESHJWVkRxTmxRdHY3eU50cFNTRHJEeWNJaE9pQ3BZXzVlbVZNbnl3bkV0TG13?oc=5\" target=\"_blank\" rel=\"nofollow noopener\">MU : les raisons de l\u2019absence d\u2019Andr\u00e9 Onana contre Arsenal<\/a>&nbsp;&nbsp;Foot Mercato<\/li>\n<li><a href=\"https:\/\/news.google.com\/rss\/articles\/CBMi_AFBVV95cUxPQlhnYUxfOFdiQ0Q1OGQtejJMZ0hTNlN2NlYyckFNMnpxRzRaVnNseUxyR3l1S1NxdzJwaXV1cG43OUNqYzhKLXA4MnJtQm9MSHdyU2dnQ2xReWxtTlVtRDlvVExNTlVFWmZVOVFwdG1nUjJSbUM3Y2ZsM0l3cUk1V21tZU1COUJLZkhSVi1TdnZ6Q0VCVzliQTZ0ckhkVmhOMG9rMmE5M0M4WEl6a09JSjY4UmJXaDdydkJKVXlNT3JUWF9tbjlvc2tOSXNEQ0lCM2Z5ZXAxNmdjSHhjdnlNV2w4WktEMnNBNzdxUldfRGNxRUwzV3MtRE1xUnA?oc=5\" target=\"_blank\" rel=\"nofollow noopener\">Manchester United-Arsenal: les Gunners remportent le premier choc de la saison, United tombe d\u00e9j\u00e0 \u00e0 Old Trafford<\/a>&nbsp;&nbsp;RMC Sport<\/li>\n<\/ol>\n","protected":false},"excerpt":{"rendered":"Sans briller, Arsenal d\u00e9bute par une victoire \u00e0 Manchester United (0-1)&nbsp;&nbsp;Eurosport Manchester United 0-1 Arsenal, Premier League :&hellip;\n","protected":false},"author":2,"featured_media":1445,"comment_status":"","ping_status":"","sticky":false,"template":"","format":"standard","meta":{"footnotes":""},"categories":[1412],"tags":[1451,1452,1453,1454,1455,1011,27,60],"class_list":{"0":"post-325464","1":"post","2":"type-post","3":"status-publish","4":"format-standard","5":"has-post-thumbnail","7":"category-f1","8":"tag-f1","9":"tag-formula-1","10":"tag-formula1","11":"tag-formule-1","12":"tag-formule1","13":"tag-fr","14":"tag-france","15":"tag-sports"},"share_on_mastodon":{"url":"https:\/\/pubeurope.com\/@fr\/115045639333654302","error":""},"_links":{"self":[{"href":"https:\/\/www.europesays.com\/fr\/wp-json\/wp\/v2\/posts\/325464","targetHints":{"allow":["GET"]}}],"collection":[{"href":"https:\/\/www.europesays.com\/fr\/wp-json\/wp\/v2\/posts"}],"about":[{"href":"https:\/\/www.europesays.com\/fr\/wp-json\/wp\/v2\/types\/post"}],"author":[{"embeddable":true,"href":"https:\/\/www.europesays.com\/fr\/wp-json\/wp\/v2\/users\/2"}],"replies":[{"embeddable":true,"href":"https:\/\/www.europesays.com\/fr\/wp-json\/wp\/v2\/comments?post=325464"}],"version-history":[{"count":0,"href":"https:\/\/www.europesays.com\/fr\/wp-json\/wp\/v2\/posts\/325464\/revisions"}],"wp:featuredmedia":[{"embeddable":true,"href":"https:\/\/www.europesays.com\/fr\/wp-json\/wp\/v2\/media\/1445"}],"wp:attachment":[{"href":"https:\/\/www.europesays.com\/fr\/wp-json\/wp\/v2\/media?parent=325464"}],"wp:term":[{"taxonomy":"category","embeddable":true,"href":"https:\/\/www.europesays.com\/fr\/wp-json\/wp\/v2\/categories?post=325464"},{"taxonomy":"post_tag","embeddable":true,"href":"https:\/\/www.europesays.com\/fr\/wp-json\/wp\/v2\/tags?post=325464"}],"curies":[{"name":"wp","href":"https:\/\/api.w.org\/{rel}","templated":true}]}}