{"id":325465,"date":"2025-08-17T18:58:12","date_gmt":"2025-08-17T18:58:12","guid":{"rendered":"https:\/\/www.europesays.com\/fr\/325465\/"},"modified":"2025-08-17T18:58:12","modified_gmt":"2025-08-17T18:58:12","slug":"cyclisme-trophee-madiot-thomas-moreau-seul-de-bout-en-bout-sur-la-polycadets-du-jamais-vu","status":"publish","type":"post","link":"https:\/\/www.europesays.com\/fr\/325465\/","title":{"rendered":"Cyclisme. Troph\u00e9e Madiot &#8211; Thomas Moreau seul de bout en bout sur la Polycadets, du jamais vu"},"content":{"rendered":"<p> Lire la suite de l&rsquo;article&#13;<\/p>\n<p>\u00a0<\/p>\n<p>&#13;<br \/>\n\u00ab\u00a0Au d\u00e9but, c\u2019\u00e9tait juste pour m\u2019\u00e9chauffer&#8230;\u00a0\u00bb&#13;<\/p>\n<p>\u00ab\u00a0Au d\u00e9but, c\u2019\u00e9tait juste pour m\u2019\u00e9chauffer\u00a0\u00bb, s\u2019en est amus\u00e9 le Nantais <strong>Thomas Moreau<\/strong> qui a entrevu la possibilit\u00e9 d\u2019un succ\u00e8s vers la mi-course en apprenant qu\u2019il comptait 1\u201930\u2019\u2019 sur ses poursuivants qui proc\u00e9daient par \u00e0-coups. <strong>Enzo Kerneis<\/strong>, <strong>Matisse Bonnet<\/strong> et <strong>Oliwier Nicolas Korfel<\/strong>, qui op\u00e9rait ses d\u00e9buts sur le <strong>Troph\u00e9e Madiot-Cr\u00e9dit Mutuel<\/strong>, \u00e9taient les plus remuants mais ont fini par comprendre qu\u2019ils ne reverraient pas avant la c\u00e9r\u00e9monie protocolaire le double champion des Pays de la Loire (route et contre-la-montre). L\u2019effort solitaire a ses faveurs\u00a0: il a termin\u00e9 3e du <strong>championnat de France contre la montre<\/strong>.<\/p>\n<p>&#13;<\/p>\n<p>\u00ab\u00a0Remporter une manche du Troph\u00e9e Madiot apr\u00e8s avoir termin\u00e9 deuxi\u00e8me de la premi\u00e8re, c\u2019est \u00e9norme, je ne m\u2019y attendais pas\u00a0\u00bb, a comment\u00e9 <strong>Thomas Moreau<\/strong> dont l\u2019exploit \u2013 62km en solo \u2013 restera dans les m\u00e9moires. Il remonte \u00e0 la sixi\u00e8me place du classement g\u00e9n\u00e9ral du <strong>Troph\u00e9e Madiot-Cr\u00e9dit Mutuel<\/strong>, toujours men\u00e9 confortablement par le Nordiste <strong>Victor Devos<\/strong> avant la neuvi\u00e8me manche qui se d\u00e9roulera \u00e0 Laval (Mayenne) le 14 septembre.<\/p>\n<p>&#13;<\/p>\n<p>Le Troph\u00e9e Madiot-Cr\u00e9dit Mutuel 2025 est \u00e0 suivre sur Instagram\/tropheemadiot, Facebook\/Tropheemadiot, Twitter @tropheemadiot, la cha\u00eene YouTube du Troph\u00e9e Madiot o\u00f9 un reportage vid\u00e9o sera post\u00e9 dans la semaine.<\/p>\n<p>&#13;<\/p>\n<p>\u00a0<\/p>\n<p>&#13;<br \/>\nClassement de la Polycadets (178 partants, 129 class\u00e9s) :&#13;<\/p>\n<p>1. Thomas Moreau (UC Nantes-Atlantique), les 62,725km en 1h28\u201947\u2019\u2019<br \/>2. Enzo Kerneis (UC Briochine), \u00e0 26\u2019\u2019<br \/>3. Lancelot Pencol\u00e9 (Les Win\u2019Eure du Rouloir), m.t.<br \/>4. Jules Lefebvre Fournier (VC Roubaix-Lille M\u00e9tropole), \u00e0 30\u2019\u2019<br \/>5. Matisse Bonnet (VC La Pomme Marseille)<br \/>6. Enzo Bodet (Sud Oise), t.m.t.<br \/>7. Louis Evans (VC St-Hilaire), \u00e0 36\u2019\u2019<br \/>8. Robin Drujon (UVCA Troyes), \u00e0 1\u201905\u2019\u2019<br \/>9. Th\u00e9o Ladagnous (VC Nay)<br \/>10. Toanui Tanetoa (GSC Blagnac\/T.O.R. Tahiti)<br \/>11. Victor Devos (Flandre Elite)<br \/>12. Nathan Zamparutti (AS Villemur)<br \/>13. Ma\u00ebl Lamiraud (TC Verteillac)<br \/>14. Timoth\u00e9e Joyez (VC St-Omer)<br \/>15. Ethan Vall\u00e9e (UC Sud 53)<br \/>16. Layann Clovis (V\u00e9loce Vannes)<br \/>17. Kylan Touache Blondon (VC La Pomme Marseille)<br \/>18. Alo\u00efs Sommer (GSC Blagnac)<br \/>19. Elouan Ricou (UV Poitiers)<br \/>20. Tim\u00e9o Rou\u00e9 (VS Drennec), t.m.t.<\/p>\n<p>&#13;<\/p>\n<p>\u00a0<\/p>\n<p>&#13;<br \/>\nClassement du Troph\u00e9e Madiot-Cr\u00e9dit Mutuel 2025 apr\u00e8s huit manches :&#13;<\/p>\n<p>1. Victor Devos (Flandre Elite), 512 points<br \/>2. Layann Clovis (V\u00e9loce Vannes), 402<br \/>3. Jules Lefebvre Fournier (VC Roubaix-Lille M\u00e9tropole), 378<br \/>4. Nathan Zamparutti (AS Villemur), 344<br \/>5. Robin Drujon (UVCA Troyes), 315<br \/>6. Thomas Moreau (UC Nantes-Atlantique), 299<br \/>7. Julien Breugnot (Jura CPR), 288<br \/>8. Simon Gout (VCC Hettange), 282<br \/>9. Vivien Genter (VCC Hettange), 265\u00a0<br \/>10. Ethan Vall\u00e9e (UC Sud 53), 252<br \/>11. Enzo Kerneis (UC Briochine), 237<br \/>12. Owen Delaunay (ASPTT Ch\u00e2teauroux), 225<br \/>13. Timoth\u00e9e Joyez (VC St-Omer), 218<br \/>14. Paco Charteau (Mogette C.), 214<br \/>15. Matisse Bonnet (VC La Pomme Marseille), 213<br \/>16. Lancelot Pencol\u00e9 (Les Win\u2019Eure du Rouloir), 198<br \/>17. Pierre Riou (VS Drennec), 190<br \/>18. Noa Puntous (Comminges Bike), 184<br \/>19. Jules Varin (VC Avranches), 183<br \/>20. Simon Billet (Jura CPR), 159<\/p>\n","protected":false},"excerpt":{"rendered":"Lire la suite de l&rsquo;article&#13; \u00a0 &#13; \u00ab\u00a0Au d\u00e9but, c\u2019\u00e9tait juste pour m\u2019\u00e9chauffer&#8230;\u00a0\u00bb&#13; \u00ab\u00a0Au d\u00e9but, c\u2019\u00e9tait juste pour&hellip;\n","protected":false},"author":2,"featured_media":325466,"comment_status":"","ping_status":"","sticky":false,"template":"","format":"standard","meta":{"footnotes":""},"categories":[1411],"tags":[1154,207,211,1011,27,209,60,210,20948,212,208,213],"class_list":{"0":"post-325465","1":"post","2":"type-post","3":"status-publish","4":"format-standard","5":"has-post-thumbnail","7":"category-cyclisme","8":"tag-cycling","9":"tag-cyclisme","10":"tag-ffc","11":"tag-fr","12":"tag-france","13":"tag-route","14":"tag-sports","15":"tag-tour-de-france","16":"tag-trophee-madiot","17":"tag-uci","18":"tag-velo","19":"tag-world-tour"},"share_on_mastodon":{"url":"https:\/\/pubeurope.com\/@fr\/115045643283000423","error":""},"_links":{"self":[{"href":"https:\/\/www.europesays.com\/fr\/wp-json\/wp\/v2\/posts\/325465","targetHints":{"allow":["GET"]}}],"collection":[{"href":"https:\/\/www.europesays.com\/fr\/wp-json\/wp\/v2\/posts"}],"about":[{"href":"https:\/\/www.europesays.com\/fr\/wp-json\/wp\/v2\/types\/post"}],"author":[{"embeddable":true,"href":"https:\/\/www.europesays.com\/fr\/wp-json\/wp\/v2\/users\/2"}],"replies":[{"embeddable":true,"href":"https:\/\/www.europesays.com\/fr\/wp-json\/wp\/v2\/comments?post=325465"}],"version-history":[{"count":0,"href":"https:\/\/www.europesays.com\/fr\/wp-json\/wp\/v2\/posts\/325465\/revisions"}],"wp:featuredmedia":[{"embeddable":true,"href":"https:\/\/www.europesays.com\/fr\/wp-json\/wp\/v2\/media\/325466"}],"wp:attachment":[{"href":"https:\/\/www.europesays.com\/fr\/wp-json\/wp\/v2\/media?parent=325465"}],"wp:term":[{"taxonomy":"category","embeddable":true,"href":"https:\/\/www.europesays.com\/fr\/wp-json\/wp\/v2\/categories?post=325465"},{"taxonomy":"post_tag","embeddable":true,"href":"https:\/\/www.europesays.com\/fr\/wp-json\/wp\/v2\/tags?post=325465"}],"curies":[{"name":"wp","href":"https:\/\/api.w.org\/{rel}","templated":true}]}}