{"id":325469,"date":"2025-08-17T19:00:10","date_gmt":"2025-08-17T19:00:10","guid":{"rendered":"https:\/\/www.europesays.com\/fr\/325469\/"},"modified":"2025-08-17T19:00:10","modified_gmt":"2025-08-17T19:00:10","slug":"mort-de-terence-stamp-acteur-de-superman-et-priscilla-folle-du-desert","status":"publish","type":"post","link":"https:\/\/www.europesays.com\/fr\/325469\/","title":{"rendered":"Mort de Terence Stamp, acteur de \u00ab\u00a0Superman\u00a0\u00bb et \u00ab\u00a0Priscilla, folle du d\u00e9sert\u00a0\u00bb"},"content":{"rendered":"<p>L\u2019acteur anglais Terence Stamp, connu pour avoir jou\u00e9 dans \u00ab Superman \u00bb et \u00ab Priscilla, folle du d\u00e9sert \u00bb, est d\u00e9c\u00e9d\u00e9 dimanche \u00e0 l\u2019\u00e2ge de 87 ans, a annonc\u00e9 sa famille \u00e0 des m\u00e9dias britanniques. \u00ab Il laisse derri\u00e8re lui une \u0153uvre extraordinaire, aussi bien en tant qu\u2019acteur qu\u2019en tant qu\u2019\u00e9crivain, qui continuera \u00e0 toucher les gens pendant de nombreuses ann\u00e9es \u00bb, a \u00e9crit sa famille dans un communiqu\u00e9.<\/p>\n<p>Apr\u00e8s avoir \u00e9t\u00e9 une ic\u00f4ne des Swinging Sixties, Terence Stamp a notamment jou\u00e9 le g\u00e9n\u00e9ral Zod dans \u00ab Superman \u00bb, ainsi que dans des films de Pasolini et Ken Loach.<\/p>\n","protected":false},"excerpt":{"rendered":"L\u2019acteur anglais Terence Stamp, connu pour avoir jou\u00e9 dans \u00ab Superman \u00bb et \u00ab Priscilla, folle du d\u00e9sert&hellip;\n","protected":false},"author":2,"featured_media":325470,"comment_status":"","ping_status":"","sticky":false,"template":"","format":"standard","meta":{"footnotes":""},"categories":[1359],"tags":[11,58,765,59,1011,27,74,973],"class_list":{"0":"post-325469","1":"post","2":"type-post","3":"status-publish","4":"format-standard","5":"has-post-thumbnail","7":"category-people","8":"tag-actualites","9":"tag-divertissement","10":"tag-en-continu","11":"tag-entertainment","12":"tag-fr","13":"tag-france","14":"tag-monde","15":"tag-people"},"share_on_mastodon":{"url":"https:\/\/pubeurope.com\/@fr\/115045651099435206","error":""},"_links":{"self":[{"href":"https:\/\/www.europesays.com\/fr\/wp-json\/wp\/v2\/posts\/325469","targetHints":{"allow":["GET"]}}],"collection":[{"href":"https:\/\/www.europesays.com\/fr\/wp-json\/wp\/v2\/posts"}],"about":[{"href":"https:\/\/www.europesays.com\/fr\/wp-json\/wp\/v2\/types\/post"}],"author":[{"embeddable":true,"href":"https:\/\/www.europesays.com\/fr\/wp-json\/wp\/v2\/users\/2"}],"replies":[{"embeddable":true,"href":"https:\/\/www.europesays.com\/fr\/wp-json\/wp\/v2\/comments?post=325469"}],"version-history":[{"count":0,"href":"https:\/\/www.europesays.com\/fr\/wp-json\/wp\/v2\/posts\/325469\/revisions"}],"wp:featuredmedia":[{"embeddable":true,"href":"https:\/\/www.europesays.com\/fr\/wp-json\/wp\/v2\/media\/325470"}],"wp:attachment":[{"href":"https:\/\/www.europesays.com\/fr\/wp-json\/wp\/v2\/media?parent=325469"}],"wp:term":[{"taxonomy":"category","embeddable":true,"href":"https:\/\/www.europesays.com\/fr\/wp-json\/wp\/v2\/categories?post=325469"},{"taxonomy":"post_tag","embeddable":true,"href":"https:\/\/www.europesays.com\/fr\/wp-json\/wp\/v2\/tags?post=325469"}],"curies":[{"name":"wp","href":"https:\/\/api.w.org\/{rel}","templated":true}]}}