{"id":325475,"date":"2025-08-17T19:04:12","date_gmt":"2025-08-17T19:04:12","guid":{"rendered":"https:\/\/www.europesays.com\/fr\/325475\/"},"modified":"2025-08-17T19:04:12","modified_gmt":"2025-08-17T19:04:12","slug":"madonna-celebre-ses-67-ans-en-italie-entouree-de-ses-enfants-et-son-cheri-photos","status":"publish","type":"post","link":"https:\/\/www.europesays.com\/fr\/325475\/","title":{"rendered":"Madonna c\u00e9l\u00e8bre ses 67 ans en Italie, entour\u00e9e de ses enfants et son ch\u00e9ri (photos)"},"content":{"rendered":"<p class=\"ap-StoryElement ap-StoryElement--mb js-paywall-target ap-StoryText\">Madonna a pu compter sur la pr\u00e9sence de Lourdes, 28 ans, son a\u00een\u00e9e, n\u00e9e de ses amours avec Carlos Leon, son coach sportif, de son fils Rocco, 25 ans, fruit de son mariage avec le r\u00e9alisateur Guy Ritchie ; David Banda, 19 ans, n\u00e9 au Malawi, qu&rsquo;elle a adopt\u00e9 en 2006 ; et les jumelles Stella et Estere, 12 ans, adopt\u00e9es en 2017. Seule manquait \u00e0 l&rsquo;appel Merci, 19 ans, \u00e9galement adopt\u00e9e au Malawi. Avec eux \u00e9galement : Akeem Morris, le discret compagnon de Madonna, qu&rsquo;elle fr\u00e9quente depuis une date (encore) ind\u00e9termin\u00e9e.<\/p>\n<p><a href=\"https:\/\/www.parismatch.be\/culture\/musique\/2025\/08\/13\/madonna-prie-le-pape-leon-xiv-de-se-rendre-a-gaza-vous-etes-le-seul-a-qui-lon-ne-peut-refuser-lentree-NPNRKXIZINDRNM4EVDEVQOJSO4\/\" target=\"_blank\" rel=\"noopener noreferrer\" class=\"ap-StoryInterstitialLink ap-StoryElement ap-StoryElement--mb\">Madonna prie le pape L\u00e9on XIV de se rendre \u00e0 Gaza : \u00ab\u00a0Vous \u00eates le seul \u00e0 qui l&rsquo;on ne peut refuser l&rsquo;entr\u00e9e\u00a0\u00bb<\/a>Avec Akeem Morris, pour Madonna c&rsquo;est la \u00ab\u00a0dolce vita\u00a0\u00bb<\/p>\n<p class=\"ap-StoryElement ap-StoryElement--mb ap-StoryText\">La premi\u00e8re fois que Madonna et Akeem Morris ont \u00e9t\u00e9 li\u00e9s, c&rsquo;est en 2022 : ils posaient ensemble sur la couverture du magazine Paper, s&#8217;embrassant \u00e0 pleine bouche. Mise en sc\u00e8ne artistique ou vrai baiser ? Ce n&rsquo;est qu&rsquo;\u00e0 l&rsquo;\u00e9t\u00e9 2024 que leur romance s&rsquo;est confirm\u00e9e, quand ils sont apparus main dans la main lors de leurs vacances en Italie. \u00c2g\u00e9 de 29 ans \u2013 soit 38 ans de moins que la chanteuse -, Akeem Morris est d&rsquo;origine jama\u00efcaine. Apr\u00e8s ses \u00e9tudes \u00e0 l&rsquo;universit\u00e9 Stony Brook, \u00e0 New York, il a \u00e9t\u00e9 footballeur dans le club am\u00e9ricain d&rsquo;Oyster Bay United FC. Il est d\u00e9sormais entra\u00eeneur.<\/p>\n<p><a href=\"https:\/\/www.parismatch.be\/culture\/musique\/2025\/07\/25\/madonna-vient-de-devoiler-un-album-quelle-a-enregistre-il-y-a-25-ans-NOYA6WRNERFNNGOYHC7AFTFCCI\/\" target=\"_blank\" rel=\"noopener noreferrer\" class=\"ap-StoryInterstitialLink ap-StoryElement ap-StoryElement--mb\">Madonna vient de d\u00e9voiler un album qu&rsquo;elle a enregistr\u00e9 il y a 25 ans<\/a><img loading=\"lazy\" decoding=\"async\" class=\"w-full lazyload lazyload--opacity\" style=\"aspect-ratio:151 \/ 100;opacity:1\" alt=\"Madonna avec sa fille Lourdes et ses jumelles Stella et Estere assistent \u00e0 la course de chevaux Palio di Siena, \u00e0 la Piazza del Campo, \u00e0 Sienne, en Italie, samedi 16 ao\u00fbt 2025.\" width=\"768\" height=\"509\" fetchpriority=\"auto\" src=\"https:\/\/www.europesays.com\/fr\/wp-content\/uploads\/2025\/04\/1743933249_335_S5VKD3X55FFF3BW6V4SEHXNP7I.png\"  data- data-optimumx=\"1\"\/>Madonna avec sa fille Lourdes et ses jumelles Stella et Estere assistent \u00e0 la course de chevaux Palio di Siena, \u00e0 la Piazza del Campo, \u00e0 Sienne, en Italie, samedi 16 ao\u00fbt 2025. \u00a9Papixs Press \/ ABACA<img loading=\"lazy\" decoding=\"async\" class=\"w-full lazyload lazyload--opacity\" style=\"aspect-ratio:152 \/ 100;opacity:1\" alt=\"JR avec les enfants de Madonna, Lourdes et David Banda, assistent \u00e0 la course de chevaux Palio di Siena, \u00e0 la Piazza del Campo, \u00e0 Sienne, en Italie, samedi 16 ao\u00fbt 2025.\" width=\"768\" height=\"505\" fetchpriority=\"auto\" src=\"https:\/\/www.europesays.com\/fr\/wp-content\/uploads\/2025\/04\/1743933249_335_S5VKD3X55FFF3BW6V4SEHXNP7I.png\"  data- data-optimumx=\"1\"\/>JR avec les enfants de Madonna, Lourdes et David Banda, assistent \u00e0 la course de chevaux Palio di Siena, \u00e0 la Piazza del Campo, \u00e0 Sienne, en Italie, samedi 16 ao\u00fbt 2025. \u00a9Papixs Press \/ ABACA<img loading=\"lazy\" decoding=\"async\" class=\"w-full lazyload lazyload--opacity\" style=\"aspect-ratio:151 \/ 100;opacity:1\" alt=\"Madonna avec ses jumelles Stella et Estere assistent \u00e0 la course de chevaux Palio di Siena, \u00e0 la Piazza del Campo, \u00e0 Sienne, en Italie, samedi 16 ao\u00fbt 2025.\" width=\"768\" height=\"509\" fetchpriority=\"auto\" src=\"https:\/\/www.europesays.com\/fr\/wp-content\/uploads\/2025\/04\/1743933249_335_S5VKD3X55FFF3BW6V4SEHXNP7I.png\"  data- data-optimumx=\"1\"\/>Madonna avec ses jumelles Stella et Estere assistent \u00e0 la course de chevaux Palio di Siena, \u00e0 la Piazza del Campo, \u00e0 Sienne, en Italie, samedi 16 ao\u00fbt 2025. \u00a9Papixs Press \/ ABACA<img loading=\"lazy\" decoding=\"async\" class=\"w-full lazyload lazyload--opacity\" style=\"aspect-ratio:152 \/ 100;opacity:1\" alt=\"Madonna avec ses jumelles Stella et Estere assistent \u00e0 la course de chevaux Palio di Siena, \u00e0 la Piazza del Campo, \u00e0 Sienne, en Italie, samedi 16 ao\u00fbt 2025.\" width=\"768\" height=\"504\" fetchpriority=\"auto\" src=\"https:\/\/www.europesays.com\/fr\/wp-content\/uploads\/2025\/04\/1743933249_335_S5VKD3X55FFF3BW6V4SEHXNP7I.png\"  data- data-optimumx=\"1\"\/>Madonna avec ses jumelles Stella et Estere assistent \u00e0 la course de chevaux Palio di Siena, \u00e0 la Piazza del Campo, \u00e0 Sienne, en Italie, samedi 16 ao\u00fbt 2025. \u00a9Papixs Press \/ ABACA<img loading=\"lazy\" decoding=\"async\" class=\"w-full lazyload lazyload--opacity\" style=\"aspect-ratio:151 \/ 100;opacity:1\" alt=\"Madonna avec son compagnon Akeem Morris, son fils Rocco John Ritchie et ses jumelles Stella et Estere assistent \u00e0 la course de chevaux Palio di Siena, \u00e0 la Piazza del Campo, \u00e0 Sienne, en Italie, samedi 16 ao\u00fbt 2025.\" width=\"768\" height=\"509\" fetchpriority=\"auto\" src=\"https:\/\/www.europesays.com\/fr\/wp-content\/uploads\/2025\/04\/1743933249_335_S5VKD3X55FFF3BW6V4SEHXNP7I.png\"  data- data-optimumx=\"1\"\/>Madonna avec son compagnon Akeem Morris, son fils Rocco John Ritchie et ses jumelles Stella et Estere assistent \u00e0 la course de chevaux Palio di Siena, \u00e0 la Piazza del Campo, \u00e0 Sienne, en Italie, samedi 16 ao\u00fbt 2025. \u00a9Papixs Press \/ ABACA<\/p>\n","protected":false},"excerpt":{"rendered":"Madonna a pu compter sur la pr\u00e9sence de Lourdes, 28 ans, son a\u00een\u00e9e, n\u00e9e de ses amours avec&hellip;\n","protected":false},"author":2,"featured_media":325476,"comment_status":"","ping_status":"","sticky":false,"template":"","format":"standard","meta":{"footnotes":""},"categories":[1355],"tags":[3581,46245,58,1719,59,1011,27,452,6239,1361,873],"class_list":{"0":"post-325475","1":"post","2":"type-post","3":"status-publish","4":"format-standard","5":"has-post-thumbnail","7":"category-musique","8":"tag-anniversaire","9":"tag-cheri","10":"tag-divertissement","11":"tag-enfants","12":"tag-entertainment","13":"tag-fr","14":"tag-france","15":"tag-italie","16":"tag-madonna","17":"tag-music","18":"tag-musique"},"share_on_mastodon":{"url":"https:\/\/pubeurope.com\/@fr\/115045667137072145","error":""},"_links":{"self":[{"href":"https:\/\/www.europesays.com\/fr\/wp-json\/wp\/v2\/posts\/325475","targetHints":{"allow":["GET"]}}],"collection":[{"href":"https:\/\/www.europesays.com\/fr\/wp-json\/wp\/v2\/posts"}],"about":[{"href":"https:\/\/www.europesays.com\/fr\/wp-json\/wp\/v2\/types\/post"}],"author":[{"embeddable":true,"href":"https:\/\/www.europesays.com\/fr\/wp-json\/wp\/v2\/users\/2"}],"replies":[{"embeddable":true,"href":"https:\/\/www.europesays.com\/fr\/wp-json\/wp\/v2\/comments?post=325475"}],"version-history":[{"count":0,"href":"https:\/\/www.europesays.com\/fr\/wp-json\/wp\/v2\/posts\/325475\/revisions"}],"wp:featuredmedia":[{"embeddable":true,"href":"https:\/\/www.europesays.com\/fr\/wp-json\/wp\/v2\/media\/325476"}],"wp:attachment":[{"href":"https:\/\/www.europesays.com\/fr\/wp-json\/wp\/v2\/media?parent=325475"}],"wp:term":[{"taxonomy":"category","embeddable":true,"href":"https:\/\/www.europesays.com\/fr\/wp-json\/wp\/v2\/categories?post=325475"},{"taxonomy":"post_tag","embeddable":true,"href":"https:\/\/www.europesays.com\/fr\/wp-json\/wp\/v2\/tags?post=325475"}],"curies":[{"name":"wp","href":"https:\/\/api.w.org\/{rel}","templated":true}]}}