{"id":325477,"date":"2025-08-17T19:05:22","date_gmt":"2025-08-17T19:05:22","guid":{"rendered":"https:\/\/www.europesays.com\/fr\/325477\/"},"modified":"2025-08-17T19:05:22","modified_gmt":"2025-08-17T19:05:22","slug":"tu-preferes-vivre-dans-lunivers-de-mercredi-ou-harry-potter","status":"publish","type":"post","link":"https:\/\/www.europesays.com\/fr\/325477\/","title":{"rendered":"tu pr\u00e9f\u00e8res vivre dans l&rsquo;univers de Mercredi ou Harry Potter ?"},"content":{"rendered":"<p><p><a href=\"https:\/\/www.serieously.com\" rel=\"nofollow noopener\" target=\"_blank\">Accueil<\/a> &gt; <a href=\"https:\/\/www.serieously.com\/quiz\/\" rel=\"nofollow noopener\" target=\"_blank\">Quiz<\/a> &gt; Sondage : tu pr\u00e9f\u00e8res vivre dans l\u2019univers de Mercredi ou Harry Potter ?<\/p>\n<\/p>\n<p class=\"o-article__published-by o-article__bullets\">\n            Publi\u00e9 le<br \/>\n                        17 ao\u00fbt 2025 \u00e0 12 h 30<\/p>\n<p>             Par<br \/>\n                <a href=\"https:\/\/www.serieously.com\/author\/alexis\/\" rel=\"nofollow noopener\" target=\"_blank\">Alexis<br \/>\n                    Savona<\/a><\/p>\n<p><strong>Tu adores les univers de Mercredi et d\u2019Harry Potter ? \u00c7a tombe bien puisque dans ce sondage, on te demande dans lequel tu r\u00eaverais de vivre.<\/strong><\/p>\n<p>\t\t\t<img decoding=\"async\" src=\"https:\/\/www.europesays.com\/fr\/wp-content\/uploads\/2025\/08\/1755457522_287_alexis-savona-serieously.jpg\" alt=\"Alexis Savona\" width=\"70\" height=\"70\" loading=\"lazy\"\/><\/p>\n<p class=\"m-user__name\">Alexis Savona<\/p>\n<p class=\"m-user__job\">R\u00e9dacteur en chef adjoint <\/p>\n<p class=\"m-user__description\">R\u00e9dacteur en chef adjoint chez Serieously, je suis un tr\u00e8s grand fan de films et s\u00e9ries depuis mon plus jeune \u00e2ge. J&rsquo;ai grandi avec Retour Vers le Futur, qui est aujourd&rsquo;hui mon film pr\u00e9f\u00e9r\u00e9, mais aussi les Disney et Jumanji. Je voue aussi une grande passion pour How I Met Your Mother.<\/p>\n<p>\n\t\t\t\t\t\t\t\t\t\t\t\t@alexisanovas<br \/>\n\t\t\t\t\t\t\t\t\t\t\t\t\t\t\t\t\t\t\tContacter<br \/>\n\t\t\t\t\t\tAlexis\n\t\t\t\t\t\t\t\t\t<\/p>\n<p>Lundi&rsquo;spensable<\/p>\n<p class=\"mt-4 mb-4 text-xl text-center\">Le meilleur de <\/p>\n<p> dans ta boite mail<\/p>\n","protected":false},"excerpt":{"rendered":"Accueil &gt; Quiz &gt; Sondage : tu pr\u00e9f\u00e8res vivre dans l\u2019univers de Mercredi ou Harry Potter ? Publi\u00e9&hellip;\n","protected":false},"author":2,"featured_media":325478,"comment_status":"","ping_status":"","sticky":false,"template":"","format":"standard","meta":{"footnotes":""},"categories":[1354],"tags":[58,59,1346,1011,27,1360],"class_list":{"0":"post-325477","1":"post","2":"type-post","3":"status-publish","4":"format-standard","5":"has-post-thumbnail","7":"category-films","8":"tag-divertissement","9":"tag-entertainment","10":"tag-films","11":"tag-fr","12":"tag-france","13":"tag-movies"},"share_on_mastodon":{"url":"https:\/\/pubeurope.com\/@fr\/115045670868197810","error":""},"_links":{"self":[{"href":"https:\/\/www.europesays.com\/fr\/wp-json\/wp\/v2\/posts\/325477","targetHints":{"allow":["GET"]}}],"collection":[{"href":"https:\/\/www.europesays.com\/fr\/wp-json\/wp\/v2\/posts"}],"about":[{"href":"https:\/\/www.europesays.com\/fr\/wp-json\/wp\/v2\/types\/post"}],"author":[{"embeddable":true,"href":"https:\/\/www.europesays.com\/fr\/wp-json\/wp\/v2\/users\/2"}],"replies":[{"embeddable":true,"href":"https:\/\/www.europesays.com\/fr\/wp-json\/wp\/v2\/comments?post=325477"}],"version-history":[{"count":0,"href":"https:\/\/www.europesays.com\/fr\/wp-json\/wp\/v2\/posts\/325477\/revisions"}],"wp:featuredmedia":[{"embeddable":true,"href":"https:\/\/www.europesays.com\/fr\/wp-json\/wp\/v2\/media\/325478"}],"wp:attachment":[{"href":"https:\/\/www.europesays.com\/fr\/wp-json\/wp\/v2\/media?parent=325477"}],"wp:term":[{"taxonomy":"category","embeddable":true,"href":"https:\/\/www.europesays.com\/fr\/wp-json\/wp\/v2\/categories?post=325477"},{"taxonomy":"post_tag","embeddable":true,"href":"https:\/\/www.europesays.com\/fr\/wp-json\/wp\/v2\/tags?post=325477"}],"curies":[{"name":"wp","href":"https:\/\/api.w.org\/{rel}","templated":true}]}}