{"id":325479,"date":"2025-08-17T19:06:14","date_gmt":"2025-08-17T19:06:14","guid":{"rendered":"https:\/\/www.europesays.com\/fr\/325479\/"},"modified":"2025-08-17T19:06:14","modified_gmt":"2025-08-17T19:06:14","slug":"vous-etes-en-permanence-epuise-cette-decouverte-scientifique-eclaire-le-syndrome-de-fatigue-chronique","status":"publish","type":"post","link":"https:\/\/www.europesays.com\/fr\/325479\/","title":{"rendered":"Vous \u00eates en permanence \u00e9puis\u00e9 ? Cette d\u00e9couverte scientifique \u00e9claire le syndrome de fatigue chronique"},"content":{"rendered":"<p>            Par<br \/>\n        <strong><br \/>\n            <a href=\"https:\/\/actu.fr\/auteur\/redaction-actu\" title=\"Consulter tous les articles de R\u00e9daction Actu\" rel=\"nofollow noopener\" target=\"_blank\">R\u00e9daction Actu<\/a><br \/>\n        <\/strong><\/p>\n<p>        Publi\u00e9 le<\/p>\n<p>            16 ao\u00fbt 2025 \u00e0 6h02        <\/p>\n<p>Imaginez une fatigue inhabituelle qu\u2019aucune batterie de tests n\u2019a pu expliquer. Au point que l\u2019on finit par croire que \u00ab c\u2019est dans la t\u00eate \u00bb. C\u2019est le quotidien des patients souffrant d\u2019enc\u00e9phalomy\u00e9lite myalgique, plus connue sous le nom de <strong>syndrome de fatigue chronique<\/strong>.<\/p>\n<p class=\" wall-content\">Si les causes de ce mal, qui <strong>toucherait 250 000 personnes en France<\/strong>, restent mal connues (une infection, un stress important\u2026), des chercheurs de l\u2019Universit\u00e9 d\u2019Edimbourg, en \u00c9cosse, avancent une origine g\u00e9n\u00e9tique. Une d\u00e9couverte des plus importantes dans la mesure o\u00f9 il n\u2019existe actuellement ni test diagnostique, ni traitement curatif.<\/p>\n<p>Huit g\u00e8nes impliqu\u00e9s<\/p>\n<p class=\" wall-content\">Pour leur travail, les scientifiques ont analys\u00e9 15 579 \u00e9chantillons d\u2019ADN parmi les 27 000 personnes touch\u00e9es par ce syndrome et participant au projet DecodeME, la plus grande base de donn\u00e9es mondiale sur cette maladie.<\/p>\n<p class=\" wall-content\">Ils ont alors identifi\u00e9 huit marqueurs g\u00e9n\u00e9tiques distincts chez les personnes atteintes de cette pathologie, par rapport \u00e0 celles qui n\u2019en souffrent pas. Ces diff\u00e9rences, aussi appel\u00e9es \u00ab\u00a0signaux g\u00e9n\u00e9tiques\u00a0\u00bb, sont li\u00e9es aux syst\u00e8mes immunitaire et nerveux.<\/p>\n<p class=\" wall-content\">Au moins deux de ces signaux sont li\u00e9s \u00e0 la fa\u00e7on dont le corps r\u00e9agit \u00e0 une infection, ce qui fait \u00e9cho aux t\u00e9moignages de patients selon lesquels les sympt\u00f4mes commencent souvent apr\u00e8s une maladie.<\/p>\n<p>Des perspectives prometteuses<\/p>\n<p class=\" wall-content\">L\u2019ADN d\u2019une personne ne changeant pas au cours du temps, les experts affirment que ces signaux g\u00e9n\u00e9tiques refl\u00e8tent donc probablement les causes de la <a href=\"https:\/\/actu.fr\/tag\/maladie\" rel=\"nofollow noopener\" target=\"_blank\">maladie<\/a>.<\/p>\n<p class=\" wall-content\">Bien que ces d\u00e9couvertes ne soient pas encore pr\u00eates \u00e0 influencer le traitement ou le diagnostic, elles offrent des indices essentiels sur les origines de la maladie et pourraient guider le d\u00e9veloppement futur de m\u00e9dicaments.<\/p>\n<p class=\" wall-content\"><strong>Avec Destination Sant\u00e9<\/strong><\/p>\n<p class=\" wall-content\">Suivez toute l\u2019actualit\u00e9 de vos villes et m\u00e9dias favoris en vous inscrivant \u00e0 <a href=\"https:\/\/moncompte.actu.fr\" title=\"D\u00e9couvez Mon Actu\" rel=\"nofollow noopener\" data-trk=\"{&quot;cta&quot;:{&quot;action&quot;:&quot;https:\\\/\\\/moncompte.actu.fr&quot;,&quot;category&quot;:&quot;mon compte&quot;,&quot;from&quot;:&quot;article footer&quot;,&quot;name&quot;:&quot;Mon actu&quot;,&quot;type&quot;:&quot;cta&quot;}}\" target=\"_blank\">Mon Actu<\/a>.<\/p>\n","protected":false},"excerpt":{"rendered":"Par R\u00e9daction Actu Publi\u00e9 le 16 ao\u00fbt 2025 \u00e0 6h02 Imaginez une fatigue inhabituelle qu\u2019aucune batterie de tests&hellip;\n","protected":false},"author":2,"featured_media":325480,"comment_status":"","ping_status":"","sticky":false,"template":"","format":"standard","meta":{"footnotes":""},"categories":[10],"tags":[1011,27,72,71,104],"class_list":{"0":"post-325479","1":"post","2":"type-post","3":"status-publish","4":"format-standard","5":"has-post-thumbnail","7":"category-sante","8":"tag-fr","9":"tag-france","10":"tag-health","11":"tag-sante","12":"tag-societe"},"share_on_mastodon":{"url":"https:\/\/pubeurope.com\/@fr\/115045674789113354","error":""},"_links":{"self":[{"href":"https:\/\/www.europesays.com\/fr\/wp-json\/wp\/v2\/posts\/325479","targetHints":{"allow":["GET"]}}],"collection":[{"href":"https:\/\/www.europesays.com\/fr\/wp-json\/wp\/v2\/posts"}],"about":[{"href":"https:\/\/www.europesays.com\/fr\/wp-json\/wp\/v2\/types\/post"}],"author":[{"embeddable":true,"href":"https:\/\/www.europesays.com\/fr\/wp-json\/wp\/v2\/users\/2"}],"replies":[{"embeddable":true,"href":"https:\/\/www.europesays.com\/fr\/wp-json\/wp\/v2\/comments?post=325479"}],"version-history":[{"count":0,"href":"https:\/\/www.europesays.com\/fr\/wp-json\/wp\/v2\/posts\/325479\/revisions"}],"wp:featuredmedia":[{"embeddable":true,"href":"https:\/\/www.europesays.com\/fr\/wp-json\/wp\/v2\/media\/325480"}],"wp:attachment":[{"href":"https:\/\/www.europesays.com\/fr\/wp-json\/wp\/v2\/media?parent=325479"}],"wp:term":[{"taxonomy":"category","embeddable":true,"href":"https:\/\/www.europesays.com\/fr\/wp-json\/wp\/v2\/categories?post=325479"},{"taxonomy":"post_tag","embeddable":true,"href":"https:\/\/www.europesays.com\/fr\/wp-json\/wp\/v2\/tags?post=325479"}],"curies":[{"name":"wp","href":"https:\/\/api.w.org\/{rel}","templated":true}]}}