{"id":325492,"date":"2025-08-17T19:13:12","date_gmt":"2025-08-17T19:13:12","guid":{"rendered":"https:\/\/www.europesays.com\/fr\/325492\/"},"modified":"2025-08-17T19:13:12","modified_gmt":"2025-08-17T19:13:12","slug":"paris-monopolise-le-ballon-avec-son-equipe-b-nantes-attend-son-heure","status":"publish","type":"post","link":"https:\/\/www.europesays.com\/fr\/325492\/","title":{"rendered":"Paris monopolise le ballon avec son \u00e9quipe B, Nantes attend son heure"},"content":{"rendered":"<p>L&rsquo;ami (Jacques) Tati c&rsquo;est pas un po\u00e8te \u00e0 la r\u00e9alisation<\/p>\n<p>Que des mines \u00e0 50 m\u00e8tres d\u00e9s que le ballon arrive dans sa zone, \u00e7a d\u00e9barasse mais \u00e7a permet pas de construire grand-chose<\/p>\n<p class=\"font-weight-semi-bold@xs font-source-serif-pro text-xl@xs\">22e:<\/p>\n<p><img loading=\"lazy\" decoding=\"async\" alt=\"commun-ennuie\" src=\"https:\/\/www.europesays.com\/fr\/wp-content\/uploads\/2025\/08\/b46510fa-96a6-47d2-a889-41b9f28bc679.png\" width=\"32\" height=\"32\"\/>Est-ce qu&rsquo;on commencerait pas \u00e0 s&#8217;emmerder tout doucettement ?<\/p>\n<p>Tout \u00e0 fait. Ca me donne envie d&rsquo;\u00eatre interpr\u00e8te pour Vladimir Poutine (je d\u00e9conne)<\/p>\n<p>Pas sur ce match qu&rsquo;on va se faire un avis sur Zabarnyi<\/p>\n<p>La d\u00e9fense parisienne joue dans un fauteuil pour le moment. Un contre est vite arriv\u00e9, vous me direz, mais encore faudrait-il passer le milieu de terrain<\/p>\n<p class=\"font-weight-semi-bold@xs font-source-serif-pro text-xl@xs\">15e:<\/p>\n<p><img loading=\"lazy\" decoding=\"async\" alt=\"commun-statistiques\" src=\"https:\/\/www.europesays.com\/fr\/wp-content\/uploads\/2025\/08\/00ffcc8b-b7f4-49d0-a15a-214ec68b2325.png\" width=\"32\" height=\"32\"\/>77% de possession de balle pour le PSG<\/p>\n<p>On est dens des proportions qu&rsquo;on pouvait imaginer avant le coup d&rsquo;envoi. A voir si Nantes peut r\u00e9sister longtemps en voyageant \u00e0 vide, sachant que Demb\u00e9l\u00e9, Dou\u00e9 ou Kvara piaffent sur le banc de touche&#8230;<\/p>\n<p>Ouverture d\u00e9licieuse de Vitinha en direction de Mbaye<\/p>\n<p>Le titi parisien n&rsquo;appuie pas assez son centre mais la domination parisienne se pr\u00e9cise, avec des r\u00e9cup\u00e9rations tr\u00e8\u00e8\u00e8\u00e8\u00e8\u00e8\u00e8\u00e8\u00e8s hautes dans les 30 m\u00e8tres adverses<\/p>\n<p>Nantes se replie en 4-4-1 sans le ballon, laissant Mohamed seul sur l&rsquo;\u00eele Juan Fernandez<\/p>\n<p>Les lecteurs de Daniel Defoe auront la r\u00e9f\u00e9rence<\/p>\n<p>Popopo le premier changement d&rsquo;aile de Zabarnyi<\/p>\n<p>60 m\u00e8tres et c&rsquo;est dans les pieds de Barcola. Je donnerais cher pour avoir cette puissance dans les gambettes, m\u00eame si \u00e7a sert \u00e0 rien au five d&rsquo;Aubervilliers. D\u00e9but de match \u00e9quilibr\u00e9, Nantes n&rsquo;\u00e9hsite pas \u00e8 presser franco<\/p>\n<p>Le PSG en maillot rouge. J&rsquo;aime beaucoup<\/p>\n<p>Tout comme le short vert des nantais. Ca rappelera aux plus anciens l&rsquo;\u00e9poque Marcel Saupin avec Vahid en num\u00e9ro 10<\/p>\n<p>Nous y voil\u00e0, apr\u00e8s environ deux heures de publicit\u00e9<\/p>\n<p>Javier Pastore et Guillaume Hoarau au micro, n ne peut pas dire que le PSG manquera de supporteurs. En revanche, sympa la causerie dans le vestiaire du FC Nantes. \u00ab Sur un match on peut aller les chercher, personne ne baisse la t\u00eate \u00bb. <\/p>\n<p>La question \u00e0 100.000 dollars <\/p>\n<p>Est-ce que Ligue 1 + va marcher via DAZN chez moi ? Il semblerait mais je voudrais pas trop me mouiller non plus. Pour l&rsquo;instant j&rsquo;ai droit \u00e0 de la pub<\/p>\n<p>Sachez enfin que Waldemar Kita, jamais trop serviable, a pr\u00e9vu une surprise pour honorer le PSG<\/p>\n<p> \u00abIl ne faut pas \u00eatre jaloux mais fier de sa r\u00e9ussite, a expliqu\u00e9 le pr\u00e9sident PSG dans le JDD. Je pr\u00e9pare d\u2019ailleurs aux Parisiens une petite surprise avant le match. J\u2019esp\u00e8re qu\u2019ils l\u2019appr\u00e9cieront. Les champions doivent \u00eatre honor\u00e9s.\u202f\u00bb Attention Waldemar il t&rsquo;en reste un peu au coin de la bouche<\/p>\n<p>Du c\u00f4t\u00e9 du FC Nantes ? Un onze qui a de la gueule, franchement<\/p>\n<p>Au vu du budget, s&rsquo;entend. Pas d&rsquo;Abline, mais un milieu solide et deux attaquants qui ont tout pour pourrir la vie de cette d\u00e9fense parisienne new-look (0-3 au bout de 20 minutes mdr)<\/p>\n<p>Lopes-Amian-Awaziem-Tati-Cozza-Benhattab-Lepenant-Kwon-Leroux-Mohamed-Guirassy<\/p>\n<p>Allez on se met en place avec la compo parisienne, \u00e0 tout seigneur, tout honneur<\/p>\n<p>Une \u00e9quipe exp\u00e9rimentale, notamment en d\u00e9fense, o\u00f9 on assistera aux d\u00e9buts de l&rsquo;Ukrainien Zabarnyi, \u00e0 qui on souhaite bien du courage. C&rsquo;est d\u00e9j\u00e0 plus propre au milieu et en attaque, m\u00eame si l\u00e0 aussi, Lucho fait largement tourner<\/p>\n<p>Chevalier &#8211; Za\u00efre-Emery-Zabarnyi-Beraldo-hernandez-Ruiz-Vitinha-Lee-Mbaye-Ramos-Barcola<\/p>\n<p>Salut mes minutos fans du PSG (ou des Nantais)<\/p>\n<p>On a l\u2019impression qu\u2019ils n\u2019ont jamais pris de vacances, et c\u2019est un peu le cas. Les joueurs parisiens sont d\u00e9j\u00e0 de retour pour d\u00e9fendre leur titre en Ligue 1, quelques jours apr\u00e8s leur victoire en Supercoupe d\u2019Europe. Cela ne devrait pas faire un pli \u00e0 la longue, mais ce PSG ne sera certainement jamais aussi vuln\u00e9rable qu\u2019en cette fin d\u2019\u00e9t\u00e9, le temps de refaire les niveaux. On compte donc sur le FC Nantes de l\u2019emballant Luis Castro pour jouer le champion d\u2019Europe les yeux dans les yeux au moins le temps d\u2019une soir\u00e9e.<\/p>\n","protected":false},"excerpt":{"rendered":"L&rsquo;ami (Jacques) Tati c&rsquo;est pas un po\u00e8te \u00e0 la r\u00e9alisation Que des mines \u00e0 50 m\u00e8tres d\u00e9s que&hellip;\n","protected":false},"author":2,"featured_media":325493,"comment_status":"","ping_status":"","sticky":false,"template":"","format":"standard","meta":{"footnotes":""},"categories":[2],"tags":[11,9707,1640,462,63,1011,27,66,921,12,2782,2332,517,30694],"class_list":{"0":"post-325492","1":"post","2":"type-post","3":"status-publish","4":"format-standard","5":"has-post-thumbnail","7":"category-actualites","8":"tag-actualites","9":"tag-bradley-barcola","10":"tag-desire-doue","11":"tag-fc-nantes","12":"tag-football","13":"tag-fr","14":"tag-france","15":"tag-ligue-1","16":"tag-luis-enrique","17":"tag-news","18":"tag-ousmane-dembele","19":"tag-paris-saint-germain-psg","20":"tag-sport","21":"tag-waldemar-kita"},"share_on_mastodon":{"url":"https:\/\/pubeurope.com\/@fr\/115045702257303332","error":""},"_links":{"self":[{"href":"https:\/\/www.europesays.com\/fr\/wp-json\/wp\/v2\/posts\/325492","targetHints":{"allow":["GET"]}}],"collection":[{"href":"https:\/\/www.europesays.com\/fr\/wp-json\/wp\/v2\/posts"}],"about":[{"href":"https:\/\/www.europesays.com\/fr\/wp-json\/wp\/v2\/types\/post"}],"author":[{"embeddable":true,"href":"https:\/\/www.europesays.com\/fr\/wp-json\/wp\/v2\/users\/2"}],"replies":[{"embeddable":true,"href":"https:\/\/www.europesays.com\/fr\/wp-json\/wp\/v2\/comments?post=325492"}],"version-history":[{"count":0,"href":"https:\/\/www.europesays.com\/fr\/wp-json\/wp\/v2\/posts\/325492\/revisions"}],"wp:featuredmedia":[{"embeddable":true,"href":"https:\/\/www.europesays.com\/fr\/wp-json\/wp\/v2\/media\/325493"}],"wp:attachment":[{"href":"https:\/\/www.europesays.com\/fr\/wp-json\/wp\/v2\/media?parent=325492"}],"wp:term":[{"taxonomy":"category","embeddable":true,"href":"https:\/\/www.europesays.com\/fr\/wp-json\/wp\/v2\/categories?post=325492"},{"taxonomy":"post_tag","embeddable":true,"href":"https:\/\/www.europesays.com\/fr\/wp-json\/wp\/v2\/tags?post=325492"}],"curies":[{"name":"wp","href":"https:\/\/api.w.org\/{rel}","templated":true}]}}