{"id":325497,"date":"2025-08-17T19:16:32","date_gmt":"2025-08-17T19:16:32","guid":{"rendered":"https:\/\/www.europesays.com\/fr\/325497\/"},"modified":"2025-08-17T19:16:32","modified_gmt":"2025-08-17T19:16:32","slug":"meurthe-et-moselle-voyage-au-coeur-de-nancy-dans-liconique-petit-train-touristique","status":"publish","type":"post","link":"https:\/\/www.europesays.com\/fr\/325497\/","title":{"rendered":"Meurthe-et-Moselle. Voyage au c\u0153ur de Nancy dans l\u2019iconique petit train touristique"},"content":{"rendered":"<p>Impossible de ne pas l\u2019apercevoir si vous vous promenez dans le centre-ville nanc\u00e9ien. Le petit train touristique, en place depuis 30 ans, propose aux touristes un petit road trip autour des monuments de la ville. De par son succ\u00e8s, il appartient lui aussi, d\u2019une certaine mani\u00e8re, au patrimoine historique de Nancy.<\/p>\n<p>  45 minutes instructives<\/p>\n<p>Top d\u00e9part sur la <a href=\"https:\/\/www.estrepublicain.fr\/p\/place-stanislas\" target=\"_blank\" rel=\"noopener\">place Stanislas<\/a>. Il suffit de s\u2019y rendre toutes les heures pleines (sauf \u00e0 13\u00a0h) pour monter \u00e0 bord des trois wagons. Durant les journ\u00e9es ensoleill\u00e9es, ils peuvent \u00eatre pleins \u00e0 craquer, la capacit\u00e9 d\u2019accueil \u00e9tant de 60 places. \u00c0 bord, un audioguide vous permettra de tout comprendre sur la capitale de la Lorraine.<\/p>\n<p>Sur l\u2019ancienne place royale, vous avez droit \u00e0 une explication des b\u00e2timents qui enveloppent ces pav\u00e9s, autrefois autoris\u00e9s \u00e0 la circulation. Le v\u00e9hicule qui vous transporte est donc l\u2019un des rares \u00e0 \u00eatre habilit\u00e9 pour circuler \u00e0 cet endroit, ce qui fait de vous des privil\u00e9gi\u00e9s\u00a0!<\/p>\n<p>Votre visite s\u2019entame au pied de <a href=\"https:\/\/www.estrepublicain.fr\/culture-loisirs\/2025\/05\/22\/l-opera-national-de-nancy-lorraine-a-presente-son-nouveau-programme-mais-le-courage\" target=\"_blank\" rel=\"noopener\">l\u2019Op\u00e9ra th\u00e9\u00e2tre<\/a>. Au d\u00e9part, il \u00e9tait install\u00e9 \u00e0 l\u2019emplacement de l\u2019actuel Mus\u00e9e des beaux-arts, situ\u00e9 juste en face. Mais un <a href=\"https:\/\/www.estrepublicain.fr\/culture-loisirs\/2024\/01\/17\/savez-vous-quelle-polemique-a-precede-la-construction-de-l-opera-de-nancy-actuel\" target=\"_blank\" rel=\"noopener\">incendie a provoqu\u00e9 son d\u00e9m\u00e9nagement au d\u00e9but du XX e \u00a0si\u00e8cle<\/a>. Aujourd\u2019hui, cette salle de spectacle peut accueillir jusqu\u2019\u00e0 1\u00a0000 personnes.<\/p>\n<p>Ce contenu est bloqu\u00e9 car vous n&rsquo;avez pas accept\u00e9 les cookies et autres traceurs.<\/p>\n<p>En cliquant sur \u00ab J\u2019accepte \u00bb, les cookies et autres traceurs seront d\u00e9pos\u00e9s et vous pourrez visualiser les contenus  (<a href=\"\" class=\"consentModule_policy\" target=\"_blank\" title=\"Consulter la politique de protection des donn\u00e9es du fournisseur\">plus d&rsquo;informations<\/a>).<\/p>\n<p>En cliquant sur \u00ab J\u2019accepte tous les cookies \u00bb, vous autorisez des d\u00e9p\u00f4ts de cookies et autres traceurs pour le stockage de vos donn\u00e9es sur nos sites et applications \u00e0 des fins de personnalisation et de ciblage publicitaire.<\/p>\n<p class=\"consentModule_secondaryText\">Vous gardez la possibilit\u00e9 de retirer votre consentement \u00e0 tout moment en consultant notre <a href=\"https:\/\/www.estrepublicain.fr\/protection-des-donnees\" target=\"_blank\" title=\"Consulter notre politique de protection des donn\u00e9es\" rel=\"noopener\">politique de protection des donn\u00e9es<\/a>. <br \/>&#13;<br \/>\n            <a href=\"https:\/\/www.estrepublicain.fr\/culture-loisirs\/2025\/08\/17\/javascript:Didomi.notice.show()\" class=\"consentModule_cmp\" target=\"_blank\" rel=\"noopener\">G\u00e9rer mes choix<\/a>&#13;\n        <\/p>\n<p>&#13;<br \/>\n                        J&rsquo;accepte&#13;<br \/>\n            J&rsquo;accepte tous les cookies&#13;\n        <\/p>\n<p>  On s\u2019\u00e9loigne de la place Stan\u2026<\/p>\n<p>Le petit train s\u2019offre \u00e9galement un d\u00e9fil\u00e9 sur la mythique <a href=\"https:\/\/www.estrepublicain.fr\/societe\/2022\/11\/26\/la-place-de-la-carriere-joyau-habite-du-patrimoine-nanceien\" target=\"_blank\" rel=\"noopener\">place de la Carri\u00e8re<\/a> , l\u00e0 o\u00f9 les corps de police et des arm\u00e9es se r\u00e9unissent le 14-Juillet. Cette esplanade met en valeur une b\u00e2tisse qui a r\u00e9cemment fait peau neuve et est bien connue des Nanc\u00e9iens\u00a0: le <a href=\"https:\/\/www.estrepublicain.fr\/culture-loisirs\/2021\/05\/04\/savez-vous-quels-souverains-ont-sejourne-au-palais-du-gouvernement-a-nancy\" target=\"_blank\" rel=\"noopener\">Palais du gouvernement<\/a>. Il accueille d\u00e9sormais le <a href=\"https:\/\/www.estrepublicain.fr\/economie\/2024\/11\/07\/grand-hotel-de-la-reine-decouvrez-le-nouveau-decor-du-bar-le-xv-et-du-restaurant-le-louis-place-de-la-carriere\" target=\"_blank\" rel=\"noopener\">restaurant Louis XV<\/a> qui vaut le d\u00e9tour, apr\u00e8s le circuit.<\/p>\n<p>Dans la vieille ville, l\u2019escapade ferroviaire a d\u00fb s\u2019adapter aux nombreux travaux. Le conducteur prendra alors le relais pour pallier l\u2019audioguide, suite au changement de parcours, en raison des <a href=\"https:\/\/www.estrepublicain.fr\/culture-loisirs\/2025\/02\/10\/le-musee-lorrain-son-histoire-ses-collections-sa-renovation-compliquee\" target=\"_blank\" rel=\"noopener\">restaurations du Palais des Ducs<\/a> , et de\u00a0la <a href=\"https:\/\/www.estrepublicain.fr\/societe\/2023\/01\/29\/les-travaux-ont-commence-porte-de-la-citadelle-mais-pas-de-nouvelles-de-la-circulation\" target=\"_blank\" rel=\"noopener\">Porte de la citadelle<\/a>.<\/p>\n<p>Apr\u00e8s avoir travers\u00e9 une partie de la Grande Rue, vous tomberez nez \u00e0 nez sur l\u2019un des plus beaux \u00e9difices religieux de Nancy qui n\u2019est autre que la <a href=\"https:\/\/www.estrepublicain.fr\/culture-loisirs\/2025\/05\/05\/pour-les-150-ans-de-sa-consecration-la-basilique-saint-epvre-se-revele-de-nuit\" target=\"_blank\" rel=\"noopener\">basilique Saint-Epvre<\/a>. Elle impressionne souvent les touristes par sa fl\u00e8che qui culmine \u00e0 plus de 80\u00a0m de haut, et son architecture gothique flamboyant.<\/p>\n<p>Ainsi, une dizaine de points d\u2019int\u00e9r\u00eat attendent les voyageurs en qu\u00eate de connaissance. Une chose est s\u00fbre, vous ne serez pas d\u00e9\u00e7us.<\/p>\n","protected":false},"excerpt":{"rendered":"Impossible de ne pas l\u2019apercevoir si vous vous promenez dans le centre-ville nanc\u00e9ien. Le petit train touristique, en&hellip;\n","protected":false},"author":2,"featured_media":325498,"comment_status":"","ping_status":"","sticky":false,"template":"","format":"standard","meta":{"footnotes":""},"categories":[9635],"tags":[1111,11,7782,1687,33,1707,1704,1706,1705,1777,674,1011,27,775,31022,20065,1702,1703,12,2661,25,602],"class_list":{"0":"post-325497","1":"post","2":"type-post","3":"status-publish","4":"format-standard","5":"has-post-thumbnail","7":"category-nancy","8":"tag-actu","9":"tag-actualites","10":"tag-balades-et-randonnees","11":"tag-culture-loisirs","12":"tag-economie","13":"tag-edition-luneville","14":"tag-edition-nancy-et-agglomeration","15":"tag-edition-pont-a-mousson","16":"tag-edition-toul","17":"tag-eu","18":"tag-europe","19":"tag-fr","20":"tag-france","21":"tag-grand-est","22":"tag-le-guide-de-lete-lorraine","23":"tag-magazine-tourisme-et-patrimoine","24":"tag-nancy","25":"tag-nancy-ville-54b","26":"tag-news","27":"tag-patrimoine-culturel","28":"tag-republique-francaise","29":"tag-tourisme"},"share_on_mastodon":{"url":"https:\/\/pubeurope.com\/@fr\/115045714007865920","error":""},"_links":{"self":[{"href":"https:\/\/www.europesays.com\/fr\/wp-json\/wp\/v2\/posts\/325497","targetHints":{"allow":["GET"]}}],"collection":[{"href":"https:\/\/www.europesays.com\/fr\/wp-json\/wp\/v2\/posts"}],"about":[{"href":"https:\/\/www.europesays.com\/fr\/wp-json\/wp\/v2\/types\/post"}],"author":[{"embeddable":true,"href":"https:\/\/www.europesays.com\/fr\/wp-json\/wp\/v2\/users\/2"}],"replies":[{"embeddable":true,"href":"https:\/\/www.europesays.com\/fr\/wp-json\/wp\/v2\/comments?post=325497"}],"version-history":[{"count":0,"href":"https:\/\/www.europesays.com\/fr\/wp-json\/wp\/v2\/posts\/325497\/revisions"}],"wp:featuredmedia":[{"embeddable":true,"href":"https:\/\/www.europesays.com\/fr\/wp-json\/wp\/v2\/media\/325498"}],"wp:attachment":[{"href":"https:\/\/www.europesays.com\/fr\/wp-json\/wp\/v2\/media?parent=325497"}],"wp:term":[{"taxonomy":"category","embeddable":true,"href":"https:\/\/www.europesays.com\/fr\/wp-json\/wp\/v2\/categories?post=325497"},{"taxonomy":"post_tag","embeddable":true,"href":"https:\/\/www.europesays.com\/fr\/wp-json\/wp\/v2\/tags?post=325497"}],"curies":[{"name":"wp","href":"https:\/\/api.w.org\/{rel}","templated":true}]}}