{"id":325505,"date":"2025-08-17T19:24:18","date_gmt":"2025-08-17T19:24:18","guid":{"rendered":"https:\/\/www.europesays.com\/fr\/325505\/"},"modified":"2025-08-17T19:24:18","modified_gmt":"2025-08-17T19:24:18","slug":"balade-solidaire-metropole-rouen-normandie","status":"publish","type":"post","link":"https:\/\/www.europesays.com\/fr\/325505\/","title":{"rendered":"Balade solidaire | M\u00e9tropole Rouen Normandie"},"content":{"rendered":"<p class=\"chapo\">\u00c0 V\u00e9lo Sans \u00c2ge propose des promenades aux seniors et aux personnes \u00e0 mobilit\u00e9 r\u00e9duite. Doroth\u00e9e Raimbert, cocr\u00e9atrice de l\u2019association, pr\u00e9sente le projet.<\/p>\n<p>Ils ont tous les trois une passion commune : le v\u00e9lo. Doroth\u00e9e Raimbert, Val\u00e9rie Leprestre et Gilles Parrot ont cocr\u00e9\u00e9 \u00e0 Rouen une antenne de l\u2019association \u00c0 V\u00e9lo Sans \u00c2ge. \u00ab J\u2019ai connu \u00c0 V\u00e9lo Sans \u00c2ge \u00e0 travers un reportage t\u00e9l\u00e9vis\u00e9. Ce concept de cr\u00e9er du lien avec les a\u00een\u00e9s est n\u00e9 au Danemark en 2012 et a vu le jour en 2015 en France. J\u2019ai ador\u00e9 le projet. \u00c0 l\u2019\u00e9poque, il n\u2019y avait pas d\u2019antenne rouennaise alors j\u2019ai \u00e9t\u00e9 mise en relation avec Gilles et Val\u00e9rie qui avaient effectu\u00e9 la m\u00eame d\u00e9marche. Nous avons d\u00e9cid\u00e9 de nous rencontrer afin de cr\u00e9er une antenne. Le projet est n\u00e9 comme \u00e7a. Gr\u00e2ce au soutien notamment de la M\u00e9tropole, nous avons pu acheter un triporteur \u00e0 assistance \u00e9lectrique \u00bb, explique Doroth\u00e9e Raimbert.<\/p>\n<p>L\u2019association propose aux personnes \u00e2g\u00e9es ou en situation de handicap la possibilit\u00e9 de faire des balades \u00e0 bord du v\u00e9lo triporteur, en toute s\u00e9curit\u00e9. \u00ab L\u2019id\u00e9e est de profiter d\u2019un moment en plein air pour discuter et partager de bons moments. Lors de la journ\u00e9e d\u00e9couverte \u00e0 l\u2019Ehpad Les Cent Clochers \u00e0 Rouen, les r\u00e9sidents ont m\u00eame pu faire des promenades avec des membres de leur famille. C\u2019est une sortie qui leur a redonn\u00e9 le sourire ! Le but n\u2019est pas d\u2019avaler les kilom\u00e8tres mais de se balader tranquillement. Nous souhaitons sortir les seniors de leur isolement, gr\u00e2ce \u00e0 un moment de plaisir. Il s\u2019agit de leur apporter une attention particuli\u00e8re en les coupant de leur routine. Ces escapades leur rappellent leurs sorties \u00e0 v\u00e9lo d\u2019autrefois. L\u2019objectif \u00e0 terme est de proposer des promenades aux personnes isol\u00e9es \u00e0 leur domicile. Pour cela il nous faut davantage de b\u00e9n\u00e9voles. Le triporteur est tr\u00e8s large, 1m10, donc la conduite demande une petite formation. Tout le monde peut le piloter, d\u00e8s 16 ans, sans condition physique particuli\u00e8re. Il suffit d\u2019aimer p\u00e9daler et d\u2019avoir envie de donner le sourire aux autres ! \u00bb<\/p>\n<p><a class=\"lienExterne\" href=\"https:\/\/www.facebook.com\/avelosansage\/?locale=fr_FR\" rel=\"nofollow noopener\" target=\"_blank\"><strong>Plus d&rsquo;infos<\/strong><\/a><\/p>\n","protected":false},"excerpt":{"rendered":"\u00c0 V\u00e9lo Sans \u00c2ge propose des promenades aux seniors et aux personnes \u00e0 mobilit\u00e9 r\u00e9duite. Doroth\u00e9e Raimbert, cocr\u00e9atrice&hellip;\n","protected":false},"author":2,"featured_media":325506,"comment_status":"","ping_status":"","sticky":false,"template":"","format":"standard","meta":{"footnotes":""},"categories":[9587],"tags":[1111,11,1777,674,1011,27,12,5161,25,9590],"class_list":{"0":"post-325505","1":"post","2":"type-post","3":"status-publish","4":"format-standard","5":"has-post-thumbnail","7":"category-rouen","8":"tag-actu","9":"tag-actualites","10":"tag-eu","11":"tag-europe","12":"tag-fr","13":"tag-france","14":"tag-news","15":"tag-normandie","16":"tag-republique-francaise","17":"tag-rouen"},"share_on_mastodon":{"url":"https:\/\/pubeurope.com\/@fr\/115045745518119898","error":""},"_links":{"self":[{"href":"https:\/\/www.europesays.com\/fr\/wp-json\/wp\/v2\/posts\/325505","targetHints":{"allow":["GET"]}}],"collection":[{"href":"https:\/\/www.europesays.com\/fr\/wp-json\/wp\/v2\/posts"}],"about":[{"href":"https:\/\/www.europesays.com\/fr\/wp-json\/wp\/v2\/types\/post"}],"author":[{"embeddable":true,"href":"https:\/\/www.europesays.com\/fr\/wp-json\/wp\/v2\/users\/2"}],"replies":[{"embeddable":true,"href":"https:\/\/www.europesays.com\/fr\/wp-json\/wp\/v2\/comments?post=325505"}],"version-history":[{"count":0,"href":"https:\/\/www.europesays.com\/fr\/wp-json\/wp\/v2\/posts\/325505\/revisions"}],"wp:featuredmedia":[{"embeddable":true,"href":"https:\/\/www.europesays.com\/fr\/wp-json\/wp\/v2\/media\/325506"}],"wp:attachment":[{"href":"https:\/\/www.europesays.com\/fr\/wp-json\/wp\/v2\/media?parent=325505"}],"wp:term":[{"taxonomy":"category","embeddable":true,"href":"https:\/\/www.europesays.com\/fr\/wp-json\/wp\/v2\/categories?post=325505"},{"taxonomy":"post_tag","embeddable":true,"href":"https:\/\/www.europesays.com\/fr\/wp-json\/wp\/v2\/tags?post=325505"}],"curies":[{"name":"wp","href":"https:\/\/api.w.org\/{rel}","templated":true}]}}