{"id":325507,"date":"2025-08-17T19:25:16","date_gmt":"2025-08-17T19:25:16","guid":{"rendered":"https:\/\/www.europesays.com\/fr\/325507\/"},"modified":"2025-08-17T19:25:16","modified_gmt":"2025-08-17T19:25:16","slug":"un-hc-ajoie-hybride-prend-la-mesure-de-rouen","status":"publish","type":"post","link":"https:\/\/www.europesays.com\/fr\/325507\/","title":{"rendered":"Un HC Ajoie hybride prend la mesure de Rouen"},"content":{"rendered":"<p>Dans cette pr\u00e9paration vieille d\u00e9sormais de deux semaines, le HC Ajoie continue de faire confiance \u00e0 un contingent \u00e9largi. Face \u00e0 Rouen, les \u00ab\u00a0jaune et noir\u00a0\u00bb pr\u00e9sentaient un alignement pour le moins rajeuni! M\u00e9nag\u00e9s ou convalescents, les absents du dimanche se comptaient au nombre de treize. D\u00e8s lors, comme jeudi face \u00e0 Rapperswil, la chance \u00e9tait donn\u00e9e \u00e0 des jeunes du mouvement&#8230;<\/p>\n","protected":false},"excerpt":{"rendered":"Dans cette pr\u00e9paration vieille d\u00e9sormais de deux semaines, le HC Ajoie continue de faire confiance \u00e0 un contingent&hellip;\n","protected":false},"author":2,"featured_media":325508,"comment_status":"","ping_status":"","sticky":false,"template":"","format":"standard","meta":{"footnotes":""},"categories":[9587],"tags":[1111,11,1777,674,1011,27,12,5161,25,9590],"class_list":{"0":"post-325507","1":"post","2":"type-post","3":"status-publish","4":"format-standard","5":"has-post-thumbnail","7":"category-rouen","8":"tag-actu","9":"tag-actualites","10":"tag-eu","11":"tag-europe","12":"tag-fr","13":"tag-france","14":"tag-news","15":"tag-normandie","16":"tag-republique-francaise","17":"tag-rouen"},"share_on_mastodon":{"url":"https:\/\/pubeurope.com\/@fr\/115045749374789327","error":""},"_links":{"self":[{"href":"https:\/\/www.europesays.com\/fr\/wp-json\/wp\/v2\/posts\/325507","targetHints":{"allow":["GET"]}}],"collection":[{"href":"https:\/\/www.europesays.com\/fr\/wp-json\/wp\/v2\/posts"}],"about":[{"href":"https:\/\/www.europesays.com\/fr\/wp-json\/wp\/v2\/types\/post"}],"author":[{"embeddable":true,"href":"https:\/\/www.europesays.com\/fr\/wp-json\/wp\/v2\/users\/2"}],"replies":[{"embeddable":true,"href":"https:\/\/www.europesays.com\/fr\/wp-json\/wp\/v2\/comments?post=325507"}],"version-history":[{"count":0,"href":"https:\/\/www.europesays.com\/fr\/wp-json\/wp\/v2\/posts\/325507\/revisions"}],"wp:featuredmedia":[{"embeddable":true,"href":"https:\/\/www.europesays.com\/fr\/wp-json\/wp\/v2\/media\/325508"}],"wp:attachment":[{"href":"https:\/\/www.europesays.com\/fr\/wp-json\/wp\/v2\/media?parent=325507"}],"wp:term":[{"taxonomy":"category","embeddable":true,"href":"https:\/\/www.europesays.com\/fr\/wp-json\/wp\/v2\/categories?post=325507"},{"taxonomy":"post_tag","embeddable":true,"href":"https:\/\/www.europesays.com\/fr\/wp-json\/wp\/v2\/tags?post=325507"}],"curies":[{"name":"wp","href":"https:\/\/api.w.org\/{rel}","templated":true}]}}