{"id":325509,"date":"2025-08-17T19:27:25","date_gmt":"2025-08-17T19:27:25","guid":{"rendered":"https:\/\/www.europesays.com\/fr\/325509\/"},"modified":"2025-08-17T19:27:25","modified_gmt":"2025-08-17T19:27:25","slug":"la-municipalite-veut-affaiblir-les-defenseurs-des-locataires","status":"publish","type":"post","link":"https:\/\/www.europesays.com\/fr\/325509\/","title":{"rendered":"LA MUNICIPALIT\u00c9 VEUT AFFAIBLIR LES D\u00c9FENSEURS DES LOCATAIRES"},"content":{"rendered":"<p>Posted On 17 ao\u00fbt 2025 <\/p>\n<p style=\"text-align: justify;\">Au fur et \u00e0 mesure que les locataires du parc social sont maltrait\u00e9s , avec des charges qui augmentent, un service qui se d\u00e9grade, des ascenseurs en panne, une ghetto\u00efsation g\u00e9n\u00e9rale, la municipalit\u00e9 affaiblit les associations de d\u00e9fense des locataires. La Conf\u00e9d\u00e9ration Nationale du Logement ( CNL) en est la derni\u00e8re victime.\u00a0<\/p>\n<p style=\"text-align: justify;\">Install\u00e9e depuis 1982 \u00e0 la Maison des Associations, avec ses salari\u00e9s disposait de 5 bureaux pour ses salari\u00e9s afin de recevoir et de d\u00e9fendre les locataires sous les municipalit\u00e9s Dubedout, Carignon et Destot. Il a fallu l&rsquo;arriv\u00e9e de la municipalit\u00e9 Verts\/LFI qui ont lanc\u00e9 une \u00a0\u00bb nouvelle dynamique de la vie associative\u00a0\u00bb (!) pour se retrouver \u00e0 6 personnes dans un bureau de 30 M2 pour recevoir les personnes et r\u00e9pondre au t\u00e9l\u00e9phone.<\/p>\n<p><a href=\"https:\/\/grenoble-le-changement.fr\/wp-content\/uploads\/2025\/08\/50709_810_MVAC-facade-620.webp\" target=\"_blank\" rel=\"noopener\"><img decoding=\"async\" data-id=\"84038\" src=\"https:\/\/grenoble-le-changement.fr\/wp-content\/uploads\/2025\/08\/50709_810_MVAC-facade-620.webp\" alt=\"\" class=\"wp-image-84038 jetpack-lazy-image\" data-lazy-src=\"https:\/\/www.europesays.com\/fr\/wp-content\/uploads\/2025\/08\/50709_810_MVAC-facade-620.webp\" \/><\/a><br \/>\nla municipalit\u00e9 Piolle a chang\u00e9 le nom et vid\u00e9 des associations g\u00eanantes &#8230;<\/p>\n<p><strong>LA CNL LOG\u00c9E DANS UN APPARTEMENT INACCESSIBLE, TROP PETIT, SANS TELEPHONE<\/strong><\/p>\n<p>La CNL a \u00e9t\u00e9 d\u00e9plac\u00e9e dans un appartement de la rue Raoul Blanchard, inaccessible aux handicap\u00e9s ou sont log\u00e9es 5 associations, alors que la capacit\u00e9 d&rsquo;accueil de l&rsquo;appartement est de 19 personnes au total. La municipalit\u00e9 a mis fin brutalement \u00e0 la convention d&rsquo;occupation de la Maison des Associations au moment ou elle d\u00e9cidait d&rsquo;appeler celle-ci pompeusement \u00a0\u00bb Maison de la vie associative et citoyenne\u00a0\u00bb. \u00e7a fait penser aux biblioth\u00e8ques dont deux ont \u00e9t\u00e9 ferm\u00e9es , mais la municipalit\u00e9 a communiqu\u00e9 avec force sur le nom a donner \u00e0 toutes celles qui ont \u00e9t\u00e9 cr\u00e9\u00e9es par les municipalit\u00e9s pr\u00e9c\u00e9dentes. Des Tartuffes.<\/p>\n<p><strong>P.POCHIERO ( CNL) : \u00a0\u00bb POUR LES LOCATAIRES NOUS N&rsquo;EXISTONS PLUS\u00a0\u00bb<\/strong><\/p>\n<p>Paul Pochiero, le Pr\u00e9sident de la CNL confie ses d\u00e9boires \u00e0 Albanne Pommereau ( DL du 17\/8\/25). L&rsquo;association n&rsquo;a ni Internet ni ligne fixe.\u00ab\u00a0 Il n\u2019y a que les locataires qui nous avaient d\u00e9j\u00e0 contact\u00e9s avant qui disposent de nos num\u00e9ros de portable. Pour tous les autres, et surtout ceux qui ont besoin de nous urgemment pour r\u00e9gler des probl\u00e8mes, nous n\u2019existons plus ! \u00bb\u00a0<\/p>\n<p><strong>LA VILLE SUIT \u00a0\u00bb AVEC ATTENTION ET R\u00c9ACTIVIT\u00c9 &#8230;\u00a0\u00bb<\/strong><\/p>\n<p>Un communiqu\u00e9 anonyme de la ville &#8211; aucun \u00e9lu ne s&rsquo;exprime- affirme pourtant que\u00a0 les associations sont accompagn\u00e9es \u00ab\u00a0avec attention et r\u00e9activit\u00e9\u00a0\u00bb . Avec les Rouge\/Verts on n&rsquo;est jamais d\u00e9\u00e7u : la r\u00e9alit\u00e9 n&rsquo;a aucune esp\u00e8ce d&rsquo;importance.\u00a0<\/p>\n<p><img decoding=\"async\" data-id=\"83926\" src=\"https:\/\/i1.wp.com\/grenoble-le-changement.fr\/wp-content\/uploads\/2025\/08\/14-rue-jacques-thibaud.png?w=678&amp;ssl=1\" alt=\"\" class=\"wp-image-83926 jetpack-lazy-image\" data-recalc-dims=\"1\" data-lazy-src=\"https:\/\/www.europesays.com\/fr\/wp-content\/uploads\/2025\/08\/1755458844_921_14-rue-jacques-thibaud.png\" \/><\/p>\n<p><img decoding=\"async\" data-id=\"75136\" src=\"https:\/\/i0.wp.com\/grenoble-le-changement.fr\/wp-content\/uploads\/2024\/07\/ascenseurs-handicape\u0301s-Boileau-HLM-.png?w=678&amp;ssl=1\" alt=\"\" class=\"wp-image-75136 jetpack-lazy-image\" data-recalc-dims=\"1\" data-lazy-src=\"https:\/\/i0.wp.com\/grenoble-le-changement.fr\/wp-content\/uploads\/2024\/07\/ascenseurs-handicape\u0301s-Boileau-HLM-.png?w=678&amp;is-pending-load=1#038;ssl=1\" \/>\u00e9 n&rsquo;ont pas progress\u00e9 depuis.<br \/>\nLe 14 rue Jacques-Thibaud \u00e0 Grenoble , locataires bloqu\u00e9s chez eux un mois, le Bajati\u00e8re  en 2019 : \u00e7a va de mal en pis <\/p>\n<p><strong>LES \u00c9LUS ROUGE\/VERTS A LA T\u00caTE DES HLM DEPUIS 2014<\/strong><\/p>\n<p>La gestion lamentable d&rsquo;Actis et de Grenoble-Habitat \u00e0 la t\u00eate desquels se sont succ\u00e9d\u00e9s depuis 2014\u00a0 Eric Piolle, Elisa Martin, Maryvonne Boileau, Pierre Bejjaji, Klauss Kabfsat , tous \u00e9lus Rouge\/Verts du m\u00eame groupe a fait vivre <a href=\"https:\/\/grenoble-le-changement.fr\/2025\/08\/11\/logement-social-les-locataires-toujours-oublies-par-les-verts-lfi\/\" target=\"_blank\" rel=\"noopener\">des situations intenables aux locataires.\u00a0<\/a><\/p>\n<p><strong>LES CHARGES ONT \u00c9T\u00c9 MULTIPLI\u00c9ES PAR TROIS&#8230;<\/strong><\/p>\n<p><a href=\"https:\/\/grenoble-le-changement.fr\/2025\/07\/27\/charges-geg-et-actis-les-locataires-victimes-des-elus-verts-lfi-ps-pc\/\" target=\"_blank\" rel=\"noopener\">Ils se rebellent contre des charges multipli\u00e9es par trois<\/a> !\u00a0 \u00ab Nous sommes pris en otages entre GEG\u00a0 et Actis\u00a0 \u00bb r\u00e9sumait une locataire d&rsquo;Actis qui ne pouvait pas payer 1000 \u20ac de r\u00e9gularisation de charges apr\u00e8s que GEG ( Pr\u00e9sident V.Fristot) ) , seul candidat ait remport\u00e9 le march\u00e9 de l&rsquo;\u00e9nergie d&rsquo;Actis (Pr\u00e9sident Pierre Bejjjaji).<\/p>\n<p><strong>&#8230; LE NETTOYAGE TOMBE \u00e0 5 POSTES POUR 1000 LOGEMENTS\u00a0<\/strong><\/p>\n<p>Le rapport de \u00a0\u00bb la Mission d&rsquo;expertise sur la politique sociale d&rsquo;Actis,\u00a0\u00bb rendu en mars dernier par APEX, le cabinet d&rsquo;expert-comptable du CSE d&rsquo;Actis est d&rsquo;ailleurs accablant sur la gestion de l&rsquo;organisme public l&rsquo;appelant notamment \u00e0 \u00a0\u00bb clarifier qui fait quoi\u00a0\u00bb !\u00a0 \u00a0Avec ce rapport les locataires dont les charges ont explos\u00e9 sont heureux d&rsquo;apprendre que \u00a0\u00bb la gestion de proximit\u00e9 ( gardiennage et nettoyage ) est pass\u00e9 de 6, 6 postes pour 1000 logements en 2019 \u00e0 5 en 2023 \u00a0\u00bb .<\/p>\n<p><strong>QUE DIT Allan BRUNON (LFI) DE LA POLITIQUE ANTI-SOCIALE CONDUITE PAR SES AMIS?<\/strong><\/p>\n<p>Tous ceux qui constatent la d\u00e9gradation des parties communes des logements sociaux devraient connaitre ce chiffre pour bien comprendre l&rsquo;attention dont ils ont b\u00e9n\u00e9fici\u00e9 de la part de la majorit\u00e9 sortante.\u00a0<a href=\"https:\/\/grenoble-le-changement.fr\/2025\/08\/13\/piolle-ruffin-la-majorite-municipale-explose-avant-les-municipales\/\" target=\"_blank\" rel=\"noopener\"> Que dit Allan Brunon, le co-chef de file de LFI<\/a> , de la politique anti-sociale conduite par ses amis, lui qui va draguer les \u00e9lecteurs des quartiers concern\u00e9s et vocif\u00e8re contre Alain Carignon?\u00a0<\/p>\n<p><a href=\"https:\/\/i1.wp.com\/grenoble-le-changement.fr\/wp-content\/uploads\/2025\/08\/Capture-de\u0301cran-2025-08-16-a\u0300-17.54.54.png?ssl=1\" rel=\"lightbox[84037] noopener\" target=\"_blank\"><img decoding=\"async\" src=\"https:\/\/i1.wp.com\/grenoble-le-changement.fr\/wp-content\/uploads\/2025\/08\/Capture-de\u0301cran-2025-08-16-a\u0300-17.54.54.png?resize=678%2C133&amp;ssl=1\" alt=\"\" class=\"wp-image-84039 jetpack-lazy-image\" data-recalc-dims=\"1\" data-lazy-src=\"https:\/\/i1.wp.com\/grenoble-le-changement.fr\/wp-content\/uploads\/2025\/08\/Capture-de\u0301cran-2025-08-16-a\u0300-17.54.54.png?resize=678%2C133&amp;is-pending-load=1#038;ssl=1\" \/><\/a>Extrait du rapport des Experts Comptables d&rsquo;Apex qui rapportent la r\u00e9duction drastique des postes de gardiennage et d&rsquo;entretien chez Actis, pr\u00e9sid\u00e9 par les \u00e9lus Rouge\/verts<\/p>\n<p><strong>LA CNL : \u00a0\u00bb S&rsquo;ILS AVAIENT VOULU NOUS FAIRE MOURIR&#8230;\u00a0\u00bb <\/strong><\/p>\n<p>Face \u00e0 une telle gestion, la municipalit\u00e9 veut \u00e9touffer toutes les organisations, associations susceptibles d&rsquo;informer et de d\u00e9fendre les locataires, sauf des affid\u00e9s politiques qui acceptent de la couvrir. La CNL est donc une victime . D&rsquo;ailleurs le Pr\u00e9sident ne s&rsquo;y trompe pas : \u00ab s\u2019ils avaient voulu nous faire mourir, ils ne s\u2019y seraient pas pris autrement ! \u00bb.<\/p>\n<p><strong>VICTIMES DE \u00a0\u00bb LA NOUVELLE DYNAMIQUE DE LA VIE ASSOCIATIVE \u00a0\u00bb (!)\u00a0<\/strong><\/p>\n<p>L&rsquo;organisation pourrait rejoindre la longue liste des op\u00e9rateurs du tissu associatif victimes de \u00a0\u00bb la nouvelle dynamique de la vie associative\u00a0\u00bb impos\u00e9e par la municipalit\u00e9: <a href=\"https:\/\/grenoble-le-changement.fr\/2025\/02\/22\/mistral-comment-le-dogmatisme-tue-un-quartier\/\" target=\"_blank\" rel=\"noopener\">Le Plateau<\/a>, <a href=\"https:\/\/grenoble-le-changement.fr\/2024\/09\/14\/la-municipalite-veut-etrangler-aussi-la-mjc-premol\/\" target=\"_blank\" rel=\"noopener\">la MJC et le Th\u00e9\u00e2tre Pr\u00e9mol,<\/a> la Cord\u00e9e . Faute de traiter de la temp\u00e9rature, elle supprime le thermom\u00e8tre.\u00a0<\/p>\n<p>Sauf que ces techniques<a href=\"https:\/\/grenoble-le-changement.fr\/2025\/08\/06\/qui-se-cache-derriere-les-collectifs-pour-la-gratuite-et-les-autres\/\" target=\"_blank\" rel=\"noopener\"> fonctionnent pour des organisations groupusculaires,<\/a> qui montent des coups entre elles, comme on le voit entre tant de faux \u00a0\u00bb collectifs\u00a0\u00bb de plus en plus squelettiques , mais ne correspondent aucunement au fonctionnement d&rsquo;une institution comme une grande ville.\u00a0<\/p>\n<p><strong>LA COL\u00c9RE DES GRENOBLOIS MONTE \u00e0 CHAQUE \u00c9TAPE<\/strong><\/p>\n<p>Si Allan Brunon ( LFI) juge dans le DL ( 15\/8\/25) que \u00a0\u00bb la gauche est t\u00e9tanis\u00e9e\u00a0\u00bb par Alain Carignon &#8211; mais pas LFI- c&rsquo;est bien parce que le \u00ab\u00a0ressenti\u00a0\u00bb ,comme on le dit de la chaleur \u00e0 la M\u00e9t\u00e9o, est plus \u00e9lev\u00e9 que ce qui est exprim\u00e9 dans les m\u00e9dias: la col\u00e8re des grenoblois qui monte \u00e0 chaque \u00e9tape ne se laisse pas bloquer par la destruction des instruments qui la mesure.\u00a0<\/p>\n<p><img decoding=\"async\" data-id=\"83995\" src=\"https:\/\/i1.wp.com\/grenoble-le-changement.fr\/wp-content\/uploads\/2025\/08\/galeries-lafayette-grenoble-mag.png?w=678&amp;ssl=1\" alt=\"\" class=\"wp-image-83995 jetpack-lazy-image\" data-recalc-dims=\"1\" data-lazy-src=\"https:\/\/www.europesays.com\/fr\/wp-content\/uploads\/2025\/08\/1755458845_855_galeries-lafayette-grenoble-mag.png\" \/><br \/>\n<a target=\"_blank\" href=\"https:\/\/www.grenoblemag.com\/article\/2007\/la-mairie-a-abandonne-ses-commercants-le-directeur-des-galeries-lafayette-de-grenoble-furieux\" rel=\"noopener\">GrenobleMag <\/a><\/p>\n<p><strong>LA CHALEUR AMBIANTE DEVIENT INSUPPORTABLE<\/strong><\/p>\n<p>Ces seuls derniers jours avec <a href=\"https:\/\/grenoble-le-changement.fr\/2025\/08\/01\/contre-les-ghettos-de-riches-piolle-a-cree-une-ville-ghetto-de-pauvres\/\" target=\"_blank\" rel=\"noopener\">la sortie de Piolle sur \u00a0\u00bb les ghettos de riches\u00a0\u00bb <\/a>\u00e0 Grenoble qui a rappel\u00e9 combien la ville \u00e9tait devenue un ghetto de pauvres ,ou l&rsquo;intrusion dans <a target=\"_blank\" href=\"https:\/\/www.grenoblemag.com\/article\/2018\/alain-carignon-apporte-son-soutien-au-directeur-des-galeries-lafayette-de-grenoble-l-une-des-dernieres-locomotives-commerciales-du-centre-ville\" rel=\"noopener\">les Galeries Lafayette<\/a> avec une Adjointe au Maire, <a href=\"https:\/\/grenoble-le-changement.fr\/2025\/08\/15\/galeries-lafayette-de-grenoble-la-municipalite-veut-supprimer-un-ghetto-de-riches\/\" target=\"_blank\" rel=\"noopener\">mena\u00e7ant la derni\u00e8re locomotive commerciale du centre ville<\/a>, ont encore fait monter la chaleur ambiante.\u00a0<\/p>\n<p><strong>L&rsquo;ETE N&rsquo;A PAS RENFORCE LA MAJORITE SORTANTE<\/strong><\/p>\n<p>On ne sait pas si la CNL franchira le pas que de <a href=\"https:\/\/grenoble-le-changement.fr\/2025\/06\/01\/la-gauche-qui-agit-un-nouveau-groupe-qui-change-la-donne-municipale\/\" target=\"_blank\" rel=\"noopener\">nombreux acteurs de gauche ont d\u00e9sormais franchi<\/a> en travaillant \u00e0 l&rsquo;alternance avec les collectifs qui la pr\u00e9parent avec Alain Carignon afin de retrouver une gestion de la ville pour tous. Mais il est certain que , malgr\u00e9 des commentaires de convenance de certains observateurs, l&rsquo;\u00e9t\u00e9 n&rsquo;a pas renforc\u00e9 la majorit\u00e9 sortante. A minima&#8230;.<\/p>\n<p>\u00a0<\/p>\n","protected":false},"excerpt":{"rendered":"Posted On 17 ao\u00fbt 2025 Au fur et \u00e0 mesure que les locataires du parc social sont maltrait\u00e9s&hellip;\n","protected":false},"author":2,"featured_media":325510,"comment_status":"","ping_status":"","sticky":false,"template":"","format":"standard","meta":{"footnotes":""},"categories":[9566],"tags":[31377,1111,11,9601,40027,27721,30950,2430,6501,10131,9607,1777,674,1011,27,46248,2731,46249,25226,12,46250,31379,25,10850],"class_list":{"0":"post-325509","1":"post","2":"type-post","3":"status-publish","4":"format-standard","5":"has-post-thumbnail","7":"category-grenoble","8":"tag-actis","9":"tag-actu","10":"tag-actualites","11":"tag-alain-carignon","12":"tag-albane-pommereau","13":"tag-allan-brunon","14":"tag-apex","15":"tag-auvergne-rhone-alpes","16":"tag-cnl","17":"tag-elisa-martin","18":"tag-eric-piolle","19":"tag-eu","20":"tag-europe","21":"tag-fr","22":"tag-france","23":"tag-gremag","24":"tag-grenoble","25":"tag-klauss-kabfsat","26":"tag-maryvonne-boileau","27":"tag-news","28":"tag-paul-pochiero","29":"tag-pierre-bejjaji","30":"tag-republique-francaise","31":"tag-vincent-fristot"},"share_on_mastodon":{"url":"https:\/\/pubeurope.com\/@fr\/115045757434807008","error":""},"_links":{"self":[{"href":"https:\/\/www.europesays.com\/fr\/wp-json\/wp\/v2\/posts\/325509","targetHints":{"allow":["GET"]}}],"collection":[{"href":"https:\/\/www.europesays.com\/fr\/wp-json\/wp\/v2\/posts"}],"about":[{"href":"https:\/\/www.europesays.com\/fr\/wp-json\/wp\/v2\/types\/post"}],"author":[{"embeddable":true,"href":"https:\/\/www.europesays.com\/fr\/wp-json\/wp\/v2\/users\/2"}],"replies":[{"embeddable":true,"href":"https:\/\/www.europesays.com\/fr\/wp-json\/wp\/v2\/comments?post=325509"}],"version-history":[{"count":0,"href":"https:\/\/www.europesays.com\/fr\/wp-json\/wp\/v2\/posts\/325509\/revisions"}],"wp:featuredmedia":[{"embeddable":true,"href":"https:\/\/www.europesays.com\/fr\/wp-json\/wp\/v2\/media\/325510"}],"wp:attachment":[{"href":"https:\/\/www.europesays.com\/fr\/wp-json\/wp\/v2\/media?parent=325509"}],"wp:term":[{"taxonomy":"category","embeddable":true,"href":"https:\/\/www.europesays.com\/fr\/wp-json\/wp\/v2\/categories?post=325509"},{"taxonomy":"post_tag","embeddable":true,"href":"https:\/\/www.europesays.com\/fr\/wp-json\/wp\/v2\/tags?post=325509"}],"curies":[{"name":"wp","href":"https:\/\/api.w.org\/{rel}","templated":true}]}}