{"id":325511,"date":"2025-08-17T19:29:15","date_gmt":"2025-08-17T19:29:15","guid":{"rendered":"https:\/\/www.europesays.com\/fr\/325511\/"},"modified":"2025-08-17T19:29:15","modified_gmt":"2025-08-17T19:29:15","slug":"amical-feminin-apres-une-bonne-premiere-periode-le-roz-handdu-sincline-face-a-saint-gregoire-rennes","status":"publish","type":"post","link":"https:\/\/www.europesays.com\/fr\/325511\/","title":{"rendered":"Amical f\u00e9minin\u00a0: apr\u00e8s une bonne premi\u00e8re p\u00e9riode, le Roz hand\u2019Du s\u2019incline face \u00e0 Saint-Gr\u00e9goire Rennes"},"content":{"rendered":"<p>Amical. Saint-Gr\u00e9goire Rennes (D2) &#8211; Roz hand\u2019Du 29 (N1)\u00a0: 27-21<\/p>\n<p>Les Rennaises d\u00e9marraient mieux leur rencontre gr\u00e2ce \u00e0 Justine Boucheur Leroy et Alice Monteillet, qui inscrivaient deux buts chacune lors des cinq premi\u00e8res minutes (4-2). Les visiteuses recollaient au score \u00e0 la 11e minute de jeu (6-6). Les deux \u00e9quipes faisaient jeu \u00e9gal jusqu\u2019\u00e0 la mi-temps, mais un double arr\u00eat de la capitaine du Roz Hand\u2019Du, Julie Le Cras, permettait \u00e0 son \u00e9quipe de rentrer au vestiaire avec trois unit\u00e9s d\u2019avance (14-17).<\/p>\n<p>Le Roz Hand\u2019Du c\u00e8de<\/p>\n<p>Au retour des vestiaires, les Finist\u00e9riennes peinaient \u00e0 entrer dans le 2e acte. Elles inscrivaient peu de buts et voyaient leurs adversaires du jour revenir \u00e0 \u00e9galit\u00e9 \u00e0 quatorze minutes du terme (19-19). \u00c0 la 22e minute, Anne-Marie Quirin \u00e9copait d\u2019un carton rouge. Les Rennaises, qui vont \u00e9voluer une division au-dessus de leurs adversaires, prenaient l\u2019avantage en fin de rencontre. La demi-centre Jeanne Santiago interceptait deux ballons qui amenait \u00e0 deux buts dans les derni\u00e8res minutes. Score final\u00a0: 27-21.<\/p>\n","protected":false},"excerpt":{"rendered":"Amical. Saint-Gr\u00e9goire Rennes (D2) &#8211; Roz hand\u2019Du 29 (N1)\u00a0: 27-21 Les Rennaises d\u00e9marraient mieux leur rencontre gr\u00e2ce \u00e0&hellip;\n","protected":false},"author":2,"featured_media":325512,"comment_status":"","ping_status":"","sticky":false,"template":"","format":"standard","meta":{"footnotes":""},"categories":[2821],"tags":[1111,11,829,21357,1777,674,1011,27,1792,12241,12,584,25,21358,21359,60,21360],"class_list":{"0":"post-325511","1":"post","2":"type-post","3":"status-publish","4":"format-standard","5":"has-post-thumbnail","7":"category-rennes","8":"tag-actu","9":"tag-actualites","10":"tag-bretagne","11":"tag-elliant","12":"tag-eu","13":"tag-europe","14":"tag-fr","15":"tag-france","16":"tag-handball","17":"tag-melgven","18":"tag-news","19":"tag-rennes","20":"tag-republique-francaise","21":"tag-rosporden","22":"tag-saint-yvi","23":"tag-sports","24":"tag-tourch"},"share_on_mastodon":{"url":"https:\/\/pubeurope.com\/@fr\/115045765113479052","error":""},"_links":{"self":[{"href":"https:\/\/www.europesays.com\/fr\/wp-json\/wp\/v2\/posts\/325511","targetHints":{"allow":["GET"]}}],"collection":[{"href":"https:\/\/www.europesays.com\/fr\/wp-json\/wp\/v2\/posts"}],"about":[{"href":"https:\/\/www.europesays.com\/fr\/wp-json\/wp\/v2\/types\/post"}],"author":[{"embeddable":true,"href":"https:\/\/www.europesays.com\/fr\/wp-json\/wp\/v2\/users\/2"}],"replies":[{"embeddable":true,"href":"https:\/\/www.europesays.com\/fr\/wp-json\/wp\/v2\/comments?post=325511"}],"version-history":[{"count":0,"href":"https:\/\/www.europesays.com\/fr\/wp-json\/wp\/v2\/posts\/325511\/revisions"}],"wp:featuredmedia":[{"embeddable":true,"href":"https:\/\/www.europesays.com\/fr\/wp-json\/wp\/v2\/media\/325512"}],"wp:attachment":[{"href":"https:\/\/www.europesays.com\/fr\/wp-json\/wp\/v2\/media?parent=325511"}],"wp:term":[{"taxonomy":"category","embeddable":true,"href":"https:\/\/www.europesays.com\/fr\/wp-json\/wp\/v2\/categories?post=325511"},{"taxonomy":"post_tag","embeddable":true,"href":"https:\/\/www.europesays.com\/fr\/wp-json\/wp\/v2\/tags?post=325511"}],"curies":[{"name":"wp","href":"https:\/\/api.w.org\/{rel}","templated":true}]}}