{"id":32553,"date":"2025-04-17T21:58:10","date_gmt":"2025-04-17T21:58:10","guid":{"rendered":"https:\/\/www.europesays.com\/fr\/32553\/"},"modified":"2025-04-17T21:58:10","modified_gmt":"2025-04-17T21:58:10","slug":"chat-sauve-poneys-fugueurs-nuit-a-theme-pour-la-police-municipale-a-marseille","status":"publish","type":"post","link":"https:\/\/www.europesays.com\/fr\/32553\/","title":{"rendered":"Chat sauv\u00e9, poneys fugueurs\u2026 nuit \u00e0 th\u00e8me pour la police municipale \u00e0 Marseille"},"content":{"rendered":"<p>Il \u00e9tait coinc\u00e9 depuis des jours dans un endroit particuli\u00e8rement inaccessible. Non sans mal, un chat a \u00e9t\u00e9 extirp\u00e9 des rambardes de la passerelle de <a href=\"https:\/\/www.laprovence.com\/article\/region\/40113790891434\/ca-resonne-meme-dans-nos-tetes-quand-on-est-ailleurs-plombieres-axe-routier-le-plus-bruyant-de-marseille\" target=\"_blank\" rel=\"noopener\">Plombi\u00e8res<\/a>. En d\u00e9pit des appels de riverains, les marins-pompiers de Marseille avaient renonc\u00e9 \u00e0 intervenir, jugeant \u00ab\u00a0trop dangereuse\u00a0\u00bb l\u2019op\u00e9ration sur cette voie a\u00e9rienne du 14e arrondissement de Marseille, emprunt\u00e9e par 50\u00a0000 v\u00e9hicules par jour.<\/p>\n<p>Mais dans les rangs de la <a href=\"https:\/\/www.laprovence.com\/article\/region\/8837257085666914\/marseille-un-malinois-de-3-mois-trouve-refuge-chez-les-policiers-municipaux\" target=\"_blank\" rel=\"noopener\">police municipale<\/a>, le sort des animaux est un vrai sujet de pr\u00e9occupation. Au point d\u2019ailleurs, que des fonctionnaires guettent quotidiennement ceux qui pourraient \u00eatre en d\u00e9tresse \u00e0 Marseille, via un groupe WhatsApp de sauvetage d\u2019animaux constitu\u00e9 de simples administr\u00e9s.<\/p>\n<p>C\u2019est sur ce groupe que la brigade de nuit de la police municipale rep\u00e8re la situation critique du chat, coinc\u00e9 depuis le d\u00e9but de la semaine sans eau ni nourriture et risquant de tomber plusieurs m\u00e8tres plus bas, sur le boulevard de Plombi\u00e8res. Une patrouille d\u00e9cide de tenter le sauvetage.<\/p>\n<p>Circulation coup\u00e9e le temps de l\u2019intervention<\/p>\n<p>Probl\u00e8me, il faut couper la circulation le temps de l\u2019intervention, pour d\u2019\u00e9videntes raisons de s\u00e9curit\u00e9\u00a0: \u00ab\u00a0La nuit, il n\u2019y a pas grand monde sur la passerelle, mais quand des voitures y circulent, elles arrivent fort\u00a0\u00bb, souligne un policier municipal.<\/p>\n<p><img alt=\"Apr\u00e8s son sauvetage des rambardes de la passerelle de Plombi\u00e8res, le chat rescap\u00e9 a \u00e9t\u00e9 conduit chez le v\u00e9t\u00e9rinaire.\" loading=\"lazy\" decoding=\"async\" data-nimg=\"fill\" class=\" TwicCore_img__i9TC1 undefined  undefined\" style=\"position:absolute;height:100%;width:100%;left:0;top:0;right:0;bottom:0;color:transparent;background-size:cover;background-position:50% 50%;background-repeat:no-repeat;background-image:url(&quot;data:image\/svg+xml;charset=utf-8,%3Csvg xmlns='http:\/\/www.w3.org\/2000\/svg' %3E%3Cfilter id='b' color-interpolation-filters='sRGB'%3E%3CfeGaussianBlur stdDeviation='20'\/%3E%3CfeColorMatrix values='1 0 0 0 0 0 1 0 0 0 0 0 1 0 0 0 0 0 100 -1' result='s'\/%3E%3CfeFlood x='0' y='0' width='100%25' height='100%25'\/%3E%3CfeComposite operator='out' in='s'\/%3E%3CfeComposite in2='SourceGraphic'\/%3E%3CfeGaussianBlur stdDeviation='20'\/%3E%3C\/filter%3E%3Cimage width='100%25' height='100%25' x='0' y='0' preserveAspectRatio='none' style='filter: url(%23b);' href='https:\/\/pictures.laprovence.com\/cdn-cgi\/image\/blur=250\/media\/melody\/2025\/04\/16\/apres-son-sauvetage-des-rambardes-de-la-passerelle-de-plombieres-le-rescape-a-ete-conduit-chez-le-ve-1744792836_feace7836ff7603bce7836ff7e6bcev_.jpg'\/%3E%3C\/svg%3E&quot;)\"   src=\"https:\/\/www.europesays.com\/fr\/wp-content\/uploads\/2025\/04\/apres-son-sauvetage-des-rambardes-de-la-passerelle-de-plombieres-le-rescape-a-ete-conduit-chez-le-ve.jpeg\"\/>Apr\u00e8s son sauvetage des rambardes de la passerelle de Plombi\u00e8res, le chat rescap\u00e9 a \u00e9t\u00e9 conduit chez le v\u00e9t\u00e9rinaire. PHOTO DR<\/p>\n<p>\u00c0 23 h 30 mardi soir, trois policiers municipaux, les Th\u00e9mis comme on appelle les fonctionnaires qui travaillent de nuit, ferment la passerelle et stationnent leur v\u00e9hicule \u00e0 l\u2019aplomb de la rambarde dans laquelle le chat est pi\u00e9g\u00e9.<\/p>\n<p>\u00c9quip\u00e9 de gants pour se prot\u00e9ger d\u2019\u00e9ventuelles morsures ou griffures, un policier se contorsionne et plonge son bras \u00e0 l\u2019int\u00e9rieur du bastingage pour tenter d\u2019atteindre l\u2019animal. Il lui a fallu pr\u00e8s de 30 minutes pour enfin parvenir \u00e0 le saisir.<\/p>\n<p>Apeur\u00e9 et affaibli, mais sain et sauf<\/p>\n<p>Apeur\u00e9 et affaibli, le chat a \u00e9t\u00e9 aussit\u00f4t conduit chez le v\u00e9t\u00e9rinaire o\u00f9 il a \u00e9t\u00e9 examin\u00e9, r\u00e9hydrat\u00e9 et st\u00e9rilis\u00e9. \u00ab\u00a0Il va y rester jusqu\u2019\u00e0 son r\u00e9veil, puis on va voir si la SPA peut le r\u00e9cup\u00e9rer, mais il est possible qu\u2019on le garde\u00a0\u00bb, avance un policier municipal de jour.<\/p>\n<p>Th\u00e9mis, c\u2019est d\u00e9sormais son nom, irait alors rejoindre au QG de la <a href=\"https:\/\/www.laprovence.com\/article\/politique\/114587107103214\/marseille-lantenne-de-la-police-municipale-a-la-belle-de-mai-ouvrira-en-septembre\" target=\"_blank\" rel=\"noopener\">police municipale<\/a>, les quatre chats et les trois oiseaux r\u00e9cup\u00e9r\u00e9s apr\u00e8s des abandons, dont s\u2019occupent d\u00e9j\u00e0 les fonctionnaires.<\/p>\n<p>Appel\u00e9s pour deux poneys qui divaguaient<\/p>\n<p>Cette patrouille qui a sauv\u00e9 le chat d\u2019une situation p\u00e9rilleuse a pass\u00e9 une soir\u00e9e \u00e0 th\u00e8me, puisqu\u2019elle a \u00e9t\u00e9 appel\u00e9e quelques heures plus tard par des riverains du chemin de Palama, dans le 13e arrondissement, alarm\u00e9s de voir divaguer des poneys. Les deux \u00e9quid\u00e9s, qui s\u2019\u00e9taient \u00e9chapp\u00e9s d\u2019un centre \u00e9questre de <a href=\"https:\/\/www.laprovence.com\/article\/societe\/8800868779766\/marseille-zoom-sur-chateau-gombert-en-quete-dun-nouveau-souffle\" target=\"_blank\" rel=\"noopener\">Ch\u00e2teau-Gombert<\/a> vers 1 heure du matin, ont finalement \u00e9t\u00e9 r\u00e9cup\u00e9r\u00e9s par les fonctionnaires qui les ont restitu\u00e9s \u00e0 leur propri\u00e9taire.<\/p>\n","protected":false},"excerpt":{"rendered":"Il \u00e9tait coinc\u00e9 depuis des jours dans un endroit particuli\u00e8rement inaccessible. Non sans mal, un chat a \u00e9t\u00e9&hellip;\n","protected":false},"author":2,"featured_media":32554,"comment_status":"","ping_status":"","sticky":false,"template":"","format":"standard","meta":{"footnotes":""},"categories":[2814],"tags":[17,1111,11,7654,1777,674,274,1011,27,10947,884,12,293,10946,471,882,25,8009,10948],"class_list":{"0":"post-32553","1":"post","2":"type-post","3":"status-publish","4":"format-standard","5":"has-post-thumbnail","7":"category-marseille","8":"tag-17","9":"tag-actu","10":"tag-actualites","11":"tag-chat","12":"tag-eu","13":"tag-europe","14":"tag-faits-divers-justice","15":"tag-fr","16":"tag-france","17":"tag-fugueurs","18":"tag-marseille","19":"tag-news","20":"tag-nuit","21":"tag-poneys","22":"tag-pour","23":"tag-provence-alpes-cote-dazur","24":"tag-republique-francaise","25":"tag-sauve","26":"tag-theme"},"share_on_mastodon":{"url":"https:\/\/pubeurope.com\/@fr\/114355549238320384","error":""},"_links":{"self":[{"href":"https:\/\/www.europesays.com\/fr\/wp-json\/wp\/v2\/posts\/32553","targetHints":{"allow":["GET"]}}],"collection":[{"href":"https:\/\/www.europesays.com\/fr\/wp-json\/wp\/v2\/posts"}],"about":[{"href":"https:\/\/www.europesays.com\/fr\/wp-json\/wp\/v2\/types\/post"}],"author":[{"embeddable":true,"href":"https:\/\/www.europesays.com\/fr\/wp-json\/wp\/v2\/users\/2"}],"replies":[{"embeddable":true,"href":"https:\/\/www.europesays.com\/fr\/wp-json\/wp\/v2\/comments?post=32553"}],"version-history":[{"count":0,"href":"https:\/\/www.europesays.com\/fr\/wp-json\/wp\/v2\/posts\/32553\/revisions"}],"wp:featuredmedia":[{"embeddable":true,"href":"https:\/\/www.europesays.com\/fr\/wp-json\/wp\/v2\/media\/32554"}],"wp:attachment":[{"href":"https:\/\/www.europesays.com\/fr\/wp-json\/wp\/v2\/media?parent=32553"}],"wp:term":[{"taxonomy":"category","embeddable":true,"href":"https:\/\/www.europesays.com\/fr\/wp-json\/wp\/v2\/categories?post=32553"},{"taxonomy":"post_tag","embeddable":true,"href":"https:\/\/www.europesays.com\/fr\/wp-json\/wp\/v2\/tags?post=32553"}],"curies":[{"name":"wp","href":"https:\/\/api.w.org\/{rel}","templated":true}]}}