{"id":325537,"date":"2025-08-17T19:47:11","date_gmt":"2025-08-17T19:47:11","guid":{"rendered":"https:\/\/www.europesays.com\/fr\/325537\/"},"modified":"2025-08-17T19:47:11","modified_gmt":"2025-08-17T19:47:11","slug":"quelles-perturbations-prevoir-pour-la-ratp-et-la-sncf-cette-semaine-33","status":"publish","type":"post","link":"https:\/\/www.europesays.com\/fr\/325537\/","title":{"rendered":"Quelles perturbations pr\u00e9voir pour la RATP et la SNCF cette semaine\u00a0?"},"content":{"rendered":"<p>De nombreuses perturbations sont \u00e0 pr\u00e9voir dans les transports parisiens et franciliens lors de la semaine du 18 au 24\u00a0ao\u00fbt. Plusieurs changements devront \u00eatre anticip\u00e9s sur plusieurs lignes dans la capitale. Faisons le point, \u00e0 deux semaines de la rentr\u00e9e scolaire.<\/p>\n<p>M\u00e9tro<\/p>\n<ul>\n<li>Ligne 1\u00a0: jusqu\u2019au 31\u00a0ao\u00fbt, le trafic sera interrompu entre Charles de Gaulle \u2013 Etoile et La D\u00e9fense (travaux). Des bus seront mis en place.<\/li>\n<li>Ligne 6\u00a0: jusqu\u2019au 28\u00a0septembre, l\u2019arr\u00eat n\u2019est pas desservi \u00e0 Cambronne (travaux).<\/li>\n<li>Ligne 8\u00a0: du 18\u00a0ao\u00fbt au 31\u00a0ao\u00fbt, le trafic sera interrompu entre Reuilly-Diderot et Concorde (travaux).<\/li>\n<li>Ligne 13\u00a0: jusqu\u2019au 31\u00a0ao\u00fbt, les acc\u00e8s aux stations Gabriel P\u00e9ri et Pernety sont ferm\u00e9s (travaux).<\/li>\n<\/ul>\n<p>RER<\/p>\n<ul>\n<li>RER A\u00a0: jusqu\u2019au 22\u00a0ao\u00fbt, le trafic sera interrompu entre Saint-Germain-en-Laye et Le\u00a0V\u00e9sinet \u2013 Le Pecq (travaux). Des bus seront mis en place. Le vendredi 22\u00a0ao\u00fbt, d\u00e8s 22h30, le trafic sera interrompu entre Rueil-Malmaison et <a href=\"https:\/\/www.20minutes.fr\/dossier\/saint-germain-en-laye\" class=\"c-link c-link--is-underlined\" target=\"_blank\" rel=\"noopener\">Saint-Germain-en-Laye<\/a> (travaux). Des bus seront mis en place.<\/li>\n<li>RER B\u00a0: voyageurs du <a href=\"https:\/\/www.20minutes.fr\/dossier\/rer_b\" class=\"c-link c-link--is-underlined\" target=\"_blank\" rel=\"noopener\">RER B<\/a> (travaux) jusqu\u2019au 27\u00a0ao\u00fbt inclus\u200b\u200b, trafic interrompu entre Massy \u2013 Palaiseau et La Croix de Berny. Des moyens alternatifs sont mis en place. Du lundi 18\u00a0ao\u00fbt au vendredi 22\u00a0ao\u00fbt, d\u00e8s 22h45, le trafic sera interrompu entre Denfert-Rochereau et A\u00e9roport CDG2 et Mitry-Claye (travaux). Des moyens alternatifs sont mis en place<\/li>\n<li>RER C\u00a0: jusqu\u2019au samedi 23\u00a0ao\u00fbt, le trafic sera interrompu entre Gare d\u2019Austerlitz et Pontoise, entre Gare d\u2019Austerlitz et Vers. Ch\u00e2t. Rive Ga., et entre Gare d\u2019Austerlitz et Saint-Quentin en Yvelines \u2013 Montigny-le-Bretonneux. Jusqu\u2019au 23\u00a0ao\u00fbt, le trafic sera interrompu entre Gare d\u2019Austerlitz et Pontoise et Versailles Ch\u00e2teau Rive Gauche &#8211; <a href=\"https:\/\/www.20minutes.fr\/dossier\/saint_quentin\" class=\"c-link c-link--is-underlined\" target=\"_blank\" rel=\"noopener\">Saint-Quentin<\/a> en Yvelines (travaux). Jusqu\u2019au 23\u00a0ao\u00fbt, le trafic sera interrompu entre Massy-Palaiseau et Pont de Rungis. Jusqu\u2019au 29\u00a0ao\u00fbt, du lundi au vendredi, d\u00e8s 23 heures, le trafic sera interrompu entre Paris Austerlitz et Pont de Rungis. Report sur les lignes du <a href=\"https:\/\/www.20minutes.fr\/dossier\/metro\" class=\"c-link c-link--is-underlined\" target=\"_blank\" rel=\"noopener\">m\u00e9tro<\/a>, les tramways et lignes de bus de ville. Jusqu\u2019au 23\u00a0ao\u00fbt, l\u2019arr\u00eat ne sera pas desservi \u00e0 Saint-Michel \u2013 Notre-Dame (travaux). Jusqu\u2019au vendredi 22\u00a0ao\u00fbt, le trafic sera interrompu entre St-Quentin en Yvelines et Paris Austerlitz. Dimanche 24\u00a0ao\u00fbt, le trafic sera interrompu entre Dourdan et Paris Austerlitz, \u2013 et entre Saint-Martin d\u2019Etampes et Paris Austerlitz \u00e0 partir de 23h45. Des bus seront mis en place.<\/li>\n<li>RER D\u00a0: jusqu\u2019au 31\u00a0octobre, du lundi au vendredi d\u00e8s 23h20, le trafic sera interrompu entre Gare du Nord et Creil (travaux). Des bus seront mis en place. Du lundi\u00a018 au vendredi 22\u00a0ao\u00fbt, \u00e0 partir de 23h15, le trafic est interrompu entre Villeneuve S Georges et Corbeil-Essonnes. Des bus seront mis en place (travaux). Lundi\u00a018, mardi\u00a019, vendredi 22\u00a0ao\u00fbt et samedi 23\u00a0ao\u00fbt, d\u00e8s 22 heures, le trafic sera interrompu entre Orry la Ville et Creil. Du lundi\u00a018 au dimanche 24\u00a0ao\u00fbt, le trafic sera interrompu entre Creil et Ch\u00e2telet Les Halles. Des bus seront mis en place (travaux). Du lundi au vendredi de 09h30 \u00e0 16 heures, le trafic sera perturb\u00e9 entre Melun et Combs-la-Ville \u2013 Quincy. Du lundi\u00a018 au vendredi 22\u00a0ao\u00fbt, d\u00e8s 22h30, les arr\u00eats ne seront pas desservis \u00e0 Maisons-Alfort \u2013 Alfortville, Le Vert de Maisons, Cr\u00e9teil Pompadour et Villeneuve Triage.<\/li>\n<\/ul>\n<p>Transilien<\/p>\n<ul>\n<li>Ligne H\u00a0: du lundi\u00a018 au vendredi 22\u00a0ao\u00fbt, en soir\u00e9e, le trafic sera interrompu entre Paris Gare du Nord et Luzarches. M\u00eame chose entre Paris Gare du Nord et Persan \u2013 Beaumont via Valmondois.<\/li>\n<li>Ligne J\u00a0: jusqu\u2019au 29\u00a0ao\u00fbt, du lundi au vendredi d\u00e8s 20h40, le trafic sera interrompu entre <a href=\"https:\/\/www.20minutes.fr\/dossier\/gare_saint_lazare-1\" class=\"c-link c-link--is-underlined\" target=\"_blank\" rel=\"noopener\">Gare Saint-Lazare<\/a> et Mantes-la-Jolie via Conflans-Sainte-Honorine. Des bus de remplacement seront mis en place. Du lundi\u00a018 au vendredi 22\u00a0ao\u00fbt, le trafic sera interrompu entre <a href=\"https:\/\/www.20minutes.fr\/dossier\/pontoise\" class=\"c-link c-link--is-underlined\" target=\"_blank\" rel=\"noopener\">Pontoise<\/a> et Gisors entre 10 heures et 16 heures. Du lundi\u00a018 au vendredi 22\u00a0ao\u00fbt, le trafic sera interrompu entre Paris Saint-Lazare et Conflans Sainte-Honorine et Mantes la Jolie d\u00e8s 20h40. Du lundi\u00a018 au vendredi 22\u00a0ao\u00fbt, d\u00e8s 23h30, le dernier train au d\u00e9part de Mantes la Jolie \u00e0 22h43 et \u00e0 destination de Paris Saint-Lazare est rendu terminus Houilles Carri\u00e8res.<\/li>\n<li>Ligne K\u00a0: du lundi 19\u00a0mai au vendredi 19\u00a0d\u00e9cembre en soir\u00e9e. Le trafic sera interrompu entre Paris <a href=\"https:\/\/www.20minutes.fr\/dossier\/gare_du_nord\" class=\"c-link c-link--is-underlined\" target=\"_blank\" rel=\"noopener\">Gare du Nord<\/a> et Cr\u00e9py-en-Valois.<\/li>\n<li>Ligne N\u00a0: du lundi\u00a018 au vendredi 22\u00a0ao\u00fbt, le trafic sera interrompu entre Paris Montparnasse et Rambouillet \u00e0 partir de 22h30. Samedi et dimanche, jusqu\u2019\u00e0 16h30, le trafic sera interrompu entre Mantes-la-Jolie et \u00c9p\u00f4ne \u2013 M\u00e9zi\u00e8res. Du lundi\u00a018 au vendredi 22\u00a0ao\u00fbt, \u00e0 partir de 21h30, le trafic sera interrompu entre Paris Montparnasse et Plaisir \u2013 Grignon. Du lundi\u00a018 au vendredi 22\u00a0ao\u00fbt, \u00e0 partir de 21 heures, le trafic sera interrompu de Paris Montparnasse vers Mantes-la-Jolie. M\u00eame chose d\u00e8s 22h30 entre Montparnasse et Rambouillet.<\/li>\n<li>Ligne P\u00a0: du lundi\u00a018 au vendredi 22\u00a0ao\u00fbt, le trafic sera interrompu entre Paris Est et Ch\u00e2teau-Thierry \u00e0 partir de 22 heures. Du lundi au vendredi, le trafic sera interrompu entre Paris Est et <a href=\"https:\/\/www.20minutes.fr\/dossier\/meaux\" class=\"c-link c-link--is-underlined\" target=\"_blank\" rel=\"noopener\">Meaux<\/a> d\u00e8s 22h20. Du lundi 18\u00a0ao\u00fbt au vendredi 12\u00a0d\u00e9cembre, le trafic sera interrompu entre Paris Est et Coulommiers en semaine \u00e0 partir de 21h30. Du lundi\u00a018 au vendredi 22\u00a0ao\u00fbt, le trafic sera interrompu entre Paris Est et Provins \u00e0 partir de 21h45.<\/li>\n<li>Ligne R\u00a0: du lundi\u00a018 au vendredi 22\u00a0ao\u00fbt, de 10h20 \u00e0 15h25, le trafic sera interrompu entre Melun et Montereau via H\u00e9ricy. Des bus seront mis en place.<\/li>\n<li>Ligne U\u00a0: en semaine \u00e0 partir de 21h30. Du lundi 04 au vendredi 29\u00a0ao\u00fbt, sauf les jours f\u00e9ri\u00e9s, le trafic sera interrompu entre <a href=\"https:\/\/www.20minutes.fr\/dossier\/la_defense\" class=\"c-link c-link--is-underlined\" target=\"_blank\" rel=\"noopener\">La D\u00e9fense<\/a> et La Verri\u00e8re. Des Bus de remplacement seront mis en place (travaux).<\/li>\n<\/ul>\n<p>Tramway<\/p>\n<ul>\n<li>T1\u00a0: le trafic est interrompu entre <a href=\"https:\/\/www.20minutes.fr\/dossier\/asnieres\" class=\"c-link c-link--is-underlined\" target=\"_blank\" rel=\"noopener\">Asni\u00e8res<\/a> \u2013 Quatre Routes et Gare de Saint-Denis et perturb\u00e9 sur le reste de la ligne en raison d\u2019une d\u00e9gradation par un tiers \u00e0 L\u2019\u00cele-Saint-Denis. Pas de reprise pr\u00e9vue jusqu\u2019\u00e0 nouvel ordre.<\/li>\n<li>T2\u00a0: jusqu\u2019au 2\u00a0novembre 2025, le trafic est interrompu entre Porte de Versailles et Suzanne Lenglen en raison d\u2019importants travaux de modernisation. Pour rejoindre la Porte de Versailles, depuis Suzanne Lenglen, rejoindre \u00e0 pied la station Balard du T3a.<\/li>\n<\/ul>\n","protected":false},"excerpt":{"rendered":"De nombreuses perturbations sont \u00e0 pr\u00e9voir dans les transports parisiens et franciliens lors de la semaine du 18&hellip;\n","protected":false},"author":2,"featured_media":325538,"comment_status":"","ping_status":"","sticky":false,"template":"","format":"standard","meta":{"footnotes":""},"categories":[1592],"tags":[1111,11,1777,674,1011,27,662,12,626,625,1306,25,7759,2215],"class_list":{"0":"post-325537","1":"post","2":"type-post","3":"status-publish","4":"format-standard","5":"has-post-thumbnail","7":"category-ile-de-france","8":"tag-actu","9":"tag-actualites","10":"tag-eu","11":"tag-europe","12":"tag-fr","13":"tag-france","14":"tag-ile-de-france","15":"tag-news","16":"tag-paris","17":"tag-ratp","18":"tag-regions","19":"tag-republique-francaise","20":"tag-rer-d","21":"tag-sncf"},"share_on_mastodon":{"url":"https:\/\/pubeurope.com\/@fr\/115045835983401199","error":""},"_links":{"self":[{"href":"https:\/\/www.europesays.com\/fr\/wp-json\/wp\/v2\/posts\/325537","targetHints":{"allow":["GET"]}}],"collection":[{"href":"https:\/\/www.europesays.com\/fr\/wp-json\/wp\/v2\/posts"}],"about":[{"href":"https:\/\/www.europesays.com\/fr\/wp-json\/wp\/v2\/types\/post"}],"author":[{"embeddable":true,"href":"https:\/\/www.europesays.com\/fr\/wp-json\/wp\/v2\/users\/2"}],"replies":[{"embeddable":true,"href":"https:\/\/www.europesays.com\/fr\/wp-json\/wp\/v2\/comments?post=325537"}],"version-history":[{"count":0,"href":"https:\/\/www.europesays.com\/fr\/wp-json\/wp\/v2\/posts\/325537\/revisions"}],"wp:featuredmedia":[{"embeddable":true,"href":"https:\/\/www.europesays.com\/fr\/wp-json\/wp\/v2\/media\/325538"}],"wp:attachment":[{"href":"https:\/\/www.europesays.com\/fr\/wp-json\/wp\/v2\/media?parent=325537"}],"wp:term":[{"taxonomy":"category","embeddable":true,"href":"https:\/\/www.europesays.com\/fr\/wp-json\/wp\/v2\/categories?post=325537"},{"taxonomy":"post_tag","embeddable":true,"href":"https:\/\/www.europesays.com\/fr\/wp-json\/wp\/v2\/tags?post=325537"}],"curies":[{"name":"wp","href":"https:\/\/api.w.org\/{rel}","templated":true}]}}