{"id":325551,"date":"2025-08-17T19:54:10","date_gmt":"2025-08-17T19:54:10","guid":{"rendered":"https:\/\/www.europesays.com\/fr\/325551\/"},"modified":"2025-08-17T19:54:10","modified_gmt":"2025-08-17T19:54:10","slug":"face-a-lamerique-la-suisse-garde-son-destin-entre-ses-mains","status":"publish","type":"post","link":"https:\/\/www.europesays.com\/fr\/325551\/","title":{"rendered":"Face \u00e0 l\u2019Am\u00e9rique, la Suisse garde son destin entre ses mains"},"content":{"rendered":"<p>La politique commerciale erratique du pr\u00e9sident am\u00e9ricain Donald Trump, refl\u00e9tant sa conviction qu\u2019un pays qui exporte plus vers les Etats-Unis qu\u2019il n\u2019importe \u00abvole\u00bb les Am\u00e9ricains, a pris la Suisse au d\u00e9pourvu. Le tarif douanier de 39% appliqu\u00e9 \u00e0 notre pays est objectivement difficile \u00e0 justifier par rapport au tarif de 15% n\u00e9goci\u00e9 par l\u2019UE ou le Japon.<\/p>\n<p>Cette taxe exclut l\u2019or et les produits pharmaceutiques, ce qui signifie qu\u2019un peu plus de la moiti\u00e9 des exportations suisses vers l\u2019Am\u00e9rique ne sont pas encore concern\u00e9es. En d\u2019autres termes, les droits de douane am\u00e9ricains s\u2019appliquent actuellement \u00e0 quelque 3,5\u00a0% du produit int\u00e9rieur brut (PIB) de la Suisse.<\/p>\n","protected":false},"excerpt":{"rendered":"La politique commerciale erratique du pr\u00e9sident am\u00e9ricain Donald Trump, refl\u00e9tant sa conviction qu\u2019un pays qui exporte plus vers&hellip;\n","protected":false},"author":2,"featured_media":325552,"comment_status":"","ping_status":"","sticky":false,"template":"","format":"standard","meta":{"footnotes":""},"categories":[1589],"tags":[11,73,1866,1074,12,301,1864,1865,1863,308],"class_list":{"0":"post-325551","1":"post","2":"type-post","3":"status-publish","4":"format-standard","5":"has-post-thumbnail","7":"category-etats-unis","8":"tag-actualites","9":"tag-etats-unis","10":"tag-etats-unis-damerique","11":"tag-guerre-commerciale","12":"tag-news","13":"tag-premium","14":"tag-united-states","15":"tag-united-states-of-america","16":"tag-us","17":"tag-usa"},"share_on_mastodon":{"url":"https:\/\/pubeurope.com\/@fr\/115045863655269381","error":""},"_links":{"self":[{"href":"https:\/\/www.europesays.com\/fr\/wp-json\/wp\/v2\/posts\/325551","targetHints":{"allow":["GET"]}}],"collection":[{"href":"https:\/\/www.europesays.com\/fr\/wp-json\/wp\/v2\/posts"}],"about":[{"href":"https:\/\/www.europesays.com\/fr\/wp-json\/wp\/v2\/types\/post"}],"author":[{"embeddable":true,"href":"https:\/\/www.europesays.com\/fr\/wp-json\/wp\/v2\/users\/2"}],"replies":[{"embeddable":true,"href":"https:\/\/www.europesays.com\/fr\/wp-json\/wp\/v2\/comments?post=325551"}],"version-history":[{"count":0,"href":"https:\/\/www.europesays.com\/fr\/wp-json\/wp\/v2\/posts\/325551\/revisions"}],"wp:featuredmedia":[{"embeddable":true,"href":"https:\/\/www.europesays.com\/fr\/wp-json\/wp\/v2\/media\/325552"}],"wp:attachment":[{"href":"https:\/\/www.europesays.com\/fr\/wp-json\/wp\/v2\/media?parent=325551"}],"wp:term":[{"taxonomy":"category","embeddable":true,"href":"https:\/\/www.europesays.com\/fr\/wp-json\/wp\/v2\/categories?post=325551"},{"taxonomy":"post_tag","embeddable":true,"href":"https:\/\/www.europesays.com\/fr\/wp-json\/wp\/v2\/tags?post=325551"}],"curies":[{"name":"wp","href":"https:\/\/api.w.org\/{rel}","templated":true}]}}