{"id":325553,"date":"2025-08-17T19:55:15","date_gmt":"2025-08-17T19:55:15","guid":{"rendered":"https:\/\/www.europesays.com\/fr\/325553\/"},"modified":"2025-08-17T19:55:15","modified_gmt":"2025-08-17T19:55:15","slug":"la-guerre-civile-devient-une-hypothese-de-moins-en-moins-improbable-en-france-ou-au-royaume-uni-faut-il-tenter-de-leviter-ou-sy-preparer","status":"publish","type":"post","link":"https:\/\/www.europesays.com\/fr\/325553\/","title":{"rendered":"La guerre civile devient une hypoth\u00e8se de moins en moins improbable en France ou au Royaume-Uni : faut-il tenter de l\u2019\u00e9viter\u2026 ou s\u2019y pr\u00e9parer ?"},"content":{"rendered":"<p>Avocat \u00e0 la Cour d&rsquo;appel de Paris et \u00e0 la Cour P\u00e9nale Internationale de la Haye, <strong>G\u00e9rald Pandelon<\/strong> est docteur en droit p\u00e9nal et docteur en sciences politiques, discipline qu&rsquo;il a enseign\u00e9e pendant 15 ans. G\u00e9rald Pandelon est Pr\u00e9sident de l&rsquo;Association fran\u00e7aise des professionnels de la justice et du droit (AJPD). Dipl\u00f4m\u00e9 de Sciences-Po, il est \u00e9galement charg\u00e9 d&rsquo;enseignement. Il est l&rsquo;auteur de <a href=\"https:\/\/www.amazon.fr\/Inquisition-fran%C3%A7aise-juges-contre-justice\/dp\/2493575598\/ref=sr_1_1?__mk_fr_FR=%C3%85M%C3%85%C5%BD%C3%95%C3%91&amp;crid=3UINVUS5R1HRG&amp;dib=eyJ2IjoiMSJ9.0Y03rMmub0eLRX8xYC5LkVmi8_pC6WYi_q1hRMZp21ZIrBjnNuIvvkyYz_11lBbExa-4Yu-7hMgvlJzoryukjf04VJngYCtcrCpidLN9WL6m8E0FpNWvJ-mEKSOtMQf51S6Jlq2KomUxp7cfx-npyPM1rnJcY7V4rvdBIOzRA-puwWyxjsEmOmQ-mwmgwk_eC2x88c0J3RwetTKNnneqxbm9pa5lJJRjdCKrwO0VAuIOUxCib2pW6NW9xVOgI42sRDV_A1ROoN0p1fWCnyp4S8n-pzEMJXarMJBPBiePEf0.4tKb7ANWvfh6qKVmz_qTkpePOe3xXEAn6UW1FluHa94&amp;dib_tag=se&amp;keywords=inquisition+fran%C3%A7aise&amp;qid=1745486902&amp;sprefix=inquisition+fran%C3%A7aise%2Caps%2C74&amp;sr=8-1\" rel=\"noopener noreferrer\" target=\"_blank\">\u00ab\u00a0Inquisition fran\u00e7aise\u00a0\u00bb (Editions Reinharc,<\/a> 2025), <a href=\"https:\/\/www.amazon.fr\/LAveu-Mati%C3%A8re-P%C3%A9nale-Gerald-Pandelon\/dp\/2374260089\" rel=\"noopener noreferrer\" target=\"_blank\">L&rsquo;aveu en mati\u00e8re p\u00e9nale\u00a0<\/a>; publi\u00e9 aux \u00e9ditions Valensin (2015), <a href=\"https:\/\/www.amazon.fr\/face-cach%C3%A9e-justice-R%C3%A9v%C3%A9l%C3%A9e-barreau\/dp\/2374260119\" rel=\"noopener noreferrer\" target=\"_blank\">La face cach\u00e9e de la justice<\/a> (Editions Valensin, 2016),\u00a0<a href=\"https:\/\/www.amazon.fr\/m%C3%A9tier-davocat-France-sais-je-4137-ebook\/dp\/B07N8QYDHQ\" rel=\"noopener noreferrer\" target=\"_blank\">Que sais-je sur le m\u00e9tier d&rsquo;avocat en France<\/a> (PUF, 2017) et\u00a0<a href=\"https:\/\/www.amazon.fr\/France-mafieuse-Paul-francois-Paoli\/dp\/2315008816\" rel=\"noopener noreferrer\" target=\"_blank\">La France des ca\u00efds<\/a>\u00a0(Max Milo, 2020).\u00a0<\/p>\n<p><a href=\"https:\/\/atlantico.fr\/author\/gerald-pandelon-1503380\" class=\"\" target=\"_blank\" rel=\"noopener\"> Voir la bio \u00bb <\/a><\/p>\n<p>Aur\u00e9lien Marq est haut fonctionnaire et polytechnicien, charg\u00e9 des questions de s\u00e9curit\u00e9 int\u00e9rieure.<\/p>\n<p><a href=\"https:\/\/atlantico.fr\/author\/aurlien-marq-3581075\" class=\"\" target=\"_blank\" rel=\"noopener\"> Voir la bio \u00bb <\/a><\/p>\n<p>Directeur de recherche au CNRS, \u00e9conomiste et anthropologue,\u00a0<strong>Philippe d&rsquo;Iribarne<\/strong>\u00a0est l&rsquo;auteur de nombreux ouvrages touchant aux d\u00e9fis contemporains li\u00e9s \u00e0 la mondialisation et \u00e0 la modernit\u00e9 (multiculturalisme, diversit\u00e9 du monde, immigration, etc.). Il a notamment \u00e9crit\u00a0Islamophobie, intoxication id\u00e9ologique\u00a0(2019, Albin Michel)\u00a0et\u00a0Le grand d\u00e9classement\u00a0(2022, Albin Michel) ou\u00a0L&rsquo;islam devant la d\u00e9mocratie\u00a0(Gallimard, 2013).<\/p>\n<p>\u00a0<\/p>\n<p>D&rsquo;autres ouvrages publi\u00e9s :\u00a0La logique de l&rsquo;honneur\u00a0et\u00a0L&rsquo;\u00e9tranget\u00e9 fran\u00e7aise\u00a0sont devenus des classiques. Philippe d&rsquo;Iribarne a publi\u00e9 avec Bernard Bourdin\u00a0La nation : Une ressource d&rsquo;avenir\u00a0chez Art\u00e8ge \u00e9ditions (2022).<\/p>\n<p><a href=\"https:\/\/atlantico.fr\/author\/philippe-iribarne-1503979\" class=\"\" target=\"_blank\" rel=\"noopener\"> Voir la bio \u00bb <\/a><\/p>\n","protected":false},"excerpt":{"rendered":"Avocat \u00e0 la Cour d&rsquo;appel de Paris et \u00e0 la Cour P\u00e9nale Internationale de la Haye, G\u00e9rald Pandelon&hellip;\n","protected":false},"author":2,"featured_media":325554,"comment_status":"","ping_status":"","sticky":false,"template":"","format":"standard","meta":{"footnotes":""},"categories":[1588],"tags":[11,10411,46254,1777,674,27,23483,1061,12,46253,473,1853,46252,1851,1850,1852],"class_list":{"0":"post-325553","1":"post","2":"type-post","3":"status-publish","4":"format-standard","5":"has-post-thumbnail","7":"category-royaume-uni","8":"tag-actualites","9":"tag-conflits","10":"tag-david-betz","11":"tag-eu","12":"tag-europe","13":"tag-france","14":"tag-guerre-civile","15":"tag-immigration","16":"tag-news","17":"tag-ordre-republicain","18":"tag-royaume-uni","19":"tag-royaume-uni-de-grande-bretagne-et-dirlande-du-nord","20":"tag-societes-occidentales","21":"tag-uk","22":"tag-united-kingdom","23":"tag-united-kingdom-of-great-britain-and-northern-ireland"},"share_on_mastodon":{"url":"https:\/\/pubeurope.com\/@fr\/115045867409689864","error":""},"_links":{"self":[{"href":"https:\/\/www.europesays.com\/fr\/wp-json\/wp\/v2\/posts\/325553","targetHints":{"allow":["GET"]}}],"collection":[{"href":"https:\/\/www.europesays.com\/fr\/wp-json\/wp\/v2\/posts"}],"about":[{"href":"https:\/\/www.europesays.com\/fr\/wp-json\/wp\/v2\/types\/post"}],"author":[{"embeddable":true,"href":"https:\/\/www.europesays.com\/fr\/wp-json\/wp\/v2\/users\/2"}],"replies":[{"embeddable":true,"href":"https:\/\/www.europesays.com\/fr\/wp-json\/wp\/v2\/comments?post=325553"}],"version-history":[{"count":0,"href":"https:\/\/www.europesays.com\/fr\/wp-json\/wp\/v2\/posts\/325553\/revisions"}],"wp:featuredmedia":[{"embeddable":true,"href":"https:\/\/www.europesays.com\/fr\/wp-json\/wp\/v2\/media\/325554"}],"wp:attachment":[{"href":"https:\/\/www.europesays.com\/fr\/wp-json\/wp\/v2\/media?parent=325553"}],"wp:term":[{"taxonomy":"category","embeddable":true,"href":"https:\/\/www.europesays.com\/fr\/wp-json\/wp\/v2\/categories?post=325553"},{"taxonomy":"post_tag","embeddable":true,"href":"https:\/\/www.europesays.com\/fr\/wp-json\/wp\/v2\/tags?post=325553"}],"curies":[{"name":"wp","href":"https:\/\/api.w.org\/{rel}","templated":true}]}}