{"id":325555,"date":"2025-08-17T19:56:12","date_gmt":"2025-08-17T19:56:12","guid":{"rendered":"https:\/\/www.europesays.com\/fr\/325555\/"},"modified":"2025-08-17T19:56:12","modified_gmt":"2025-08-17T19:56:12","slug":"sailgp-une-magnifique-victoire-francaise-en-allemagne","status":"publish","type":"post","link":"https:\/\/www.europesays.com\/fr\/325555\/","title":{"rendered":"SailGP. Une magnifique victoire fran\u00e7aise en Allemagne !"},"content":{"rendered":"<p>            <a href=\"https:\/\/www.courseaularge.com\/wp-content\/uploads\/2025\/08\/sailgp.jpg\" data-caption=\"\u00a9 Andrew Baker for SailGP\" rel=\"nofollow noopener\" target=\"_blank\"><img loading=\"lazy\" decoding=\"async\" width=\"696\" height=\"436\" class=\"entry-thumb td-modal-image\" src=\"https:\/\/www.europesays.com\/fr\/wp-content\/uploads\/2025\/08\/sailgp-696x436.jpg\"   alt=\"\" title=\"sailgp\"\/><\/a>\u00a9 Andrew Baker for SailGP<\/p>\n<p><strong>L\u2019\u00c9quipe de France SailGP nous a r\u00e9gal\u00e9s au Grand Prix d\u2019Allemagne. Un GP qui semblait pourtant mal parti, apr\u00e8s la casse d\u2019un safran et de la barre, fracass\u00e9e dans le choc par Quentin Delapierre. \u00c0 l\u2019issue des cinq manches, les Bleus ont su parfaitement jouer leur jeu et capter les bonnes ris\u00e9es, avec un Kevin P\u00e9ponnet particuli\u00e8rement inspir\u00e9. En finale, face aux Australiens et aux Anglais, ils ont su naviguer avec opportunisme, montrant un fond de jeu capable de rivaliser avec les meilleurs. L\u2019\u00e9quipage tricolore d\u00e9croche son premier Sail Grand Prix de l\u2019ann\u00e9e. Chronique d\u2019un week-end riche en \u00e9motions et en rebondissements !<\/strong><\/p>\n<p> &#8211; Publicit\u00e9 &#8211; <\/p>\n<p>Tout n\u2019avait pourtant pas bien commenc\u00e9. Lors de l\u2019entra\u00eenement de vendredi, l\u2019\u00e9quipe a d\u00fb faire face \u00e0 une avarie s\u00e9rieuse ind\u00e9pendante de leur volont\u00e9 avec la perte du safran, tandis que Quentin Delapierre, le pilote, \u00e9tait contraint de se rendre \u00e0 l\u2019h\u00f4pital suite \u00e0 la violence du choc . L\u2019incertitude planait alors sur la participation des Fran\u00e7ais au reste de la comp\u00e9tition. Mais, l\u2019\u00e9quipe a oeuvr\u00e9 sans rel\u00e2che pour que bateau et athl\u00e8tes soient pr\u00eats \u00e0 prendre le d\u00e9part des courses samedi.<br \/>D\u00e8s la premi\u00e8re journ\u00e9e de course samedi, malgr\u00e9 des conditions tr\u00e8s muscl\u00e9es, qu\u2019affectionne particuli\u00e8rement le pilote Quentin Delapierre, l\u2019\u00e9quipe de France a d\u00e9montr\u00e9 toute sa ma\u00eetrise. Pour la premi\u00e8re fois, les Bleus naviguaient avec la configuration aile de 18 m\u00e8tres et T-foils, un d\u00e9fi relev\u00e9 avec brio puisqu\u2019ils terminaient d\u00e9j\u00e0 la journ\u00e9e dans le top 3, gr\u00e2ce \u00e0 des choix inspir\u00e9s et des man\u0153uvres d\u00e9cisives.<\/p>\n<p><strong>Une victoire symbolique<\/strong><br \/>Port\u00e9s par une \u00e9nergie collective exceptionnelle, les Fran\u00e7ais ont couru 3 courses ce dimanche pour la deuxi\u00e8me journ\u00e9e de course. Les conditions de vent \u00e9taient tr\u00e8s instables avec des F50 qui d\u00e9collaient et se posaient \u00e0 tour de r\u00f4le. Mais gr\u00e2ce \u00e0 de brillants coups tactiques et en r\u00e9alisant des choix assum\u00e9s face \u00e0 leurs adversaires, les bleus se qualifient pour la finale du Sail Grand Prix \u00e0 Sassnitz. Ils ont ensuite r\u00e9alis\u00e9 une course ma\u00eetris\u00e9e et offensive, s\u2019imposant face aux g\u00e9ants australiens et britanniques. Cette performance signe leur troisi\u00e8me finale de la saison et leur premi\u00e8re victoire en Grand Prix SailGP dans cette saison 2025.<br \/>\u00ab Gagner un Sail Grand Prix est un feeling incroyable. \u00c7a a \u00e9t\u00e9 les montagnes russes pour nous ce weekend. Apr\u00e8s nos probl\u00e8mes techniques qui n\u2019\u00e9taient pas de notre fait et l\u2019incertitude de vendredi, on a d\u00e9but\u00e9 avec de la frustration. Mais on a fait un super come-back et on a rien l\u00e2ch\u00e9. Samedi on a fait une belle journ\u00e9e en moyenne, plut\u00f4t dans les bons coups. Aujourd\u2019hui le vent \u00e9tait beaucoup plus irr\u00e9gulier qu\u2019hier avec beaucoup d\u2019opportunit\u00e9s \u00e0 prendre. Sur les trois courses en flotte on a fait une premi\u00e8re et une troisi\u00e8me bonne manche. Quant \u00e0 la deuxi\u00e8me, on s\u2019est fait un peu peur en passant \u00e0 c\u00f4t\u00e9 de bons coups avec les rotations de vent. En revanche, lors de la finale, j\u2019ai sentie une \u00e9nergie de conqu\u00e9rants Gaulois, on \u00e9tait vraiment d\u00e9termin\u00e9s. On a su saisir les chances en naviguant en symbiose avec le vent. Quand \u00e7a se passe comme \u00e7a, la voile c\u2019est incroyable, tu fais moins de distance que les autres et \u00e7a va vite ! C\u2019\u00e9tait l\u2019un des plus beaux Grand Prix de la saison qui s\u2019est termin\u00e9 de la plus belle des mani\u00e8res. Cette performance n\u2019aurait pas \u00e9t\u00e9 possible sans le travail acharn\u00e9 de toute l\u2019\u00c9quipe de France SailGP (athl\u00e8tes et \u00e9quipe technique) qui s\u2019est battue sans rel\u00e2che pour \u00eatre au d\u00e9part samedi. C\u2019est une victoire d\u2019\u00e9quipe et on va tous savourer\u201d, souligne Quentin Delapierre, Pilote de l\u2019\u00e9quipe de France SailGP.<\/p>\n<p>\u201d Cette victoire est le fruit d\u2019un gros travail de toute l\u2019\u00e9quipe qui a travers\u00e9 beaucoup de difficult\u00e9s depuis le d\u00e9but de la saison. On savait qu\u2019on pouvait le faire et on avait confiance mais c\u2019est \u00e9videmment une \u00e9norme satisfaction quand \u00e7a se concr\u00e9tise. On remercie nos partenaires d\u2019avoir cru en nous depuis quelques ann\u00e9es. Cette premi\u00e8re \u00e9tape vers la Grande Finale \u00e9tait clef et on l\u2019a fait. Bravo \u00e0 tous. Rendez-vous \u00e0 Saint-Tropez avec tous nos fans ! \u00bb, conclut St\u00e9phane Kandler, co-CEO de l\u2019\u00e9quipe de France SailGP et de K-Challenge.<br \/>Sassnitz entre \u00e9galement dans l\u2019histoire du championnat : ce Grand Prix a vu tomber un nouveau record de vitesse pour les F50, avec une pointe enregistr\u00e9e \u00e0 103,93 km\/h sur l\u2019eau \u00e0 mettre au cr\u00e9dit de l\u2019\u00e9quipe danoise.<\/p>\n<p>Avec ce succ\u00e8s \u00e0 Sassnitz, l\u2019\u00c9quipe de France SailGP confirme son statut d\u2019adversaire redoutable sur le championnat mondial. Cette belle victoire repr\u00e9sente \u00e9galement un signal tr\u00e8s fort \u00e0 moins d\u2019un mois de l\u2019\u00e9v\u00e9nement fran\u00e7ais \u00e0 Saint-Tropez les 12 et 13 septembre. Un rendez-vous majeur pour l\u2019\u00e9quipe et pour tous les supporters \u00e0 domicile.<\/p>\n<p>Les Bleus passent \u00e0 la cinqui\u00e8me place du classement du championnat Rolex SailGP, tandis que l\u2019Emirates GBR se hisse \u00e0 la troisi\u00e8me place devant l\u2019Espagne, d\u00e9sormais quatri\u00e8me. L\u2019Australie et la Nouvelle-Z\u00e9lande occupent respectivement la premi\u00e8re et la deuxi\u00e8me place, \u00e0 \u00e9galit\u00e9 avec 61 points chacune.<\/p>\n<p>Participant \u00e0 sa premi\u00e8re finale depuis mars (\u00e0 Los Angeles), le pilote australien <strong>Tom Slingsby<\/strong> a domin\u00e9 le week-end, terminant dans le top 3 de toutes les courses sauf une. Slingsby a d\u00e9clar\u00e9 : \u00ab Depuis que l\u2019aile s\u2019est effondr\u00e9e \u00e0 San Francisco, nous avons l\u2019impression de ne pas avoir r\u00e9ussi \u00e0 revenir dans la course, donc ce week-end, nous sommes vraiment contents de notre performance. Un grand merci \u00e0 Sassnitz et \u00e0 l\u2019Allemagne pour avoir organis\u00e9 cette course. \u00bb<\/p>\n<p>Emirates GBR a \u00e9galement fait preuve de courage et de r\u00e9silience, dominant les courses 5 et 6 avec deux victoires cons\u00e9cutives, moins de 24 heures apr\u00e8s une collision choquante qui semblait compromettre le week-end de l\u2019\u00e9quipe. Remerciant les \u00e9quipes \u00e0 terre pour les r\u00e9parations effectu\u00e9es pendant la nuit, le pilote <strong>Dylan Fletcher<\/strong> a d\u00e9clar\u00e9 : \u00ab C\u2019est incroyable, ils ont fait un effort absolument incroyable pour que notre \u00e9quipe puisse courir aujourd\u2019hui, alors je leur adresse toutes mes f\u00e9licitations. \u00bb<\/p>\n<p>Les conditions du dimanche, jour du championnat, ont marqu\u00e9 un changement notable par rapport aux courses rapides et furieuses de la premi\u00e8re journ\u00e9e \u00e0 Sassnitz. Une brise l\u00e9g\u00e8re et instable a n\u00e9cessit\u00e9 une course tactique, dans laquelle les \u00e9quipes qui n\u2019ont pas h\u00e9sit\u00e9 \u00e0 prendre des risques ont \u00e9t\u00e9 r\u00e9compens\u00e9es par des gains strat\u00e9giques tout au long du parcours. Celles qui se sont retrouv\u00e9es \u00e0 l\u2019arri\u00e8re ont d\u00fb lutter dans des conditions atmosph\u00e9riques perturb\u00e9es.<\/p>\n<p>Malgr\u00e9 le fait qu\u2019il ait manqu\u00e9 sa premi\u00e8re finale \u00e0 domicile, le pilote <strong>Erik Kosegarten-Heil<\/strong> s\u2019est dit satisfait des r\u00e9sultats du week-end de l\u2019\u00e9quipe Germany SailGP, pr\u00e9sent\u00e9e par Deutsche Bank, qui a termin\u00e9 cinqui\u00e8me au classement g\u00e9n\u00e9ral. \u00ab Cet \u00e9v\u00e9nement nous donne certainement confiance \u00bb, a-t-il d\u00e9clar\u00e9. \u00ab Nous avons travaill\u00e9 tr\u00e8s dur sur de nombreux aspects ici, entre les \u00e9v\u00e9nements et, en fait, tout au long de l\u2019ann\u00e9e. C\u2019est agr\u00e9able de voir que les choses changent petit \u00e0 petit et j\u2019ai vraiment h\u00e2te d\u2019\u00eatre aux prochains \u00e9v\u00e9nements. \u00bb<\/p>\n<p>GERMANY SAIL GRAND PRIX SASSNITZ I CLASSEMENT<\/p>\n<p>1- France \/ Quentin Delapierre<br \/>2- Bons Flying Roos Australia \/ Tom Slingsby<br \/>3- Emirates Great Britain \/ Dylan Fletcher<br \/>4- New Zealand \/ Peter Burling<br \/>5- Germany Deutsche Bank \/ Erik Heil \u2013 0 point<br \/>6- Spain \/ Diego Botin<br \/>7- Rockwool Denmark \/ Nicolai Sehested<br \/>8- Canada \/ Giles Scott<br \/>9- Switzerland \/ S\u00e9bastien Schneiter<br \/>10- Red Bull Italy \/ Ruggero Tita<br \/>11- United States \/ Taylor Canfield<br \/>12- Mudabala Brazil \/ Martine Grae<\/p>\n<p>ROLEX SAILGP CHAMPIONSHIP I CLASSEMENT SAISON 2025<\/p>\n<p>1-Bonds Flying Roos Australia \/ Tom Slingsby \u2013 61 points<br \/>2-New Zealand \/ Peter Burling \u2013 61 points<br \/>3- Emirates Great Britain \/ Dylan Fletcher \u2013 58 points<br \/>4-Spain \/ Diego Botin \u2013 56 points<br \/>5-France \/ Quentin Delapierre \u2013 47 points<br \/>6-Canada \/ Giles Scott \u2013 44 points<br \/>7-Switzerland \/ S\u00e9bastien Schneiter \u2013 30 points<br \/>8- Rockwool Denmark \/ Nicolai Sehested \u2013 22 points<br \/>9-Red Bull Italy \/ Ruggero Tita \u2013 20 points<br \/>10- Mudabala Brazil \/ Martine Grael \u2013 11 points<br \/>11- Germany Deutsche Bank \/ Erik Heil \u2013 6 points<br \/>12- United States \/ Taylor Canfield \u2013 -8 points<\/p>\n","protected":false},"excerpt":{"rendered":"\u00a9 Andrew Baker for SailGP L\u2019\u00c9quipe de France SailGP nous a r\u00e9gal\u00e9s au Grand Prix d\u2019Allemagne. Un GP&hellip;\n","protected":false},"author":2,"featured_media":325556,"comment_status":"","ping_status":"","sticky":false,"template":"","format":"standard","meta":{"footnotes":""},"categories":[1587],"tags":[11,672,1804,1805,1803,1777,674,1801,12,1802],"class_list":{"0":"post-325555","1":"post","2":"type-post","3":"status-publish","4":"format-standard","5":"has-post-thumbnail","7":"category-allemagne","8":"tag-actualites","9":"tag-allemagne","10":"tag-bundesrepublik-deutschland","11":"tag-de","12":"tag-deutschland","13":"tag-eu","14":"tag-europe","15":"tag-germany","16":"tag-news","17":"tag-republique-federale-dallemagne"},"share_on_mastodon":{"url":"https:\/\/pubeurope.com\/@fr\/115045871355556618","error":""},"_links":{"self":[{"href":"https:\/\/www.europesays.com\/fr\/wp-json\/wp\/v2\/posts\/325555","targetHints":{"allow":["GET"]}}],"collection":[{"href":"https:\/\/www.europesays.com\/fr\/wp-json\/wp\/v2\/posts"}],"about":[{"href":"https:\/\/www.europesays.com\/fr\/wp-json\/wp\/v2\/types\/post"}],"author":[{"embeddable":true,"href":"https:\/\/www.europesays.com\/fr\/wp-json\/wp\/v2\/users\/2"}],"replies":[{"embeddable":true,"href":"https:\/\/www.europesays.com\/fr\/wp-json\/wp\/v2\/comments?post=325555"}],"version-history":[{"count":0,"href":"https:\/\/www.europesays.com\/fr\/wp-json\/wp\/v2\/posts\/325555\/revisions"}],"wp:featuredmedia":[{"embeddable":true,"href":"https:\/\/www.europesays.com\/fr\/wp-json\/wp\/v2\/media\/325556"}],"wp:attachment":[{"href":"https:\/\/www.europesays.com\/fr\/wp-json\/wp\/v2\/media?parent=325555"}],"wp:term":[{"taxonomy":"category","embeddable":true,"href":"https:\/\/www.europesays.com\/fr\/wp-json\/wp\/v2\/categories?post=325555"},{"taxonomy":"post_tag","embeddable":true,"href":"https:\/\/www.europesays.com\/fr\/wp-json\/wp\/v2\/tags?post=325555"}],"curies":[{"name":"wp","href":"https:\/\/api.w.org\/{rel}","templated":true}]}}