{"id":325559,"date":"2025-08-17T19:58:10","date_gmt":"2025-08-17T19:58:10","guid":{"rendered":"https:\/\/www.europesays.com\/fr\/325559\/"},"modified":"2025-08-17T19:58:10","modified_gmt":"2025-08-17T19:58:10","slug":"on-a-eu-7-personnes-lors-de-la-seance-la-plus-remplie-a-romans-sur-isere-pas-de-miracle-pour-papamobile","status":"publish","type":"post","link":"https:\/\/www.europesays.com\/fr\/325559\/","title":{"rendered":"\u00ab\u00a0On a eu 7 personnes lors de la s\u00e9ance la plus remplie \u00bb\u00a0: \u00e0 Romans-sur-Is\u00e8re, pas de miracle pour \u00ab\u00a0Papamobile\u00a0\u00bb"},"content":{"rendered":"<p class=\"paragraph text_align_left lp-f-body-02\">Les adeptes se font toutefois rares. \u00c0 la s\u00e9ance de 17 heures, ce samedi 16 ao\u00fbt, la salle reste d\u00e9sesp\u00e9r\u00e9ment vide, et nous sommes les seuls \u00e0 avoir eu la curiosit\u00e9 de voir cette com\u00e9die descendue par son propre producteur : \u00ab C\u2019est rat\u00e9, c\u2019est une com\u00e9die pas dr\u00f4le, selon la plupart de ceux qui l\u2019ont vue \u00bb, confiait Jean Br\u00e9hat au Canard Encha\u00een\u00e9. Face au risque d\u2019accident industriel, la distribution a \u00e9t\u00e9 restreinte au strict minimum pour limiter les frais. Aucune promotion. Une bande-annonce faite au dernier moment.<\/p>\n","protected":false},"excerpt":{"rendered":"Les adeptes se font toutefois rares. \u00c0 la s\u00e9ance de 17 heures, ce samedi 16 ao\u00fbt, la salle&hellip;\n","protected":false},"author":2,"featured_media":325560,"comment_status":"","ping_status":"","sticky":false,"template":"","format":"standard","meta":{"footnotes":""},"categories":[1586],"tags":[11,650,872,459,1777,674,1779,1011,27,12,25,1778,364],"class_list":{"0":"post-325559","1":"post","2":"type-post","3":"status-publish","4":"format-standard","5":"has-post-thumbnail","7":"category-europe","8":"tag-actualites","9":"tag-cinema","10":"tag-culture-et-loisirs","11":"tag-departements-horsidfo","12":"tag-eu","13":"tag-europe","14":"tag-european-union","15":"tag-fr","16":"tag-france","17":"tag-news","18":"tag-republique-francaise","19":"tag-ue","20":"tag-union-europeenne"},"share_on_mastodon":{"url":"https:\/\/pubeurope.com\/@fr\/115045879197064893","error":""},"_links":{"self":[{"href":"https:\/\/www.europesays.com\/fr\/wp-json\/wp\/v2\/posts\/325559","targetHints":{"allow":["GET"]}}],"collection":[{"href":"https:\/\/www.europesays.com\/fr\/wp-json\/wp\/v2\/posts"}],"about":[{"href":"https:\/\/www.europesays.com\/fr\/wp-json\/wp\/v2\/types\/post"}],"author":[{"embeddable":true,"href":"https:\/\/www.europesays.com\/fr\/wp-json\/wp\/v2\/users\/2"}],"replies":[{"embeddable":true,"href":"https:\/\/www.europesays.com\/fr\/wp-json\/wp\/v2\/comments?post=325559"}],"version-history":[{"count":0,"href":"https:\/\/www.europesays.com\/fr\/wp-json\/wp\/v2\/posts\/325559\/revisions"}],"wp:featuredmedia":[{"embeddable":true,"href":"https:\/\/www.europesays.com\/fr\/wp-json\/wp\/v2\/media\/325560"}],"wp:attachment":[{"href":"https:\/\/www.europesays.com\/fr\/wp-json\/wp\/v2\/media?parent=325559"}],"wp:term":[{"taxonomy":"category","embeddable":true,"href":"https:\/\/www.europesays.com\/fr\/wp-json\/wp\/v2\/categories?post=325559"},{"taxonomy":"post_tag","embeddable":true,"href":"https:\/\/www.europesays.com\/fr\/wp-json\/wp\/v2\/tags?post=325559"}],"curies":[{"name":"wp","href":"https:\/\/api.w.org\/{rel}","templated":true}]}}