{"id":325563,"date":"2025-08-17T20:00:14","date_gmt":"2025-08-17T20:00:14","guid":{"rendered":"https:\/\/www.europesays.com\/fr\/325563\/"},"modified":"2025-08-17T20:00:14","modified_gmt":"2025-08-17T20:00:14","slug":"bloquons-tout-a-brest-des-militants-preparent-le-mouvement-du-10-septembre","status":"publish","type":"post","link":"https:\/\/www.europesays.com\/fr\/325563\/","title":{"rendered":"\u00ab\u00a0Bloquons tout\u00a0\u00bb\u00a0: \u00e0 Brest, des militants pr\u00e9parent le mouvement du 10\u00a0septembre"},"content":{"rendered":"<p>\u00ab\u00a0C\u2019est quoi, l\u2019id\u00e9e\u00a0? C\u2019est quoi, le projet\u00a0?\u00a0\u00bb. Comme ce trentenaire, certains s\u2019interrogeaient, ce dimanche 17 ao\u00fbt 2025, au d\u00e9but de l\u2019assembl\u00e9e g\u00e9n\u00e9rale brestoise du mouvement \u00ab\u00a0Indignons-nous\u00a0\u00bb. Ce mouvement est n\u00e9 cet \u00e9t\u00e9 sur internet, autour du slogan \u00ab\u00a0Bloquons tout\u00a0\u00bb. \u00ab\u00a0C\u2019est ce dont on doit discuter ici\u00a0\u00bb, a r\u00e9pondu Anna\u00ebl, une des activistes qui a lanc\u00e9 l\u2019appel au rassemblement \u00e0 Brest. \u00ab\u00a0Voir ce qu\u2019on peut faire le mercredi 10 septembre et s\u2019organiser pour que les choses puissent durer\u00a0\u00bb.<\/p>\n<p>Environ 30 personnes ont \u00e9chang\u00e9 pendant deux heures, \u00e0 l\u2019ombre des halles de Kerinou, \u00e0 Brest. Plusieurs militants politiques ou syndicaux de gauche, mais aussi des personnes, jeunes ou pas, qui s\u2019appr\u00eatent \u00e0 vivre leur premier mouvement social. Les principales revendications portent sur l\u2019aust\u00e9rit\u00e9 budg\u00e9taire, notamment le projet de suppression de deux jours f\u00e9ri\u00e9s \u00e9voqu\u00e9 par Fran\u00e7ois Bayrou.<\/p>\n<p>\u00ab\u00a0L\u2019enjeu, c\u2019est de massifier le mouvement\u00a0\u00bb<\/p>\n<p>L\u2019id\u00e9e initiale de se confiner le 10 septembre n\u2019a pas convaincu les militants brestois. \u00ab\u00a0Je crois au blocage comme un \u00e9l\u00e9ment central pour d\u00e9clencher un mouvement\u00a0\u00bb, a argument\u00e9 Ludo (*), militant d\u2019une trentaine d\u2019ann\u00e9es, qui a particip\u00e9 au mouvement des Gilets jaunes. L\u2019id\u00e9e de bloquer des axes strat\u00e9giques pour perturber l\u2019\u00e9conomie a \u00e9t\u00e9 \u00e9voqu\u00e9e, comme celle de \u00ab\u00a0mettre la pression sur les \u00e9lus locaux\u00a0\u00bb.\u00a0Un autre activiste estime\u00a0: \u00ab\u00a0Il y aura des actions de blocage mais il y aura aussi plein d\u2019autres choses\u00a0\u00bb.<\/p>\n<p>Les collages d\u2019affiches, qui renvoient sur un groupe sur l\u2019application Signal, doivent s\u2019intensifier. Des tractages sont pr\u00e9vus fin ao\u00fbt et d\u00e9but septembre devant les Caisses d\u2019allocations familiales (Caf), les P\u00f4les Emploi, les \u00e9tablissements scolaires ou les supermarch\u00e9s. Une nouvelle assembl\u00e9e g\u00e9n\u00e9rale sera organis\u00e9e le mercredi 3 septembre \u00e0 Brest, \u00e0 19\u00a0h, aux halles de Kerinou. \u00ab\u00a0L\u2019enjeu, c\u2019est de massifier le mouvement\u00a0\u00bb, a r\u00e9sum\u00e9 Anna\u00ebl.<\/p>\n<p class=\"note\">(*) Pr\u00e9nom chang\u00e9, \u00e0 sa demande.<\/p>\n","protected":false},"excerpt":{"rendered":"\u00ab\u00a0C\u2019est quoi, l\u2019id\u00e9e\u00a0? C\u2019est quoi, le projet\u00a0?\u00a0\u00bb. Comme ce trentenaire, certains s\u2019interrogeaient, ce dimanche 17 ao\u00fbt 2025, au&hellip;\n","protected":false},"author":2,"featured_media":325564,"comment_status":"","ping_status":"","sticky":false,"template":"","format":"standard","meta":{"footnotes":""},"categories":[2],"tags":[11,3450,46255,765,1011,27,6151,2088,12,25,801],"class_list":{"0":"post-325563","1":"post","2":"type-post","3":"status-publish","4":"format-standard","5":"has-post-thumbnail","7":"category-actualites","8":"tag-actualites","9":"tag-brest","10":"tag-brest-kerinou","11":"tag-en-continu","12":"tag-fr","13":"tag-france","14":"tag-greve","15":"tag-manifestation","16":"tag-news","17":"tag-republique-francaise","18":"tag-social"},"share_on_mastodon":{"url":"https:\/\/pubeurope.com\/@fr\/115045887070942751","error":""},"_links":{"self":[{"href":"https:\/\/www.europesays.com\/fr\/wp-json\/wp\/v2\/posts\/325563","targetHints":{"allow":["GET"]}}],"collection":[{"href":"https:\/\/www.europesays.com\/fr\/wp-json\/wp\/v2\/posts"}],"about":[{"href":"https:\/\/www.europesays.com\/fr\/wp-json\/wp\/v2\/types\/post"}],"author":[{"embeddable":true,"href":"https:\/\/www.europesays.com\/fr\/wp-json\/wp\/v2\/users\/2"}],"replies":[{"embeddable":true,"href":"https:\/\/www.europesays.com\/fr\/wp-json\/wp\/v2\/comments?post=325563"}],"version-history":[{"count":0,"href":"https:\/\/www.europesays.com\/fr\/wp-json\/wp\/v2\/posts\/325563\/revisions"}],"wp:featuredmedia":[{"embeddable":true,"href":"https:\/\/www.europesays.com\/fr\/wp-json\/wp\/v2\/media\/325564"}],"wp:attachment":[{"href":"https:\/\/www.europesays.com\/fr\/wp-json\/wp\/v2\/media?parent=325563"}],"wp:term":[{"taxonomy":"category","embeddable":true,"href":"https:\/\/www.europesays.com\/fr\/wp-json\/wp\/v2\/categories?post=325563"},{"taxonomy":"post_tag","embeddable":true,"href":"https:\/\/www.europesays.com\/fr\/wp-json\/wp\/v2\/tags?post=325563"}],"curies":[{"name":"wp","href":"https:\/\/api.w.org\/{rel}","templated":true}]}}