{"id":32557,"date":"2025-04-17T22:00:18","date_gmt":"2025-04-17T22:00:18","guid":{"rendered":"https:\/\/www.europesays.com\/fr\/32557\/"},"modified":"2025-04-17T22:00:18","modified_gmt":"2025-04-17T22:00:18","slug":"voici-les-derniers-chiffres-de-la-vegetalisation","status":"publish","type":"post","link":"https:\/\/www.europesays.com\/fr\/32557\/","title":{"rendered":"voici les derniers chiffres de la v\u00e9g\u00e9talisation"},"content":{"rendered":"<p>            Par<br \/>\n        <strong><br \/>\n            <a href=\"https:\/\/actu.fr\/auteur\/ludivine-caporal\" title=\"Consulter tous les articles de Ludivine Caporal\" rel=\"nofollow noopener\" target=\"_blank\">Ludivine Caporal<\/a><br \/>\n        <\/strong><\/p>\n<p>        Publi\u00e9 le<\/p>\n<p>            16 avr. 2025 \u00e0 17h12        <\/p>\n<p>\u00ab\u2009Lyon se transforme assur\u00e9ment\u2009\u00bb, a fi\u00e8rement lanc\u00e9 <a href=\"https:\/\/actu.fr\/tag\/gregory-doucet\" rel=\"nofollow noopener\" target=\"_blank\">Gr\u00e9gory Doucet<\/a>, maire de la ville, lors du point presse organis\u00e9 ce mercredi 16\u00a0avril 2025 pour faire le bilan des<strong> actions de v\u00e9g\u00e9talisation<\/strong> de la municipalit\u00e9.<br \/>Mais apr\u00e8s avoir annonc\u00e9, il y a de \u00e7a quelques ann\u00e9es, <a href=\"https:\/\/actu.fr\/auvergne-rhone-alpes\/lyon_69123\/bientot-des-arbres-partout-a-lyon-voici-ce-que-prevoit-la-mairie_50676712.html\" rel=\"nofollow noopener\" target=\"_blank\">la plantation de 10\u2009000 arbres suppl\u00e9mentaires<\/a> en ville d\u2019ici 2026, cette derni\u00e8re a-t-elle tenu ses promesses\u2009? On fait le point.<\/p>\n<p>14 hectares de nature cr\u00e9\u00e9s<\/p>\n<p class=\" wall-content\">En cinq saisons de plantation, c\u2019est ainsi pr\u00e8s de 14 hectares de nature qui ont \u00e9t\u00e9 regagn\u00e9s sur le bitume, 260 projets qui ont \u00e9t\u00e9 r\u00e9alis\u00e9s et <strong>129 rues qui ont \u00e9t\u00e9 v\u00e9g\u00e9talis\u00e9es<\/strong>, selon les chiffres d\u00e9voil\u00e9s par la collectivit\u00e9.<\/p>\n<p class=\" wall-content\">Cet hiver 2024\/2025, certains projets ont ainsi officiellement vu le jour comme les am\u00e9nagements v\u00e9g\u00e9talis\u00e9s de quatre rues embl\u00e9matiques du 2e arrondissement (Ferrandi\u00e8re, Tupin, 4 Chapeaux, Palais Grillet) et de la grande rue de la <a href=\"https:\/\/actu.fr\/tag\/guillotiere\" rel=\"nofollow noopener\" target=\"_blank\">Guilloti\u00e8re<\/a>, dans le 7e arrondissement.<\/p>\n<p>Deux fois plus de plantations qu\u2019avant<\/p>\n<p class=\" wall-content\">\u00ab\u2009\u00c7a peut paraitre peu au vu des 48 km\u00b2 de notre commune, mais c\u2019est \u00e9norme, vraiment. Et ce n\u2019est pas fini puisqu\u2019on va avoir <a href=\"https:\/\/actu.fr\/auvergne-rhone-alpes\/lyon_69123\/lyon-cet-enorme-projet-de-parc-avance-les-premiers-travaux-prevus-en-2025_61968345.html\" rel=\"nofollow noopener\" target=\"_blank\">le parc des Balmes<\/a>, <a href=\"https:\/\/actu.fr\/auvergne-rhone-alpes\/lyon_69123\/lyon-le-chantier-de-la-grande-foret-urbaine-de-part-dieu-lance-voici-ce-qui-est-prevu_62357933.html\" rel=\"nofollow noopener\" target=\"_blank\">le bois de la Part-Dieu<\/a>, <a href=\"https:\/\/actu.fr\/auvergne-rhone-alpes\/lyon_69123\/lyon-un-changement-radical-annonce-a-confluence-les-nouvelles-images-devoilees_62466708.html\" rel=\"nofollow noopener\" target=\"_blank\">le champ de la Confluence<\/a>\u2026\u2009\u00bb, a tenu \u00e0 souligner l\u2019\u00e9lu \u00e9cologiste.<\/p>\n<p class=\" wall-content\">Son adjoint \u00e0 la v\u00e9g\u00e9talisation, Gautier Chapuis, a par ailleurs pr\u00e9cis\u00e9 que la municipalit\u00e9 actuelle plantait \u00ab\u2009deux fois plus\u2009\u00bb d\u2019arbres que celle du mandat pr\u00e9c\u00e9dent, lorsque G\u00e9rard Collomb \u00e9tait au pouvoir.<\/p>\n<p>12\u2009000 arbres en plus<\/p>\n<p class=\" wall-content\">Justement, en ce qui concerne les arbres, les \u00e9cologistes ont m\u00eame largement <strong>d\u00e9pass\u00e9<\/strong> leur pronostic de d\u00e9part. Eux qui avaient promis 10\u2009000 arbres en plus d\u2019ici la fin du mandat seront finalement plus proches des 12\u2009000, le chiffre pr\u00e9cis estim\u00e9 pour mars\u00a02026 \u00e9tant celui de 11\u2009800.<\/p>\n<p class=\" wall-content\">Un objectif plus qu\u2019atteint pour la Ville de Lyon, donc, pas peu fi\u00e8re du travail accompli jusqu\u2019ici.<\/p>\n<p class=\" wall-content\">Suivez toute l\u2019actualit\u00e9 de vos villes et m\u00e9dias favoris en vous inscrivant \u00e0 <a href=\"https:\/\/moncompte.actu.fr\" title=\"D\u00e9couvez Mon Actu\" rel=\"nofollow noopener\" data-trk=\"{&quot;cta&quot;:{&quot;action&quot;:&quot;https:\\\/\\\/moncompte.actu.fr&quot;,&quot;category&quot;:&quot;mon compte&quot;,&quot;from&quot;:&quot;article footer&quot;,&quot;name&quot;:&quot;Mon actu&quot;,&quot;type&quot;:&quot;cta&quot;}}\" target=\"_blank\">Mon Actu<\/a>.<\/p>\n<ul class=\"ac-article-tag wall-content\">\n<li><a href=\"https:\/\/actu.fr\/tag\/environnement\" data-trk=\"{&quot;cta&quot;:{&quot;action&quot;:&quot;Environnement&quot;,&quot;category&quot;:&quot;tag&quot;,&quot;from&quot;:&quot;article footer&quot;,&quot;name&quot;:&quot;Environnement&quot;,&quot;type&quot;:&quot;cta&quot;}}\" rel=\"nofollow noopener\" target=\"_blank\">#Environnement<\/a><\/li>\n<li><a href=\"https:\/\/actu.fr\/tag\/gregory-doucet\" data-trk=\"{&quot;cta&quot;:{&quot;action&quot;:&quot;Gr\\u00e9gory Doucet&quot;,&quot;category&quot;:&quot;tag&quot;,&quot;from&quot;:&quot;article footer&quot;,&quot;name&quot;:&quot;Gr\\u00e9gory Doucet&quot;,&quot;type&quot;:&quot;cta&quot;}}\" rel=\"nofollow noopener\" target=\"_blank\">#Gr\u00e9gory Doucet<\/a><\/li>\n<\/ul>\n","protected":false},"excerpt":{"rendered":"Par Ludivine Caporal Publi\u00e9 le 16 avr. 2025 \u00e0 17h12 \u00ab\u2009Lyon se transforme assur\u00e9ment\u2009\u00bb, a fi\u00e8rement lanc\u00e9 Gr\u00e9gory&hellip;\n","protected":false},"author":2,"featured_media":32558,"comment_status":"","ping_status":"","sticky":false,"template":"","format":"standard","meta":{"footnotes":""},"categories":[1889],"tags":[1111,11,2430,436,1777,674,1011,27,5226,2428,12,52,25],"class_list":{"0":"post-32557","1":"post","2":"type-post","3":"status-publish","4":"format-standard","5":"has-post-thumbnail","7":"category-lyon","8":"tag-actu","9":"tag-actualites","10":"tag-auvergne-rhone-alpes","11":"tag-environnement","12":"tag-eu","13":"tag-europe","14":"tag-fr","15":"tag-france","16":"tag-gregory-doucet","17":"tag-lyon","18":"tag-news","19":"tag-planete","20":"tag-republique-francaise"},"share_on_mastodon":{"url":"https:\/\/pubeurope.com\/@fr\/114355557017485388","error":""},"_links":{"self":[{"href":"https:\/\/www.europesays.com\/fr\/wp-json\/wp\/v2\/posts\/32557","targetHints":{"allow":["GET"]}}],"collection":[{"href":"https:\/\/www.europesays.com\/fr\/wp-json\/wp\/v2\/posts"}],"about":[{"href":"https:\/\/www.europesays.com\/fr\/wp-json\/wp\/v2\/types\/post"}],"author":[{"embeddable":true,"href":"https:\/\/www.europesays.com\/fr\/wp-json\/wp\/v2\/users\/2"}],"replies":[{"embeddable":true,"href":"https:\/\/www.europesays.com\/fr\/wp-json\/wp\/v2\/comments?post=32557"}],"version-history":[{"count":0,"href":"https:\/\/www.europesays.com\/fr\/wp-json\/wp\/v2\/posts\/32557\/revisions"}],"wp:featuredmedia":[{"embeddable":true,"href":"https:\/\/www.europesays.com\/fr\/wp-json\/wp\/v2\/media\/32558"}],"wp:attachment":[{"href":"https:\/\/www.europesays.com\/fr\/wp-json\/wp\/v2\/media?parent=32557"}],"wp:term":[{"taxonomy":"category","embeddable":true,"href":"https:\/\/www.europesays.com\/fr\/wp-json\/wp\/v2\/categories?post=32557"},{"taxonomy":"post_tag","embeddable":true,"href":"https:\/\/www.europesays.com\/fr\/wp-json\/wp\/v2\/tags?post=32557"}],"curies":[{"name":"wp","href":"https:\/\/api.w.org\/{rel}","templated":true}]}}