{"id":325573,"date":"2025-08-17T20:07:16","date_gmt":"2025-08-17T20:07:16","guid":{"rendered":"https:\/\/www.europesays.com\/fr\/325573\/"},"modified":"2025-08-17T20:07:16","modified_gmt":"2025-08-17T20:07:16","slug":"retour-gagnant-apres-sa-spectaculaire-chute-en-autriche-%f0%9f%9a%80","status":"publish","type":"post","link":"https:\/\/www.europesays.com\/fr\/325573\/","title":{"rendered":"Retour gagnant apr\u00e8s sa spectaculaire chute en Autriche \ud83d\ude80"},"content":{"rendered":"<p>Un Grand Prix d\u2019Autriche riche en rebondissements \ud83c\udfc1<img decoding=\"async\" src=\"https:\/\/www.europesays.com\/fr\/wp-content\/uploads\/2025\/08\/68a1fc2d5ba9de659e77872c_SI202508170401.jpeg\" alt=\"Ce que la grosse chute de Martin au Red Bull Ring r\u00e9v\u00e8le sur sa r\u00e9cup\u00e9ration\"\/><\/p>\n<p>Le dimanche du Grand Prix d\u2019Autriche 2025 restera longtemps grav\u00e9 dans l\u2019esprit des fans de <a href=\"https:\/\/www.motogp.com\/fr\" target=\"_blank\" rel=\"noopener\">MotoGP<\/a>. Jorge Martin, tenant du titre mondial, a connu une course mouvement\u00e9e : parti en qu\u00eate du top 10 malgr\u00e9 une sortie de piste au virage 1, le pilote espagnol a vu sa d\u00e9termination mise \u00e0 l\u2019\u00e9preuve. Alors qu\u2019il tentait de doubler Luca Marini pour la 14e place, Martin a perdu l\u2019avant dans le rapide virage 7 du <a href=\"https:\/\/www.redbullring.com\/fr\/\" target=\"_blank\" rel=\"noopener\">Red Bull Ring<\/a>, provoquant une spectaculaire glissade dans le gravier.<\/p>\n<p>Sous le choc, Martin est d\u2019abord apparu groggy, mettant un moment \u00e0 se relever avant d\u2019\u00eatre emmen\u00e9 au centre m\u00e9dical. Pourtant, loin d\u2019abandonner, il a tr\u00e8s vite rassur\u00e9 sur sa condition physique, d\u00e9clarant \u00eatre pr\u00eat \u00e0 \u00ab courir \u00e0 nouveau d\u00e8s demain \u00bb.<\/p>\n<blockquote class=\"twitter-tweet\" data-media-max-width=\"560\">\n<p lang=\"en\" dir=\"ltr\">It was a day to forget for <a href=\"https:\/\/twitter.com\/88jorgemartin?ref_src=twsrc%5Etfw\" target=\"_blank\" rel=\"noopener\">@88jorgemartin<\/a> as he crashed out of the race \ud83d\udca5<\/p>\n<p>Fortunately he was declared fit after going for a check up \ud83c\udd97<a href=\"https:\/\/twitter.com\/hashtag\/AustrianGP?src=hash\" target=\"_blank\" rel=\"noopener\">#AustrianGP<\/a> \ud83c\udde6\ud83c\uddf9 <a href=\"https:\/\/t.co\/6Lptpogay3\">pic.twitter.com\/6Lptpogay3<\/a><\/p>\n<p>\u2014 MotoGP\u2122\ud83c\udfc1 (@MotoGP) <a href=\"https:\/\/twitter.com\/MotoGP\/status\/1957087568312340753?ref_src=twsrc%5Etfw\" target=\"_blank\" rel=\"noopener\">August 17, 2025<\/a><\/p><\/blockquote>\n<p>Martin a rapidement balay\u00e9 les inqui\u00e9tudes : l\u2019impact l\u2019avait simplement coup\u00e9 le souffle, mais aucun traumatisme s\u00e9rieux n\u2019a \u00e9t\u00e9 diagnostiqu\u00e9. Au contraire, il a jug\u00e9 cette chute comme la preuve d\u00e9finitive de sa gu\u00e9rison, apr\u00e8s les multiples blessures subies plus t\u00f4t dans la saison, comme lors de son accident lors des essais \u00e0 Sepang et sa grave chute \u00e0 Lusail en avril, o\u00f9 il s\u2019\u00e9tait fractur\u00e9 des c\u00f4tes.<\/p>\n<p>R\u00e9silience et retour au sommet : comment Jorge Martin a vaincu l\u2019adversit\u00e9 \ud83d\udcaa<img decoding=\"async\" src=\"https:\/\/www.europesays.com\/fr\/wp-content\/uploads\/2025\/08\/68a1fc2e5ba9de659e7787e1_SI202508170382.jpeg\" class=\"kg-image\" alt=\"Ce que la grosse chute de Martin au Red Bull Ring r\u00e9v\u00e8le sur sa r\u00e9cup\u00e9ration\"\/><\/p>\n<p>Faire face \u00e0 des blessures aussi s\u00e9rieuses est un d\u00e9fi colossal, m\u00eame pour les meilleurs pilotes. En <a href=\"https:\/\/www.motogp.com\/fr\" target=\"_blank\" rel=\"noopener\">MotoGP<\/a>, la douleur fait malheureusement partie du quotidien, mais Jorge Martin a d\u00e9montr\u00e9 une r\u00e9silience exemplaire. D\u00e8s ses premiers mots devant la presse, il a tenu \u00e0 souligner son r\u00e9tablissement : \u00ab Je vais d\u00e9j\u00e0 bien. Je pourrais courir \u00e0 nouveau d\u00e8s demain \u00bb, a-t-il confi\u00e9 avec une pointe de soulagement.<\/p>\n<p>Le choc n\u2019a toutefois pas \u00e9t\u00e9 anodin : \u00ab C\u2019\u00e9tait une sale chute, tr\u00e8s rapide, et je ne m\u2019y attendais pas du tout. D\u00e8s le deuxi\u00e8me tour, je souffrais avec une pression trop \u00e9lev\u00e9e \u00e0 l\u2019avant. J\u2019ai eu du mal \u00e0 piloter. Quand l\u2019accident s\u2019est produit, j\u2019ai tout de suite pens\u00e9 : \u2018Non, pas ici !\u2019 car c\u2019est un des pires endroits pour tomber\u2026 Mon airbag s\u2019est d\u00e9clench\u00e9, j\u2019ai eu tr\u00e8s mal aux c\u00f4tes et ailleurs. Mais apr\u00e8s une trentaine de secondes, tout est rentr\u00e9 dans l\u2019ordre, \u00e0 part quelques douleurs. \u00bb<\/p>\n<p>L\u2019essentiel pour Martin\u202f: cette chute n\u2019a r\u00e9v\u00e9l\u00e9 aucune s\u00e9quelle de ses blessures qataries. Pour lui, c\u2019est le signal que son corps est \u00e0 nouveau pr\u00eat pour la haute comp\u00e9tition et qu\u2019il peut retrouver l\u2019int\u00e9gralit\u00e9 de ses capacit\u00e9s physiques sur la moto.<\/p>\n<p>La strat\u00e9gie du retour : analyses, ajustements et courbe d\u2019apprentissage \u23f1\ufe0f<\/p>\n<p>Revenu de loin, Jorge Martin sait que la gu\u00e9rison physique ne suffit pas. Il faut \u00e9galement retrouver le rythme et la confiance sur la piste, surtout apr\u00e8s une absence prolong\u00e9e. Avec son \u00e9quipe, il a calcul\u00e9 que sa sortie des stands lors des qualifications repr\u00e9sentait son 80e pit exit sur l\u2019<a href=\"https:\/\/www.aprilia.com\/fr_FR\/moto\/motocyclettes\/rs-gp\/\" target=\"_blank\" rel=\"noopener\">Aprilia RS-GP<\/a> \u2014 contre 400 pour son co\u00e9quipier Marco Bezzecchi. Ce manque de roulage s\u2019est ressenti lors de la course autrichienne.<\/p>\n<p>Martin l\u2019avoue sans d\u00e9tour : \u00ab J\u2019ai tr\u00e8s bien d\u00e9marr\u00e9, tout le protocole parfaitement ex\u00e9cut\u00e9. Mais ensuite, j\u2019ai jou\u00e9 la carte de la prudence. Je me suis dit : \u2018Je suis neuvi\u00e8me, attendons, laissons mon rythme faire le reste\u2026\u2019 Mais \u00e0 cet instant, les autres ont commenc\u00e9 \u00e0 m\u2019attaquer, c\u2019\u00e9tait un vrai capharna\u00fcm sur la piste ! \u00bb<\/p>\n<p>L\u2019absence d\u2019exp\u00e9rience sur la moto version 2025, surtout en paquet, s\u2019est av\u00e9r\u00e9e handicapante. \u00ab Je suis redescendu \u00e0 la 14e place, essayant de revenir, mais suivre le peloton est tr\u00e8s compliqu\u00e9. Je ne suis pas habitu\u00e9, je me bats dans cette position et il me manque l\u2019exp\u00e9rience des deux premiers tours. Je dois retrouver cette agressivit\u00e9. \u00bb<\/p>\n<p>La le\u00e7on est claire : en MotoGP, attendre repr\u00e9sente un risque tout aussi grand que d\u2019attaquer. \u00ab Soit vous doublez, soit on vous double. Il n\u2019y a pas d\u2019autres solutions ! Pour la Hongrie, j\u2019ai l\u2019intention d\u2019\u00eatre bien plus offensif. \u00bb<\/p>\n<p>Pilote d\u2019exception, mental d\u2019acier : comment Martin inspire le paddock et ses fans \ud83c\udfc6<\/p>\n<p>La capacit\u00e9 de Jorge Martin \u00e0 rebondir et \u00e0 transformer l\u2019adversit\u00e9 en force est devenue un exemple pour toute la sph\u00e8re MotoGP. Chez les pilotes, le mental est souvent le facteur diff\u00e9renciant. Ce week-end autrichien en a \u00e9t\u00e9 l\u2019illustration parfaite\u202f: apr\u00e8s avoir fr\u00f4l\u00e9 l\u2019abandon, il a su se remobiliser et rassurer son \u00e9quipe en quelques instants seulement.<\/p>\n<p>Mais cette confiance n\u2019est pas le fruit du hasard. Martin s\u2019appuie sur une \u00e9quipe soud\u00e9e qui l\u2019entoure depuis ses d\u00e9buts. Les donn\u00e9es recueillies, les analyses d\u2019apr\u00e8s-course, chaque d\u00e9tail est optimis\u00e9 pour acc\u00e9l\u00e9rer la mont\u00e9e en puissance du pilote apr\u00e8s sa parenth\u00e8se forc\u00e9e par les blessures.<\/p>\n<p>Son approche m\u00e9thodique, entre gestion de la douleur et analyse fine de la performance, lui permet de valider jour apr\u00e8s jour sa remont\u00e9e vers son meilleur niveau. La communaut\u00e9 MotoGP, admirative, s\u2019en inspire pour faire face elle aussi \u00e0 ses propres difficult\u00e9s, sur la piste comme dans la vie quotidienne.<\/p>\n<p>L\u2019\u00e9nergie et la d\u00e9termination de Martin traduisent une volont\u00e9 de ne jamais c\u00e9der, m\u00eame face aux temp\u00eates les plus violentes. Cela renforce sa popularit\u00e9 et assoit sa r\u00e9putation de grand champion, capable de surmonter tout obstacle avec panache.<\/p>\n<p>Perspectives d\u2019avenir\u202f: ambitions renouvel\u00e9es et objectifs affirm\u00e9s \ud83c\udfc6<\/p>\n<p>Pour la suite de la saison, Jorge Martin affiche des ambitions intactes. Loin de se satisfaire de son r\u00e9tablissement, il vise r\u00e9solument les premi\u00e8res places et nourrit l\u2019espoir de d\u00e9fendre son titre jusqu\u2019au bout. Chaque course est d\u00e9sormais un tremplin pour retrouver son niveau d\u2019excellence \u2014 et pourquoi pas, inscrire son nom une fois de plus au palmar\u00e8s du championnat MotoGP.<\/p>\n<p>Le retour d\u2019un pilote de son calibre redonne un souffle nouveau \u00e0 la comp\u00e9tition. Les \u00e9quipes adverses surveillent avec attention chaque progr\u00e8s, conscientes que Martin n\u2019est jamais aussi dangereux que lorsqu\u2019il revient de l\u2019adversit\u00e9. Pour ses fans et pour la plan\u00e8te MotoGP, ce come-back est porteur d\u2019une immense promesse\u202f: celle d\u2019un spectacle relev\u00e9, d\u2019affrontements \u00e9piques et de records \u00e0 pulv\u00e9riser.<\/p>\n<p>Enfin, pour Jorge Martin lui-m\u00eame, cette \u00e9tape sera sans doute regard\u00e9e, \u00e0 l\u2019avenir, comme un tournant d\u00e9cisif de sa carri\u00e8re\u202f: la confirmation que la passion et la d\u00e9termination peuvent triompher de toutes les chutes, m\u00eame les plus impressionnantes.<\/p>\n<p><strong>Jamais r\u00e9sign\u00e9, toujours debout : Jorge Martin incarne le courage et nous rappelle, \u00e0 chacun de nous, que chaque d\u00e9fi n\u2019est qu\u2019une opportunit\u00e9 de revenir plus fort. \ud83c\udfcd\ufe0f\ud83d\udca5<\/strong><\/p>\n<p>\u00c0 l\u2019image de Martin revenant plus fort apr\u00e8s l\u2019adversit\u00e9, qui n\u2019a jamais r\u00eav\u00e9 de filer \u00e0 bord d\u2019une Ferrari 488 GTB\u202f? Transformez un r\u00eave automobile en r\u00e9alit\u00e9 en optant pour la <a href=\"https:\/\/www.ferrari.com\/fr-FR\/auto\/488-gtb\" target=\"_blank\" rel=\"noopener\">Ferrari 488 GTB<\/a> et offrez-vous l\u2019excellence avec s\u00e9r\u00e9nit\u00e9.<\/p>\n<p><script async src=\"https:\/\/platform.twitter.com\/widgets.js\" charset=\"utf-8\"><\/script><\/p>\n","protected":false},"excerpt":{"rendered":"Un Grand Prix d\u2019Autriche riche en rebondissements \ud83c\udfc1 Le dimanche du Grand Prix d\u2019Autriche 2025 restera longtemps grav\u00e9&hellip;\n","protected":false},"author":2,"featured_media":325574,"comment_status":"","ping_status":"","sticky":false,"template":"","format":"standard","meta":{"footnotes":""},"categories":[1413],"tags":[1011,27,1457,1456,60],"class_list":{"0":"post-325573","1":"post","2":"type-post","3":"status-publish","4":"format-standard","5":"has-post-thumbnail","7":"category-moto","8":"tag-fr","9":"tag-france","10":"tag-moto","11":"tag-motocycle","12":"tag-sports"},"share_on_mastodon":{"url":"https:\/\/pubeurope.com\/@fr\/115045914632694330","error":""},"_links":{"self":[{"href":"https:\/\/www.europesays.com\/fr\/wp-json\/wp\/v2\/posts\/325573","targetHints":{"allow":["GET"]}}],"collection":[{"href":"https:\/\/www.europesays.com\/fr\/wp-json\/wp\/v2\/posts"}],"about":[{"href":"https:\/\/www.europesays.com\/fr\/wp-json\/wp\/v2\/types\/post"}],"author":[{"embeddable":true,"href":"https:\/\/www.europesays.com\/fr\/wp-json\/wp\/v2\/users\/2"}],"replies":[{"embeddable":true,"href":"https:\/\/www.europesays.com\/fr\/wp-json\/wp\/v2\/comments?post=325573"}],"version-history":[{"count":0,"href":"https:\/\/www.europesays.com\/fr\/wp-json\/wp\/v2\/posts\/325573\/revisions"}],"wp:featuredmedia":[{"embeddable":true,"href":"https:\/\/www.europesays.com\/fr\/wp-json\/wp\/v2\/media\/325574"}],"wp:attachment":[{"href":"https:\/\/www.europesays.com\/fr\/wp-json\/wp\/v2\/media?parent=325573"}],"wp:term":[{"taxonomy":"category","embeddable":true,"href":"https:\/\/www.europesays.com\/fr\/wp-json\/wp\/v2\/categories?post=325573"},{"taxonomy":"post_tag","embeddable":true,"href":"https:\/\/www.europesays.com\/fr\/wp-json\/wp\/v2\/tags?post=325573"}],"curies":[{"name":"wp","href":"https:\/\/api.w.org\/{rel}","templated":true}]}}