{"id":325583,"date":"2025-08-17T20:12:09","date_gmt":"2025-08-17T20:12:09","guid":{"rendered":"https:\/\/www.europesays.com\/fr\/325583\/"},"modified":"2025-08-17T20:12:09","modified_gmt":"2025-08-17T20:12:09","slug":"un-olivier-desperance-lartiste-yehiel-attias-rend-hommage-a-ilan-halimi","status":"publish","type":"post","link":"https:\/\/www.europesays.com\/fr\/325583\/","title":{"rendered":"Un Olivier D\u2019esp\u00e9rance : L&rsquo;artiste Yehiel Attias Rend Hommage \u00c0 Ilan Halimi"},"content":{"rendered":"<p class=\"\" data-is=\"component-paragraph\">Dans Le Prime diffus\u00e9 dimanche sur i24NEWS, le peintre Yehiel Attias a partag\u00e9 l\u2019\u00e9motion suscit\u00e9e par son projet artistique salu\u00e9 sur les r\u00e9seaux sociaux : une fresque repr\u00e9sentant un olivier, symbole de paix et d\u2019espoir, en hommage \u00e0 Ilan Halimi, accompagn\u00e9 d\u2019un verset tir\u00e9 du Livre de Job \u2014 \u00ab Car pour l\u2019arbre, il est encore de l\u2019espoir \u00bb.<\/p>\n<p class=\"\" data-is=\"component-paragraph\">\u00ab Ce n\u2019\u00e9tait qu\u2019une maquette digitale \u00bb, pr\u00e9cise-t-il, soulignant qu\u2019il n\u2019attendait pas un tel succ\u00e8s. Son intention n\u2019\u00e9tait pas seulement esth\u00e9tique : \u00ab Cet arbre, \u00e7a interpelle. M\u00eame tron\u00e7onn\u00e9, il repoussera. \u00bb Une symbolique forte que l\u2019artiste souhaitait transmettre face \u00e0 un geste de profanation particuli\u00e8rement violent.<\/p>\n<p class=\"\" data-is=\"component-paragraph\">Yehiel Attias n\u2019en est pas \u00e0 son premier engagement artistique contre l\u2019antis\u00e9mitisme. Il rappelle avoir d\u00e9j\u00e0 utilis\u00e9 son art pour contrer des tags haineux et pour r\u00e9agir aux provocations sur le mur des Justes. \u00ab Quand cela arrive, j\u2019ai besoin de mettre mon art au service de quelque chose de plus grand \u00bb, confie-t-il.\u00a0Pour l\u2019instant, l\u2019\u0153uvre existe uniquement sous forme num\u00e9rique. L\u2019artiste lance un appel aux municipalit\u00e9s afin de pouvoir la r\u00e9aliser \u00ab en vrai, sur un mur du 12e arrondissement de Paris \u00bb. Une \u0153uvre \u00e0 vis\u00e9e m\u00e9morielle, \u00ab digne d\u2019un monument o\u00f9 chacun pourrait se recueillir \u00bb, explique-t-il.<\/p>\n","protected":false},"excerpt":{"rendered":"Dans Le Prime diffus\u00e9 dimanche sur i24NEWS, le peintre Yehiel Attias a partag\u00e9 l\u2019\u00e9motion suscit\u00e9e par son projet&hellip;\n","protected":false},"author":2,"featured_media":325584,"comment_status":"","ping_status":"","sticky":false,"template":"","format":"standard","meta":{"footnotes":""},"categories":[1358],"tags":[1348,1384,1385,1386,58,59,1011,27],"class_list":{"0":"post-325583","1":"post","2":"type-post","3":"status-publish","4":"format-standard","5":"has-post-thumbnail","7":"category-arts-et-design","8":"tag-arts","9":"tag-arts-and-design","10":"tag-arts-et-design","11":"tag-design","12":"tag-divertissement","13":"tag-entertainment","14":"tag-fr","15":"tag-france"},"share_on_mastodon":{"url":"https:\/\/pubeurope.com\/@fr\/115045934267424503","error":""},"_links":{"self":[{"href":"https:\/\/www.europesays.com\/fr\/wp-json\/wp\/v2\/posts\/325583","targetHints":{"allow":["GET"]}}],"collection":[{"href":"https:\/\/www.europesays.com\/fr\/wp-json\/wp\/v2\/posts"}],"about":[{"href":"https:\/\/www.europesays.com\/fr\/wp-json\/wp\/v2\/types\/post"}],"author":[{"embeddable":true,"href":"https:\/\/www.europesays.com\/fr\/wp-json\/wp\/v2\/users\/2"}],"replies":[{"embeddable":true,"href":"https:\/\/www.europesays.com\/fr\/wp-json\/wp\/v2\/comments?post=325583"}],"version-history":[{"count":0,"href":"https:\/\/www.europesays.com\/fr\/wp-json\/wp\/v2\/posts\/325583\/revisions"}],"wp:featuredmedia":[{"embeddable":true,"href":"https:\/\/www.europesays.com\/fr\/wp-json\/wp\/v2\/media\/325584"}],"wp:attachment":[{"href":"https:\/\/www.europesays.com\/fr\/wp-json\/wp\/v2\/media?parent=325583"}],"wp:term":[{"taxonomy":"category","embeddable":true,"href":"https:\/\/www.europesays.com\/fr\/wp-json\/wp\/v2\/categories?post=325583"},{"taxonomy":"post_tag","embeddable":true,"href":"https:\/\/www.europesays.com\/fr\/wp-json\/wp\/v2\/tags?post=325583"}],"curies":[{"name":"wp","href":"https:\/\/api.w.org\/{rel}","templated":true}]}}