{"id":325585,"date":"2025-08-17T20:13:16","date_gmt":"2025-08-17T20:13:16","guid":{"rendered":"https:\/\/www.europesays.com\/fr\/325585\/"},"modified":"2025-08-17T20:13:16","modified_gmt":"2025-08-17T20:13:16","slug":"la-fete-de-la-rentree-a-boucherville-pour-les-amateurs-de-livres-et-de-culture","status":"publish","type":"post","link":"https:\/\/www.europesays.com\/fr\/325585\/","title":{"rendered":"La F\u00eate de la rentr\u00e9e \u00e0 Boucherville pour les amateurs de livres et de culture\u00a0"},"content":{"rendered":"<p>Le samedi 13 septembre a lieu la F\u00eate de la rentr\u00e9e.\u00a0<\/p>\n<p>L\u2019\u00e9v\u00e9nement promet une journ\u00e9e remplie d\u2019activit\u00e9s pour toute la famille.\u00a0<\/p>\n<p>Les visiteurs pourront toujours parcourir la vaste s\u00e9lection de livres usag\u00e9s \u00e0 bas prix.\u00a0\u00a0<\/p>\n<p>En nouveaut\u00e9, des billets cach\u00e9s offriront la chance de repartir avec un livre gratuit.\u00a0\u00a0<\/p>\n<p>En plus de cette chasse aux tr\u00e9sors litt\u00e9raires, des jeux et des rafra\u00eechissements seront propos\u00e9s.\u00a0\u00a0<\/p>\n<p>La Soci\u00e9t\u00e9 d\u2019histoire des \u00celes-Perc\u00e9es tiendra \u00e9galement un kiosque pour partager ses connaissances et publications avec le public.\u00a0<\/p>\n<p>Le programme de l\u2019apr\u00e8s-midi mettra en lumi\u00e8re divers talents locaux , soit une performance musicale de Sarah-Judith Hinse-Par\u00e9, violoniste, chanteuse et rappeuse, suivie d\u2019une lecture d\u2019un conte sur Frida Kahlo pour les enfants (r\u00e9servation en ligne requise).\u00a0<\/p>\n<p>Une lecture de po\u00e9sie par Chhannavath Lmut et des lectures th\u00e9\u00e2trales par des artistes du Th\u00e9\u00e2tre Jankijou.<\/p>\n","protected":false},"excerpt":{"rendered":"Le samedi 13 septembre a lieu la F\u00eate de la rentr\u00e9e.\u00a0 L\u2019\u00e9v\u00e9nement promet une journ\u00e9e remplie d\u2019activit\u00e9s pour&hellip;\n","protected":false},"author":2,"featured_media":325586,"comment_status":"","ping_status":"","sticky":false,"template":"","format":"standard","meta":{"footnotes":""},"categories":[1357],"tags":[1379,46256,58,59,652,46257,1011,27,330,46258,46259,1380,46260,46261,46262,46263],"class_list":{"0":"post-325585","1":"post","2":"type-post","3":"status-publish","4":"format-standard","5":"has-post-thumbnail","7":"category-livres","8":"tag-books","9":"tag-boucherville","10":"tag-divertissement","11":"tag-entertainment","12":"tag-famille","13":"tag-fete-de-la-rentree","14":"tag-fr","15":"tag-france","16":"tag-jeux","17":"tag-lecture-de-poesie","18":"tag-livre-gratuit","19":"tag-livres","20":"tag-performance-musicale","21":"tag-societe-dhistoire-des-iles-percees","22":"tag-talents-locaux","23":"tag-vente-de-livres"},"share_on_mastodon":{"url":"https:\/\/pubeurope.com\/@fr\/115045938213729479","error":""},"_links":{"self":[{"href":"https:\/\/www.europesays.com\/fr\/wp-json\/wp\/v2\/posts\/325585","targetHints":{"allow":["GET"]}}],"collection":[{"href":"https:\/\/www.europesays.com\/fr\/wp-json\/wp\/v2\/posts"}],"about":[{"href":"https:\/\/www.europesays.com\/fr\/wp-json\/wp\/v2\/types\/post"}],"author":[{"embeddable":true,"href":"https:\/\/www.europesays.com\/fr\/wp-json\/wp\/v2\/users\/2"}],"replies":[{"embeddable":true,"href":"https:\/\/www.europesays.com\/fr\/wp-json\/wp\/v2\/comments?post=325585"}],"version-history":[{"count":0,"href":"https:\/\/www.europesays.com\/fr\/wp-json\/wp\/v2\/posts\/325585\/revisions"}],"wp:featuredmedia":[{"embeddable":true,"href":"https:\/\/www.europesays.com\/fr\/wp-json\/wp\/v2\/media\/325586"}],"wp:attachment":[{"href":"https:\/\/www.europesays.com\/fr\/wp-json\/wp\/v2\/media?parent=325585"}],"wp:term":[{"taxonomy":"category","embeddable":true,"href":"https:\/\/www.europesays.com\/fr\/wp-json\/wp\/v2\/categories?post=325585"},{"taxonomy":"post_tag","embeddable":true,"href":"https:\/\/www.europesays.com\/fr\/wp-json\/wp\/v2\/tags?post=325585"}],"curies":[{"name":"wp","href":"https:\/\/api.w.org\/{rel}","templated":true}]}}