{"id":325587,"date":"2025-08-17T20:14:09","date_gmt":"2025-08-17T20:14:09","guid":{"rendered":"https:\/\/www.europesays.com\/fr\/325587\/"},"modified":"2025-08-17T20:14:09","modified_gmt":"2025-08-17T20:14:09","slug":"vire-de-la-tele-americaine-jimmy-kimmel-annonce-avoir-obtenu-la-nationalite-italienne-apres-lelection-de-donald-trump-ce-qui-se-passe-est-aussi-grave-quon-limaginait","status":"publish","type":"post","link":"https:\/\/www.europesays.com\/fr\/325587\/","title":{"rendered":"VIr\u00e9 de la t\u00e9l\u00e9 am\u00e9ricaine, Jimmy Kimmel annonce avoir obtenu la nationalit\u00e9 italienne apr\u00e8s l\u2019\u00e9lection de Donald Trump: \u00ab\u00a0Ce qui se passe est aussi grave qu\u2019on l\u2019imaginait\u00a0\u00bb"},"content":{"rendered":"<p>Dans un \u00e9pisode du podcast de Sarah Silverman, l\u2019humoriste Jimmy Kimmel a r\u00e9v\u00e9l\u00e9 qu&rsquo;il a obtenu la nationalit\u00e9 italienne. \u00ab\u00a0Ce qui se passe est aussi grave qu\u2019on l\u2019imaginait. C\u2019est m\u00eame bien pire, c\u2019est tout simplement incroyable. J\u2019ai l\u2019impression que c\u2019est probablement encore pire qu\u2019il ne le souhaiterait\u00a0\u00bb, a-t-il d\u00e9clar\u00e9 en faisant r\u00e9f\u00e9rence \u00e0 Donald Trump et \u00e0 son second mandat.\u00a0<\/p>\n<p>Selon <a href=\"https:\/\/www.theguardian.com\/tv-and-radio\/2025\/aug\/13\/jimmy-kimmel-italian-citizenship\" target=\"_blank\" rel=\"noopener\">The Guardian<\/a>, Jimmy Kimmel a pu obtenir la nationalit\u00e9 italienne apr\u00e8s avoir prouv\u00e9 qu&rsquo;il avait des anc\u00eatres italiens. Dans son cas, c&rsquo;est sa grand-m\u00e8re qui \u00e9tait originaire de Candida, une commune italienne situ\u00e9e dans la province d&rsquo;Avellino.<\/p>\n<p>Pour m\u00e9moire, le mois dernier, la star am\u00e9ricaine de talk-show, Ellen DeGeneres a annonc\u00e9 avoir d\u00e9cid\u00e9 de quitter les Etats-Unis en raison de l&rsquo;\u00e9lection de Donald Trump, pour s&rsquo;installer au Royaume-Uni avec sa femme Portia de Rossi. Elle explique avoir pris cette d\u00e9cision le lendemain de la victoire de Trump pour son deuxi\u00e8me mandat en novembre 2024.<\/p>\n","protected":false},"excerpt":{"rendered":"Dans un \u00e9pisode du podcast de Sarah Silverman, l\u2019humoriste Jimmy Kimmel a r\u00e9v\u00e9l\u00e9 qu&rsquo;il a obtenu la nationalit\u00e9&hellip;\n","protected":false},"author":2,"featured_media":325588,"comment_status":"","ping_status":"","sticky":false,"template":"","format":"standard","meta":{"footnotes":""},"categories":[1356],"tags":[58,75,59,1011,27,452,39997,46264,252,1364],"class_list":{"0":"post-325587","1":"post","2":"type-post","3":"status-publish","4":"format-standard","5":"has-post-thumbnail","7":"category-television","8":"tag-divertissement","9":"tag-donald-trump","10":"tag-entertainment","11":"tag-fr","12":"tag-france","13":"tag-italie","14":"tag-jimmy-kimmel","15":"tag-nationalitu00e9","16":"tag-television","17":"tag-tv"},"share_on_mastodon":{"url":"https:\/\/pubeurope.com\/@fr\/115045942221380606","error":""},"_links":{"self":[{"href":"https:\/\/www.europesays.com\/fr\/wp-json\/wp\/v2\/posts\/325587","targetHints":{"allow":["GET"]}}],"collection":[{"href":"https:\/\/www.europesays.com\/fr\/wp-json\/wp\/v2\/posts"}],"about":[{"href":"https:\/\/www.europesays.com\/fr\/wp-json\/wp\/v2\/types\/post"}],"author":[{"embeddable":true,"href":"https:\/\/www.europesays.com\/fr\/wp-json\/wp\/v2\/users\/2"}],"replies":[{"embeddable":true,"href":"https:\/\/www.europesays.com\/fr\/wp-json\/wp\/v2\/comments?post=325587"}],"version-history":[{"count":0,"href":"https:\/\/www.europesays.com\/fr\/wp-json\/wp\/v2\/posts\/325587\/revisions"}],"wp:featuredmedia":[{"embeddable":true,"href":"https:\/\/www.europesays.com\/fr\/wp-json\/wp\/v2\/media\/325588"}],"wp:attachment":[{"href":"https:\/\/www.europesays.com\/fr\/wp-json\/wp\/v2\/media?parent=325587"}],"wp:term":[{"taxonomy":"category","embeddable":true,"href":"https:\/\/www.europesays.com\/fr\/wp-json\/wp\/v2\/categories?post=325587"},{"taxonomy":"post_tag","embeddable":true,"href":"https:\/\/www.europesays.com\/fr\/wp-json\/wp\/v2\/tags?post=325587"}],"curies":[{"name":"wp","href":"https:\/\/api.w.org\/{rel}","templated":true}]}}