{"id":325589,"date":"2025-08-17T20:15:11","date_gmt":"2025-08-17T20:15:11","guid":{"rendered":"https:\/\/www.europesays.com\/fr\/325589\/"},"modified":"2025-08-17T20:15:11","modified_gmt":"2025-08-17T20:15:11","slug":"sheila-prend-la-parole-apres-une-catastrophe-evitee-de-justesse-avant-son-concert-pour-ses-80-ans","status":"publish","type":"post","link":"https:\/\/www.europesays.com\/fr\/325589\/","title":{"rendered":"Sheila prend la parole apr\u00e8s une \u201ccatastrophe \u00e9vit\u00e9e de justesse\u201d avant son concert pour ses 80 ans"},"content":{"rendered":"<p>Ce week-end, Sheila faisait partie des vingt-quatre artistes \u00e0 se succ\u00e9der sur les deux sc\u00e8nes du Festival de Prades, organis\u00e9 dans le parc du Ch\u00e2teau Pams. Du vendredi 14 au samedi 16 ao\u00fbt, Charlie Winston ou encore Flavia Coelho ont r\u00e9pondu pr\u00e9sent.<\/p>\n<p><a id=\"eztoc103266864_1\"\/>Sheila au Festival de Prades le jour de son 80\u00e8me anniversaire<\/p>\n<p>Mais hier, Sheila a failli \u00eatre contrainte d&rsquo;annuler sa repr\u00e9sentation \u00e9v\u00e9nement \u00e0 la derni\u00e8re minute. Cela aurait \u00e9t\u00e9 un cr\u00e8ve-coeur pour l&rsquo;artiste tout comme pour les spectateurs, puisqu&rsquo;il s&rsquo;agit d&rsquo;une grande occasion : ce samedi 16 ao\u00fbt, l&rsquo;interpr\u00e8te de Spacer f\u00eatait   <a href=\"https:\/\/www.programme-television.org\/news\/people\/vie-privee\/ne-me-parlez-pas-de-sheila-refuse-d-aborder-un-sujet-sensible-4744227\" target=\"_blank\" rel=\"noopener nofollow\">ses 80 ans, bien qu&rsquo;elle ait l&rsquo;impression d&rsquo;en avoir trente de moins<\/a>\u00a0! Devoir c\u00e9l\u00e9brer son anniversaire sans musique ni public aurait donc \u00e9t\u00e9 particuli\u00e8rement d\u00e9cevant. La chanteuse, qui a   <a href=\"https:\/\/www.programme-television.org\/news\/people\/vie-privee\/sheila-se-confie-sans-filtre-sur-un-sujet-tres-personnel-je-suis-contre-les-religions-4744043\" target=\"_blank\" rel=\"noopener nofollow\">r\u00e9cemment clam\u00e9 haut et fort \u00eatre contre les religions<\/a>, n&rsquo;est pas pass\u00e9e loin de vivre cette situation&#8230; \u00c0 cause de la canicule !<\/p>\n<p><a id=\"eztoc103266864_2\"\/>\u00ab\u00a046 degr\u00e9s\u00a0\u00bb : le concert de Sheila menac\u00e9 par la canicule<\/p>\n<p>En effet, sur son compte Instagram officiel, Sheila a tenu \u00e0 s&rsquo;adresser \u00e0 ses abonn\u00e9s quelques heures avant le d\u00e9but de son show tant attendu, pour les pr\u00e9venir de grosses frayeurs v\u00e9cues par elle et son \u00e9quipe. D\u00e9voilant plusieurs vid\u00e9os tourn\u00e9es lors des r\u00e9p\u00e9titions sur la sc\u00e8ne, Sheila raconte en l\u00e9gende de cette publication que les temp\u00e9ratures ont grimp\u00e9 de mani\u00e8re dangereuses, au point de presque d\u00e9truire le mat\u00e9riel !\u00a0\u00ab\u00a046 degr\u00e9s, 40 degr\u00e9s sur sc\u00e8ne, une catastrophe \u00e9pouvantable a \u00e9t\u00e9 \u00e9vit\u00e9e de justesse&#8230; Les fils fondent, la console implose mais normalement on devrait pouvoir le faire ! \u00c0 ce soir !\u00a0\u00bb, a d\u00e9clar\u00e9 Sheila, semblant soulag\u00e9e et confiante sur la r\u00e9solution de ces probl\u00e8mes li\u00e9es aux conditions climatiques. Finalement, tout le monde a pu souffler un grand coup : celle \u00e0 qui l&rsquo;on doit les tubes Les rois mages et Vous les copains a bel et bien pu chanter devant les festivaliers au cours de la soir\u00e9e.<\/p>\n<blockquote class=\"instagram-media\" data-instgrm-captioned=\"\" data-instgrm-permalink=\"https:\/\/www.instagram.com\/p\/DNa04ORM6AU\/?utm_source=ig_embed&amp;utm_campaign=loading\" data-instgrm-version=\"14\" style=\" background:#FFF; border:0; border-radius:3px; box-shadow:0 0 1px 0 rgba(0,0,0,0.5),0 1px 10px 0 rgba(0,0,0,0.15); margin: 1px; max-width:540px; min-width:326px; padding:0; width:99.375%; width:-webkit-calc(100% - 2px); width:calc(100% - 2px);\"\/><p>\n            <script async src=\"\/\/www.instagram.com\/embed.js\"><\/script><\/p>\n","protected":false},"excerpt":{"rendered":"Ce week-end, Sheila faisait partie des vingt-quatre artistes \u00e0 se succ\u00e9der sur les deux sc\u00e8nes du Festival de&hellip;\n","protected":false},"author":2,"featured_media":325590,"comment_status":"","ping_status":"","sticky":false,"template":"","format":"standard","meta":{"footnotes":""},"categories":[1355],"tags":[58,59,1011,27,1361,873],"class_list":{"0":"post-325589","1":"post","2":"type-post","3":"status-publish","4":"format-standard","5":"has-post-thumbnail","7":"category-musique","8":"tag-divertissement","9":"tag-entertainment","10":"tag-fr","11":"tag-france","12":"tag-music","13":"tag-musique"},"share_on_mastodon":{"url":"https:\/\/pubeurope.com\/@fr\/115045946196561236","error":""},"_links":{"self":[{"href":"https:\/\/www.europesays.com\/fr\/wp-json\/wp\/v2\/posts\/325589","targetHints":{"allow":["GET"]}}],"collection":[{"href":"https:\/\/www.europesays.com\/fr\/wp-json\/wp\/v2\/posts"}],"about":[{"href":"https:\/\/www.europesays.com\/fr\/wp-json\/wp\/v2\/types\/post"}],"author":[{"embeddable":true,"href":"https:\/\/www.europesays.com\/fr\/wp-json\/wp\/v2\/users\/2"}],"replies":[{"embeddable":true,"href":"https:\/\/www.europesays.com\/fr\/wp-json\/wp\/v2\/comments?post=325589"}],"version-history":[{"count":0,"href":"https:\/\/www.europesays.com\/fr\/wp-json\/wp\/v2\/posts\/325589\/revisions"}],"wp:featuredmedia":[{"embeddable":true,"href":"https:\/\/www.europesays.com\/fr\/wp-json\/wp\/v2\/media\/325590"}],"wp:attachment":[{"href":"https:\/\/www.europesays.com\/fr\/wp-json\/wp\/v2\/media?parent=325589"}],"wp:term":[{"taxonomy":"category","embeddable":true,"href":"https:\/\/www.europesays.com\/fr\/wp-json\/wp\/v2\/categories?post=325589"},{"taxonomy":"post_tag","embeddable":true,"href":"https:\/\/www.europesays.com\/fr\/wp-json\/wp\/v2\/tags?post=325589"}],"curies":[{"name":"wp","href":"https:\/\/api.w.org\/{rel}","templated":true}]}}