{"id":325591,"date":"2025-08-17T20:16:15","date_gmt":"2025-08-17T20:16:15","guid":{"rendered":"https:\/\/www.europesays.com\/fr\/325591\/"},"modified":"2025-08-17T20:16:15","modified_gmt":"2025-08-17T20:16:15","slug":"un-mois-apres-la-sortie-du-film-au-cinema-james-gunn-a-deja-fini-decrire-la-suite","status":"publish","type":"post","link":"https:\/\/www.europesays.com\/fr\/325591\/","title":{"rendered":"un mois apr\u00e8s la sortie du film au cin\u00e9ma, James Gunn a d\u00e9j\u00e0 fini d\u2019\u00e9crire la suite"},"content":{"rendered":"<p>        <img decoding=\"async\" loading=\"lazy\" src=\"https:\/\/www.europesays.com\/fr\/wp-content\/uploads\/2025\/08\/c5bf7fb_upload-1-774jm63g86vk-capture-da-a-cran-2025-08-17-172230.png\"  width=\"728\" height=\"409\" alt=\"James Gunn sur le tournage de son film \u00ab\u00a0Superman\u00a0\u00bb avec les acteurs David Corenswet dans le r\u00f4le de l\u2019Homme d\u2019Acier et Nicholas Hoult dans celui de son pire ennemi, Lex Luthor.\"\/>  <\/p>\n<p>Warner Bros.<\/p>\n<p>James Gunn sur le tournage de son film \u00ab\u00a0Superman\u00a0\u00bb avec les acteurs David Corenswet dans le r\u00f4le de l\u2019Homme d\u2019Acier et Nicholas Hoult dans celui de son pire ennemi, Lex Luthor.<\/p>\n<p class=\"asset asset-text\">CIN\u00c9MA &#8211; Les fans de l\u2019univers DC ne se posent plus qu\u2019une seule question\u00a0: mais \u00e0 quoi carbure James Gunn\u00a0? Car le r\u00e9alisateur am\u00e9ricain devenu le nouveau patron de l\u2019univers DC au cin\u00e9ma et \u00e0 la t\u00e9l\u00e9vision pour Warner Bros a donn\u00e9 des nouvelles de la suite de <a href=\"https:\/\/www.huffingtonpost.fr\/culture\/article\/le-super-chien-krypto-present-dans-superman-fait-exploser-les-recherches-pour-les-adoptions_252704.html\" rel=\"nofollow noopener\" target=\"_blank\">son film Superman<\/a>, sorti au mois de juillet au cin\u00e9ma. Et elle arrivera finalement bien plus t\u00f4t que pr\u00e9vu.<\/p>\n<p class=\"asset asset-text\">Moins d\u2019un mois apr\u00e8s avoir d\u00e9voil\u00e9 cette premi\u00e8re pierre de son univers connect\u00e9 \u2212 similaire \u00e0 celui de Marvel Studios mais du c\u00f4t\u00e9 des superh\u00e9ros DC \u2212 <a href=\"https:\/\/www.huffingtonpost.fr\/culture\/article\/superman-james-gunn-regrette-la-maniere-dont-henry-cavill-a-appris-qu-il-n-etait-plus-clark-kent_252887.html\" target=\"_blank\" rel=\"noopener nofollow\" title=\"Nouvelle fen\u00eatre\">James Gunn<\/a> ne semble pas avoir perdu la moindre seconde. Car durant une interview avec le m\u00e9dia am\u00e9ricain <a href=\"https:\/\/collider.com\/superman-2-treatment-update-james-gunn-after-peacemaker-season-2\/\" target=\"_blank\" rel=\"noopener nofollow\" title=\"Nouvelle fen\u00eatre\">Collider<\/a> publi\u00e9e vendredi 15\u00a0ao\u00fbt, le cin\u00e9aste \u00e0 qui l\u2019on doit <a href=\"https:\/\/www.huffingtonpost.fr\/life\/article\/les-gardiens-de-la-galaxie-vol-3-recoit-un-prix-de-la-peta_217705.html#:~:text=Sorti%20dans%20les%20salles%20obscures,%C2%AB%20Pas%20un%20num%C3%A9ro%20%C2%BB).\" target=\"_blank\" rel=\"noopener nofollow\" title=\"Nouvelle fen\u00eatre\">la trilogie des Gardiens de la Galaxie<\/a> semble avoir d\u00e9j\u00e0 tout pr\u00e9vu pour la suite de son univers superh\u00e9ro\u00efque.<\/p>\n<p class=\"asset asset-text\">Et quand il lui est demand\u00e9 de pr\u00e9ciser quand il sera de retour derri\u00e8re la cam\u00e9ra au cin\u00e9ma, sa r\u00e9ponse est pour le moins surprenante\u00a0: \u00ab\u00a0On est en train de planifier \u00e7a. J\u2019ai compl\u00e8tement termin\u00e9 le traitement (du prochain film Superman)\u00a0\u00bb, l\u00e2che-t-il alors. Avant d\u2019en dire plus sur sa mani\u00e8re d\u2019\u00e9crire les pr\u00e9mices de sc\u00e9nario de ses films\u00a0: \u00ab\u00a0Mes traitements sont incroyablement intenses. Ce ne sont pas des traitements classiques. Ce sont des traitements de 60 pages avec des dialogues et tout. Du coup, je suis en train d\u2019en faire un sc\u00e9nario\u00a0\u00bb.<\/p>\n<p class=\"asset asset-text\">James Gunn ajoute alors\u00a0: \u00ab\u00a0On est en train de planifier le tournage. Ce sera beaucoup plus t\u00f4t que pr\u00e9vu\u00a0\u00bb. Et visiblement les choses s\u2019acc\u00e9l\u00e8rent plus vite que pr\u00e9vu pour le cin\u00e9aste am\u00e9ricain qui parle d\u00e9j\u00e0 au micro du Hollywood Reporter d\u2019une \u00ab\u00a0Superman Saga\u00a0\u00bb.<\/p>\n<p> La lecture de ce contenu est susceptible d\u2019entra\u00eener un d\u00e9p\u00f4t de cookies de la part de l\u2019op\u00e9rateur tiers qui l\u2019h\u00e9berge. Compte-tenu des choix que vous avez exprim\u00e9s en mati\u00e8re de d\u00e9p\u00f4t de cookies, nous avons bloqu\u00e9 l\u2019affichage de ce contenu. Si vous souhaitez y acc\u00e9der, vous devez accepter la cat\u00e9gorie de cookies \u201cContenus tiers\u201d en cliquant sur le bouton ci-dessous. <\/p>\n<p> Lire la Vid\u00e9o        <\/p>\n<p class=\"asset asset-text\">En cause\u00a0? Sans doute le succ\u00e8s critique et commercial du Superman incarn\u00e9 par l\u2019acteur David Corenswet. Cette annonce d\u2019un deuxi\u00e8me film Superman, un mois seulement apr\u00e8s la sortie du premier a quand m\u00eame de quoi surprendre. Car depuis qu\u2019il a obtenu son nouveau r\u00f4le chez Warner, James Gunn semble ne plus pouvoir s\u2019arr\u00eater.<\/p>\n<p>    Place \u00e0 \u00ab\u00a0Peacemaker\u00a0\u00bb    <\/p>\n<p class=\"asset asset-text\">Son univers a commenc\u00e9 avec la s\u00e9rie d\u2019animation Creature Commandos, diffus\u00e9e en d\u00e9cembre dernier sur la plateforme HBO Max. Sachant que le tournage de Superman s\u2019est \u00e9tal\u00e9 entre f\u00e9vrier et juillet\u00a02024, le r\u00e9alisateur avait d\u00e9j\u00e0 trouv\u00e9 le temps d\u2019imaginer, \u00e9crire et produire int\u00e9gralement cette s\u00e9rie d\u2019animation. Et ce n\u2019est pas tout.<\/p>\n<p class=\"asset asset-text\">Car le 22\u00a0ao\u00fbt, la s\u00e9rie Peacemaker, pr\u00e9sent\u00e9e comme la seconde pierre de l\u2019univers DC version James Gunn arrivera sur HBO Max. Huit \u00e9pisodes dans lesquels le personnage incarn\u00e9 par l\u2019acteur et catcheur John Cena prolongera l\u2019histoire entam\u00e9e dans Superman. \u00ab\u00a0\u201cSuperman\u201d\u00a0m\u00e8ne directement \u00e0\u00a0\u201cPeacemaker\u201d. Il faut noter que c\u2019est destin\u00e9 aux adultes, pas aux enfants, mais\u00a0Superman\u00a0ouvre la s\u00e9rie et nous avons ensuite la mise en place de tout le reste du DC Universe dans cette saison de\u00a0\u201cPeacemaker\u201d. C\u2019est incroyablement important\u00a0\u00bb, glisse-t-il \u00e0 Collider.<\/p>\n<p> La lecture de ce contenu est susceptible d\u2019entra\u00eener un d\u00e9p\u00f4t de cookies de la part de l\u2019op\u00e9rateur tiers qui l\u2019h\u00e9berge. Compte-tenu des choix que vous avez exprim\u00e9s en mati\u00e8re de d\u00e9p\u00f4t de cookies, nous avons bloqu\u00e9 l\u2019affichage de ce contenu. Si vous souhaitez y acc\u00e9der, vous devez accepter la cat\u00e9gorie de cookies \u201cContenus tiers\u201d en cliquant sur le bouton ci-dessous. <\/p>\n<p> Lire la Vid\u00e9o              <\/p>\n<p class=\"asset asset-text\">Et pour cette s\u00e9rie, James Gunn chapeaute tout\u00a0: il est \u00e0 la fois showrunner, r\u00e9alisateur de trois \u00e9pisodes sur huit et \u00e0 l\u2019\u00e9criture de l\u2019enti\u00e8ret\u00e9 des \u00e9pisodes de la saison. Mais que les fans de Gunn se rassurent, il va pouvoir souffler un peu puisque le prochain film pr\u00e9vu dans le calendrier DC ne sera pas r\u00e9alis\u00e9 par James Gunn. Supergirl, avec Milly Alcock (House of The Dragon) dans le r\u00f4le de la cousine de Superman a \u00e9t\u00e9 confi\u00e9 \u00e0 Craig Gillespie (Cruella et Moi, Tonya). Il est toutefois pr\u00e9vu pour juin\u00a02026, laissant assez de temps \u00e0 James Gunn pour trouver une nouvelle mani\u00e8re d\u2019occuper l\u2019esprit des spectateurs.<\/p>\n","protected":false},"excerpt":{"rendered":"Warner Bros. James Gunn sur le tournage de son film \u00ab\u00a0Superman\u00a0\u00bb avec les acteurs David Corenswet dans le&hellip;\n","protected":false},"author":2,"featured_media":325592,"comment_status":"","ping_status":"","sticky":false,"template":"","format":"standard","meta":{"footnotes":""},"categories":[1354],"tags":[650,251,11960,58,59,1346,1011,27,5547,1360,2136,2133,5523],"class_list":{"0":"post-325591","1":"post","2":"type-post","3":"status-publish","4":"format-standard","5":"has-post-thumbnail","7":"category-films","8":"tag-cinema","9":"tag-culture","10":"tag-dc-comics","11":"tag-divertissement","12":"tag-entertainment","13":"tag-films","14":"tag-fr","15":"tag-france","16":"tag-hbo","17":"tag-movies","18":"tag-super-heros","19":"tag-superman","20":"tag-warner-bros"},"share_on_mastodon":{"url":"https:\/\/pubeurope.com\/@fr\/115045950326142563","error":""},"_links":{"self":[{"href":"https:\/\/www.europesays.com\/fr\/wp-json\/wp\/v2\/posts\/325591","targetHints":{"allow":["GET"]}}],"collection":[{"href":"https:\/\/www.europesays.com\/fr\/wp-json\/wp\/v2\/posts"}],"about":[{"href":"https:\/\/www.europesays.com\/fr\/wp-json\/wp\/v2\/types\/post"}],"author":[{"embeddable":true,"href":"https:\/\/www.europesays.com\/fr\/wp-json\/wp\/v2\/users\/2"}],"replies":[{"embeddable":true,"href":"https:\/\/www.europesays.com\/fr\/wp-json\/wp\/v2\/comments?post=325591"}],"version-history":[{"count":0,"href":"https:\/\/www.europesays.com\/fr\/wp-json\/wp\/v2\/posts\/325591\/revisions"}],"wp:featuredmedia":[{"embeddable":true,"href":"https:\/\/www.europesays.com\/fr\/wp-json\/wp\/v2\/media\/325592"}],"wp:attachment":[{"href":"https:\/\/www.europesays.com\/fr\/wp-json\/wp\/v2\/media?parent=325591"}],"wp:term":[{"taxonomy":"category","embeddable":true,"href":"https:\/\/www.europesays.com\/fr\/wp-json\/wp\/v2\/categories?post=325591"},{"taxonomy":"post_tag","embeddable":true,"href":"https:\/\/www.europesays.com\/fr\/wp-json\/wp\/v2\/tags?post=325591"}],"curies":[{"name":"wp","href":"https:\/\/api.w.org\/{rel}","templated":true}]}}