{"id":325593,"date":"2025-08-17T20:17:14","date_gmt":"2025-08-17T20:17:14","guid":{"rendered":"https:\/\/www.europesays.com\/fr\/325593\/"},"modified":"2025-08-17T20:17:14","modified_gmt":"2025-08-17T20:17:14","slug":"si-vous-prenez-cette-boisson-une-fois-par-jour-vous-mettez-en-danger-votre-coeur-et-vos-arteres","status":"publish","type":"post","link":"https:\/\/www.europesays.com\/fr\/325593\/","title":{"rendered":"Si vous prenez cette boisson une fois par jour, vous mettez en danger votre c\u0153ur et vos art\u00e8res"},"content":{"rendered":"<p>C&rsquo;est d\u00e9sormais bien connu : la consommation r\u00e9guli\u00e8re de sodas est mauvaise pour la sant\u00e9. Hyper-sucr\u00e9es et hyper-caloriques, ces boissons (Coca-Cola\u00ae, 7 up\u00ae, Oasis\u00ae&#8230;) augmentent le risque de d\u00e9velopper un diab\u00e8te de type 2, une ob\u00e9sit\u00e9, une pathologie cardiovasculaire (un accident vasculaire c\u00e9r\u00e9bral, par exemple), une ost\u00e9oporose ou m\u00eame un cancer du pancr\u00e9as. Il est donc pr\u00e9f\u00e9rable de les \u00e9viter !<\/p>\n<p>Du c\u00f4t\u00e9 des sodas, \u00ab\u00a0light\u00a0\u00bb ne signifie pas \u00ab\u00a0meilleur pour la sant\u00e9\u00a0\u00bb !<\/p>\n<p>Oui mais voil\u00e0 : depuis maintenant quelques d\u00e9cennies, <strong>des alternatives \u00ab\u00a0light\u00a0\u00bb aux sodas traditionnels sont apparues<\/strong> dans le commerce. Et nous sommes nombreux \u00e0 croire qu&rsquo;il s&rsquo;agit de meilleurs choix pour la sant\u00e9&#8230; \u00e0 tort, selon le Dr. William Berrebi, m\u00e9decin gastro-ent\u00e9rologue et h\u00e9patologue, qui s&rsquo;est r\u00e9cemment exprim\u00e9 sur la question dans une vid\u00e9o parue sur Instagram. \u00ab\u00a0Ce n&rsquo;est pas parce qu&rsquo;il n&rsquo;y a pas de sucre ni de calories que c&rsquo;est bon pour la sant\u00e9 !\u00a0\u00bb affirme-t-il. En r\u00e9alit\u00e9, le v\u00e9ritable danger des sodas lights, ce sont leurs <strong>\u00e9dulcorants de synth\u00e8se<\/strong>. \u00ab\u00a0L&rsquo;aspartame est l&rsquo;un de ces \u00ab\u00a0faux sucres\u00a0\u00bb, d\u00e9veloppe le gastro-ent\u00e9rologue. Dans une canette de Coca Cola light\u00ae, on trouve ainsi 80 mg d&rsquo;aspartame. Or, on sait qu&rsquo;<strong>au-del\u00e0 de 60 mg d&rsquo;aspartame par jour<\/strong>, il y a un risque plus \u00e9lev\u00e9 de maladies cardiovasculaires, d&rsquo;ob\u00e9sit\u00e9 et de certains cancers.\u00a0\u00bb<\/p>\n<p>Une canette de soda light par jour suffit pour augmenter le risque cardiovasculaire<\/p>\n<p>\u00ab\u00a0Une personne qui (&#8230;)<\/p>\n<p><a data-i13n=\"cpos:1;pos:1\" href=\"https:\/\/www.topsante.com\/nutrition_et_recettes\/bien_choisir_ses_aliments\/decrypter_les_etiquettes\/si-vous-prenez-cette-boisson-une-fois-par-jour-vous-mettez-en-danger-votre-coeur-et-vos-arteres-923875?utm_campaign=partenariat&amp;utm_source=yahoo-articles&amp;utm_medium=flux\" rel=\"nofollow noopener\" target=\"_blank\" data-ylk=\"slk:Lire la suite sur Top Sant\u00e9;cpos:1;pos:1;elm:context_link;itc:0;sec:content-canvas\" class=\"link \">Lire la suite sur Top Sant\u00e9<\/a><\/p>\n<p><a data-i13n=\"cpos:2;pos:1\" href=\"https:\/\/www.topsante.com\/medecine\/votre_sante_vous\/sante_pratique\/a-quelle-frequence-faut-il-laver-ses-torchons-une-virologue-repond-923879?utm_campaign=partenariat&amp;utm_source=yahoo-articles&amp;utm_medium=flux\" rel=\"nofollow noopener\" target=\"_blank\" data-ylk=\"slk:\u00c0 quelle fr\u00e9quence faut-il laver ses torchons ? Une virologue r\u00e9pond;cpos:2;pos:1;elm:context_link;itc:0;sec:content-canvas\" class=\"link \">\u00c0 quelle fr\u00e9quence faut-il laver ses torchons ? Une virologue r\u00e9pond<\/a><br \/><a data-i13n=\"cpos:3;pos:1\" href=\"https:\/\/www.topsante.com\/medecine\/cancers\/cancer\/les-douleurs-a-la-cuisse-de-ce-jeune-de-17-ans-etaient-en-realite-un-cancer-agressif-les-signes-a-reperer-selon-le-dr-kierzek-923403?utm_campaign=partenariat&amp;utm_source=yahoo-articles&amp;utm_medium=flux\" rel=\"nofollow noopener\" target=\"_blank\" data-ylk=\"slk:Les douleurs \u00e0 la cuisse de ce jeune de 17 ans \u00e9taient en r\u00e9alit\u00e9 un cancer agressif. Les signes \u00e0 rep\u00e9rer selon le Dr Kierzek;cpos:3;pos:1;elm:context_link;itc:0;sec:content-canvas\" class=\"link \">Les douleurs \u00e0 la cuisse de ce jeune de 17 ans \u00e9taient en r\u00e9alit\u00e9 un cancer agressif. Les signes \u00e0 rep\u00e9rer selon le Dr Kierzek<\/a><br \/><a data-i13n=\"cpos:4;pos:1\" href=\"https:\/\/www.topsante.com\/medecine\/maladies_chroniques\/le-prediabete-est-plus-dangereux-pour-cette-tranche-dage-et-ce-nest-pas-celle-que-vous-croyez-923930?utm_campaign=partenariat&amp;utm_source=yahoo-articles&amp;utm_medium=flux\" rel=\"nofollow noopener\" target=\"_blank\" data-ylk=\"slk:Le pr\u00e9diab\u00e8te est plus dangereux pour cette tranche d\u2019\u00e2ge (et ce n\u2019est pas celle que vous croyez);cpos:4;pos:1;elm:context_link;itc:0;sec:content-canvas\" class=\"link \">Le pr\u00e9diab\u00e8te est plus dangereux pour cette tranche d\u2019\u00e2ge (et ce n\u2019est pas celle que vous croyez)<\/a><br \/><a data-i13n=\"cpos:5;pos:1\" href=\"https:\/\/www.topsante.com\/medecine\/troubles_du_sommeil\/une-cuiller-de-cette-pate-a-tartiner-2-heures-avant-le-coucher-vous-aidera-a-mieux-dormir-assure-un-medecin-923850?utm_campaign=partenariat&amp;utm_source=yahoo-articles&amp;utm_medium=flux\" rel=\"nofollow noopener\" target=\"_blank\" data-ylk=\"slk:Une cuiller de cette p\u00e2te \u00e0 tartiner 2 heures avant le coucher vous aidera \u00e0 mieux dormir, assure un m\u00e9decin;cpos:5;pos:1;elm:context_link;itc:0;sec:content-canvas\" class=\"link \">Une cuiller de cette p\u00e2te \u00e0 tartiner 2 heures avant le coucher vous aidera \u00e0 mieux dormir, assure un m\u00e9decin<\/a><br \/><a data-i13n=\"cpos:6;pos:1\" href=\"https:\/\/www.topsante.com\/medecine\/maladies_chroniques\/cholesterol\/vos-analyses-revelent-un-cholesterol-eleve-les-conseils-d-un-cardiologue-pour-agir-efficacement-893687?utm_campaign=partenariat&amp;utm_source=yahoo-articles&amp;utm_medium=flux\" rel=\"nofollow noopener\" target=\"_blank\" data-ylk=\"slk:Vos analyses r\u00e9v\u00e8lent un cholest\u00e9rol \u00e9lev\u00e9 : les conseils d&#039;un cardiologue pour agir efficacement;cpos:6;pos:1;elm:context_link;itc:0;sec:content-canvas\" class=\"link \">Vos analyses r\u00e9v\u00e8lent un cholest\u00e9rol \u00e9lev\u00e9 : les conseils d&rsquo;un cardiologue pour agir efficacement<\/a><\/p>\n","protected":false},"excerpt":{"rendered":"C&rsquo;est d\u00e9sormais bien connu : la consommation r\u00e9guli\u00e8re de sodas est mauvaise pour la sant\u00e9. Hyper-sucr\u00e9es et hyper-caloriques,&hellip;\n","protected":false},"author":2,"featured_media":325594,"comment_status":"","ping_status":"","sticky":false,"template":"","format":"standard","meta":{"footnotes":""},"categories":[10],"tags":[16702,3359,1011,27,44924,72,3360,30068,71,46265],"class_list":{"0":"post-325593","1":"post","2":"type-post","3":"status-publish","4":"format-standard","5":"has-post-thumbnail","7":"category-sante","8":"tag-cancer-du-pancreas","9":"tag-diabete-de-type-2","10":"tag-fr","11":"tag-france","12":"tag-gastro-enterologue","13":"tag-health","14":"tag-la-sante","15":"tag-risque-cardiovasculaire","16":"tag-sante","17":"tag-william-berrebi"},"share_on_mastodon":{"url":"https:\/\/pubeurope.com\/@fr\/115045954028671782","error":""},"_links":{"self":[{"href":"https:\/\/www.europesays.com\/fr\/wp-json\/wp\/v2\/posts\/325593","targetHints":{"allow":["GET"]}}],"collection":[{"href":"https:\/\/www.europesays.com\/fr\/wp-json\/wp\/v2\/posts"}],"about":[{"href":"https:\/\/www.europesays.com\/fr\/wp-json\/wp\/v2\/types\/post"}],"author":[{"embeddable":true,"href":"https:\/\/www.europesays.com\/fr\/wp-json\/wp\/v2\/users\/2"}],"replies":[{"embeddable":true,"href":"https:\/\/www.europesays.com\/fr\/wp-json\/wp\/v2\/comments?post=325593"}],"version-history":[{"count":0,"href":"https:\/\/www.europesays.com\/fr\/wp-json\/wp\/v2\/posts\/325593\/revisions"}],"wp:featuredmedia":[{"embeddable":true,"href":"https:\/\/www.europesays.com\/fr\/wp-json\/wp\/v2\/media\/325594"}],"wp:attachment":[{"href":"https:\/\/www.europesays.com\/fr\/wp-json\/wp\/v2\/media?parent=325593"}],"wp:term":[{"taxonomy":"category","embeddable":true,"href":"https:\/\/www.europesays.com\/fr\/wp-json\/wp\/v2\/categories?post=325593"},{"taxonomy":"post_tag","embeddable":true,"href":"https:\/\/www.europesays.com\/fr\/wp-json\/wp\/v2\/tags?post=325593"}],"curies":[{"name":"wp","href":"https:\/\/api.w.org\/{rel}","templated":true}]}}