{"id":325597,"date":"2025-08-17T20:19:12","date_gmt":"2025-08-17T20:19:12","guid":{"rendered":"https:\/\/www.europesays.com\/fr\/325597\/"},"modified":"2025-08-17T20:19:12","modified_gmt":"2025-08-17T20:19:12","slug":"je-laime-eperdument-audrey-crespo-mara-fond-en-larmes-pour-son-dernier-jt-de-tf1","status":"publish","type":"post","link":"https:\/\/www.europesays.com\/fr\/325597\/","title":{"rendered":"\u00ab\u00a0Je l\u2019aime \u00e9perdument\u00a0\u00bb, Audrey Crespo-Mara fond en larmes pour son dernier JT de TF1"},"content":{"rendered":"<p>      R\u00e9sum\u00e9<\/p>\n<p>Audrey Crespo-Mara a rendu un \u00e9mouvant hommage \u00e0 son \u00e9poux lors de son dernier JT de TF1 cet \u00e9t\u00e9, \u00e9voquant une \u00e9preuve marqu\u00e9e par un profond soutien \u00e0 l\u2019antenne.<\/p>\n<p>        Sommaire<\/p>\n<p>Ce dimanche 17 ao\u00fbt sonnait <strong>le dernier journal de l&rsquo;\u00e9t\u00e9 pour Audrey Crespo-Mara<\/strong>. La journaliste, endeuill\u00e9e par <a href=\"https:\/\/vsd.fr\/86196-thierry-ardisson-un-mois-apres-sa-mort-audrey-crespo-mara-devoile-des-images-inedites\/\" target=\"_blank\" rel=\"noopener\">la mort de son \u00e9poux Thierry Ardisson<\/a>, a tenu \u00e0 lui rendre un nouvel hommage. Tr\u00e8s \u00e9mue, la veuve a tenu \u00e0 remercier toutes les \u00e9quipes de TF1 qui l&rsquo;ont accompagn\u00e9e et soutenue dans cette \u00e9preuve de vie, et tous les t\u00e9l\u00e9spectateurs qui l&rsquo;ont port\u00e9e pendant cet \u00e9t\u00e9 tr\u00e8s compliqu\u00e9 pour elle. Le tout agr\u00e9ment\u00e9 <strong>d&rsquo;une ultime d\u00e9claration d&rsquo;amour \u00e0 l&rsquo;homme en noir<\/strong>&#8230;<\/p>\n<p>\u00ab\u00a0Permettez-moi de remercier toutes celles et ceux qui \u00e0 TF1 m&rsquo;ont merveilleusement accompagn\u00e9e durant cet \u00e9t\u00e9 douloureux. Vous remercier aussi pour votre fid\u00e9lit\u00e9 derri\u00e8re l&rsquo;\u00e9cran, et ici \u00e0 TF1. Vos attentions me vont droit au c\u0153ur, <strong>o\u00f9 se trouve l&rsquo;homme que vous connaissez, et que j&rsquo;aime \u00e9perdument<\/strong>. Merci infiniment. A bient\u00f4t\u00a0\u00bb a ainsi d\u00e9clar\u00e9, tr\u00e8s \u00e9mue, Audrey Crespo-Mara.<\/p>\n<p>Audrey Crespo-Mara, ses coll\u00e8gues l&rsquo;ont remplac\u00e9e au pied lev\u00e9<\/p>\n<p>Rappelez-vous&#8230; <strong>Le 14 juillet dernier, Thierry Ardisson \u00e9tait annonc\u00e9 mort par son entourage<\/strong> via un communiqu\u00e9 officiel. L&rsquo;homme en noir se battait depuis plus de douze ans contre un cancer du foie. Mais une aggravation de la maladie, quelques semaines plus t\u00f4t, n&rsquo;avait laiss\u00e9 que peu d&rsquo;espoir \u00e0 l&rsquo;animateur et producteur. Ce dernier avait ainsi pu pr\u00e9parer ses obs\u00e8ques et <strong>avait tout orchestr\u00e9 au millim\u00e8tre pr\u00e8s<\/strong>. <a href=\"https:\/\/www.public.fr\/obseques-de-thierry-ardisson-cette-image-de-ses-3-femmes-unies-devrait-marquer-les-esprits\" target=\"_blank\" rel=\"noopener\">Les trois femmes de sa vie<\/a> \u00e9taient \u00e0 ses c\u00f4t\u00e9s jusqu&rsquo;\u00e0 la derni\u00e8re seconde, ainsi que ses trois enfants et  ses deux beaux-enfants.<\/p>\n<p>Audrey Crespo-Mara, elle, n&rsquo;a pu prendre son poste de joker du weekend de TF1 qu&rsquo;\u00e0 partir du 25 juillet, <strong>soit avec deux semaines de retard<\/strong>. Anne-Claire Coudray <a href=\"https:\/\/www.public.fr\/anne-claire-coudray-remplace-audrey-crespo-mara-en-urgence-et-repousse-ses-vacances-dete-faut-il-sinquieter\" target=\"_blank\" rel=\"noopener\">avait accept\u00e9 de repousser ses vacances<\/a> d&rsquo;une semaine, en pr\u00e9sentant les \u00e9ditions du 11, 12 et 13 juillet. La semaine suivante, c&rsquo;est Am\u00e9lie Carrou\u00ebr, journaliste de LCI, <a href=\"https:\/\/www.public.fr\/amelie-carrouer-la-joker-daudrey-crespo-mara-nest-pas-mariee-a-nimporte-qui\" target=\"_blank\" rel=\"noopener\">qui avait \u00e9t\u00e9 appel\u00e9e en renfort<\/a>. Audrey Crespo-Mara \u00e9tait revenue le vendredi 25 juillet, <strong>pour quatre weekends au lieu de six<\/strong>. Elle sera de retour \u00e0 la Toussaint.<\/p>\n<p>      Mentionn\u00e9s dans cet article<\/p>\n<p>      Sur le m\u00eame sujet<\/p>\n","protected":false},"excerpt":{"rendered":"R\u00e9sum\u00e9 Audrey Crespo-Mara a rendu un \u00e9mouvant hommage \u00e0 son \u00e9poux lors de son dernier JT de TF1&hellip;\n","protected":false},"author":2,"featured_media":325598,"comment_status":"","ping_status":"","sticky":false,"template":"","format":"standard","meta":{"footnotes":""},"categories":[8],"tags":[17979,58,59,1011,27,4879,38451,18,10058],"class_list":{"0":"post-325597","1":"post","2":"type-post","3":"status-publish","4":"format-standard","5":"has-post-thumbnail","7":"category-divertissement","8":"tag-audrey-crespo-mara","9":"tag-divertissement","10":"tag-entertainment","11":"tag-fr","12":"tag-france","13":"tag-hommage","14":"tag-journal-de-20-heures-de-tf1","15":"tag-mort","16":"tag-thierry-ardisson"},"share_on_mastodon":{"url":"https:\/\/pubeurope.com\/@fr\/115045961850243581","error":""},"_links":{"self":[{"href":"https:\/\/www.europesays.com\/fr\/wp-json\/wp\/v2\/posts\/325597","targetHints":{"allow":["GET"]}}],"collection":[{"href":"https:\/\/www.europesays.com\/fr\/wp-json\/wp\/v2\/posts"}],"about":[{"href":"https:\/\/www.europesays.com\/fr\/wp-json\/wp\/v2\/types\/post"}],"author":[{"embeddable":true,"href":"https:\/\/www.europesays.com\/fr\/wp-json\/wp\/v2\/users\/2"}],"replies":[{"embeddable":true,"href":"https:\/\/www.europesays.com\/fr\/wp-json\/wp\/v2\/comments?post=325597"}],"version-history":[{"count":0,"href":"https:\/\/www.europesays.com\/fr\/wp-json\/wp\/v2\/posts\/325597\/revisions"}],"wp:featuredmedia":[{"embeddable":true,"href":"https:\/\/www.europesays.com\/fr\/wp-json\/wp\/v2\/media\/325598"}],"wp:attachment":[{"href":"https:\/\/www.europesays.com\/fr\/wp-json\/wp\/v2\/media?parent=325597"}],"wp:term":[{"taxonomy":"category","embeddable":true,"href":"https:\/\/www.europesays.com\/fr\/wp-json\/wp\/v2\/categories?post=325597"},{"taxonomy":"post_tag","embeddable":true,"href":"https:\/\/www.europesays.com\/fr\/wp-json\/wp\/v2\/tags?post=325597"}],"curies":[{"name":"wp","href":"https:\/\/api.w.org\/{rel}","templated":true}]}}