{"id":325603,"date":"2025-08-17T20:22:15","date_gmt":"2025-08-17T20:22:15","guid":{"rendered":"https:\/\/www.europesays.com\/fr\/325603\/"},"modified":"2025-08-17T20:22:15","modified_gmt":"2025-08-17T20:22:15","slug":"laeticia-hallyday-les-vacances-de-langoisse-apres-les-flammes-louragan-qui-menace-son-coin-de-paradis","status":"publish","type":"post","link":"https:\/\/www.europesays.com\/fr\/325603\/","title":{"rendered":"Laeticia Hallyday, les vacances de l\u2019angoisse : apr\u00e8s les flammes, l\u2019ouragan qui menace son coin de paradis"},"content":{"rendered":"<p>      R\u00e9sum\u00e9<\/p>\n<p>Apr\u00e8s avoir subi des incendies d\u00e9vastateurs \u00e0 Los Angeles, Laeticia Hallyday se retrouve d\u00e9sormais confront\u00e9e \u00e0 un ouragan mena\u00e7ant Saint-Barth, marquant une ann\u00e9e 2025 particuli\u00e8rement \u00e9prouvante.<\/p>\n<p>        Sommaire<\/p>\n<p>D\u00e9cid\u00e9ment, Laeticia Hallyday risque de se souvenir de l&rsquo;ann\u00e9e 2025. En janvier dernier, la veuve de Johnny <strong>affrontait les incendies de Los Angeles<\/strong>, <a href=\"https:\/\/www.public.fr\/on-a-tout-perdu-laeticia-hallyday-filme-sa-maison-de-los-angeles-completement-detruite-par-les-flammes\" rel=\"nofollow noopener\" target=\"_blank\">qui ravageaient la villa<\/a> qu&rsquo;elle avait acquise avec son d\u00e9funt \u00e9poux. Elle \u00e9tait revenue \u00e0 Pacific Palisades en mars, aux c\u00f4t\u00e9s de son amie Elodie Pi\u00e8ge, \u00e9pouse du chef Jean-Fran\u00e7ois Pi\u00e8ge. Sur place, elle avait \u00e9t\u00e9 confront\u00e9e \u00e0 l&rsquo;horreur : <strong>sa maison \u00e9tait en ruin\u00e9e, et les d\u00e9bris n&rsquo;\u00e9taient pas encore d\u00e9blay\u00e9s<\/strong>.<\/p>\n<p>Mais heureusement pour Laeticia, la femme d&rsquo;affaires n&rsquo;est pas sans abri et peut encore profiter d&rsquo;une magnifique villa \u00e0 Saint-Barth. Mais l\u00e0 encore, les derni\u00e8res heures sont compliqu\u00e9es pour <a href=\"https:\/\/www.public.fr\/laeticia-hallyday-sa-grande-decision-pour-ses-filles-apres-avoir-tout-perdu-dans-les-incendies-de-los-angeles\" rel=\"nofollow noopener\" target=\"_blank\">la m\u00e8re de Jade et Joy<\/a>&#8230; En effet, apr\u00e8s avoir \u00e9t\u00e9 confront\u00e9e aux incendies destructeurs de Los Angeles, Laeticia fait d\u00e9sormais <strong>face \u00e0 la saison des cyclones des Cara\u00efbes<\/strong>, qui d\u00e9marre \u00e0 peine. Et l&rsquo;ouragan Erin, qui vient tout juste de d\u00e9marrer, ne lui laisse aucun r\u00e9pit.<\/p>\n<p>Laeticia encercl\u00e9e, le vent apr\u00e8s le feu<\/p>\n<p>Comme elle l&rsquo;a d\u00e9voil\u00e9 sur son compte Instagram, Laeticia est actuellement \u00e0 Saint-Barth avec son amie St\u00e9phanie Houdin, <strong>une styliste et coiffeuse implant\u00e9e \u00e0 Beverly Hills<\/strong>. Les deux femmes sont rest\u00e9es enferm\u00e9es dans la villa, et se sont retrouv\u00e9es encercl\u00e9es par l&rsquo;ouragan. Dans l&rsquo;\u0153il du cyclone, Laeticia a eu la peur de sa vie. <\/p>\n<p>Le premier ouragan de la saison a touch\u00e9 durant tout le weekend les \u00eeles Vierges, Porto Rico, Saint-Martin et <a href=\"https:\/\/vsd.fr\/4665-video-la-rencontre-emouvante-entre-laeticia-hallyday-et-des-fans-de-johnny-a-saint-barth\/\" rel=\"nofollow noopener\" target=\"_blank\">Saint-Barth\u00e9l\u00e9my<\/a>. Il est pass\u00e9 en cat\u00e9gorie 5, avant d&rsquo;\u00eatre r\u00e9trograd\u00e9 en cat\u00e9gorie 3 ce samedi en fin de journ\u00e9e. <strong>Les rafales sont mont\u00e9es jusqu&rsquo;\u00e0 249km\/h<\/strong> mais le pire est d\u00e9sormais pass\u00e9.<\/p>\n<p><img loading=\"lazy\" decoding=\"async\" width=\"574\" height=\"1024\" src=\"https:\/\/www.europesays.com\/fr\/wp-content\/uploads\/2025\/08\/Capture-decran-2025-08-17-a-19.27.23-574x1024.png\" alt=\"Laeticia Hallyday, les vacances de l\u2019angoisse : apr\u00e8s les flammes, l\u2019ouragan qui menace son coin de paradis\"  \/><\/p>\n<p>INSTAGRAM LAETICIA HALLYDAY<\/p>\n<p>La saison des ouragans va \u00eatre terrible<\/p>\n<p>L&rsquo;ouragan Erin n&rsquo;est que le premier d&rsquo;une longue liste pour les Am\u00e9ricains. Et cette ann\u00e9e, Laeticia Hallyday va devoir s&rsquo;armer de patience\u2026 En effet, la NHC a pr\u00e9venu que la saison des ouragans 2025 <strong>serait plus intense que la normale<\/strong>. Cette saison d\u00e9bute en g\u00e9n\u00e9ral en juin, et s&rsquo;\u00e9tend jusqu&rsquo;au mois de novembre. Mais les estimations des autorit\u00e9s m\u00e9t\u00e9orologiques am\u00e9ricaines sont pessimistes, et affirment que les ouragans seront plus d\u00e9vastateurs et meurtriers. L&rsquo;an dernier, <strong>l&rsquo;ouragan H\u00e9l\u00e8ne avait \u00e9t\u00e9 le pire de tous, et avait fait plus de 200 morts<\/strong>.<\/p>\n<p>      Mentionn\u00e9s dans cet article<\/p>\n<p>      Sur le m\u00eame sujet<\/p>\n","protected":false},"excerpt":{"rendered":"R\u00e9sum\u00e9 Apr\u00e8s avoir subi des incendies d\u00e9vastateurs \u00e0 Los Angeles, Laeticia Hallyday se retrouve d\u00e9sormais confront\u00e9e \u00e0 un&hellip;\n","protected":false},"author":2,"featured_media":325604,"comment_status":"","ping_status":"","sticky":false,"template":"","format":"standard","meta":{"footnotes":""},"categories":[5],"tags":[11,73,2883,1011,27,1310,14,8750,1304,3033,7648,12,46266,46267,2528,28],"class_list":{"0":"post-325603","1":"post","2":"type-post","3":"status-publish","4":"format-standard","5":"has-post-thumbnail","7":"category-international","8":"tag-actualites","9":"tag-etats-unis","10":"tag-ete","11":"tag-fr","12":"tag-france","13":"tag-incendie","14":"tag-international","15":"tag-jade-hallyday","16":"tag-johnny-hallyday","17":"tag-joy-hallyday","18":"tag-laeticia-hallyday","19":"tag-news","20":"tag-ouragan","21":"tag-saint-barthelemy","22":"tag-vacances","23":"tag-world"},"share_on_mastodon":{"url":"https:\/\/pubeurope.com\/@fr\/115045973807115388","error":""},"_links":{"self":[{"href":"https:\/\/www.europesays.com\/fr\/wp-json\/wp\/v2\/posts\/325603","targetHints":{"allow":["GET"]}}],"collection":[{"href":"https:\/\/www.europesays.com\/fr\/wp-json\/wp\/v2\/posts"}],"about":[{"href":"https:\/\/www.europesays.com\/fr\/wp-json\/wp\/v2\/types\/post"}],"author":[{"embeddable":true,"href":"https:\/\/www.europesays.com\/fr\/wp-json\/wp\/v2\/users\/2"}],"replies":[{"embeddable":true,"href":"https:\/\/www.europesays.com\/fr\/wp-json\/wp\/v2\/comments?post=325603"}],"version-history":[{"count":0,"href":"https:\/\/www.europesays.com\/fr\/wp-json\/wp\/v2\/posts\/325603\/revisions"}],"wp:featuredmedia":[{"embeddable":true,"href":"https:\/\/www.europesays.com\/fr\/wp-json\/wp\/v2\/media\/325604"}],"wp:attachment":[{"href":"https:\/\/www.europesays.com\/fr\/wp-json\/wp\/v2\/media?parent=325603"}],"wp:term":[{"taxonomy":"category","embeddable":true,"href":"https:\/\/www.europesays.com\/fr\/wp-json\/wp\/v2\/categories?post=325603"},{"taxonomy":"post_tag","embeddable":true,"href":"https:\/\/www.europesays.com\/fr\/wp-json\/wp\/v2\/tags?post=325603"}],"curies":[{"name":"wp","href":"https:\/\/api.w.org\/{rel}","templated":true}]}}