{"id":325605,"date":"2025-08-17T20:23:10","date_gmt":"2025-08-17T20:23:10","guid":{"rendered":"https:\/\/www.europesays.com\/fr\/325605\/"},"modified":"2025-08-17T20:23:10","modified_gmt":"2025-08-17T20:23:10","slug":"deux-morts-dans-un-accident-de-planeur-pres-de-ploermel","status":"publish","type":"post","link":"https:\/\/www.europesays.com\/fr\/325605\/","title":{"rendered":"Deux morts dans un accident de planeur pr\u00e8s de Plo\u00ebrmel"},"content":{"rendered":"<p>Deux personnes ont trouv\u00e9 la mort ce dimanche apr\u00e8s-midi, dans la chute d\u2019un planeur, \u00e0 proximit\u00e9 de l\u2019a\u00e9rodrome de Loyat, dans le Morbihan. Selon les pompiers du Morbihan, l\u2019accident est survenu vers 15 h et a mobilis\u00e9 18 sapeurs-pompiers pour secourir les \u00ab deux victimes \u00bb qui se trouvaient \u00e0 bord du planeur.<\/p>\n<p>Interrog\u00e9e par l\u2019AFP, la pr\u00e9fecture du Morbihan a confirm\u00e9 que l\u2019accident avait fait deux morts, sans pouvoir, \u00e0 ce stade, donner davantage de pr\u00e9cisions sur les identit\u00e9s ou les circonstances de l\u2019accident.<\/p>\n","protected":false},"excerpt":{"rendered":"Deux personnes ont trouv\u00e9 la mort ce dimanche apr\u00e8s-midi, dans la chute d\u2019un planeur, \u00e0 proximit\u00e9 de l\u2019a\u00e9rodrome&hellip;\n","protected":false},"author":2,"featured_media":325606,"comment_status":"","ping_status":"","sticky":false,"template":"","format":"standard","meta":{"footnotes":""},"categories":[4],"tags":[11,829,765,1011,27,3729,12,14972,25],"class_list":{"0":"post-325605","1":"post","2":"type-post","3":"status-publish","4":"format-standard","5":"has-post-thumbnail","7":"category-france","8":"tag-actualites","9":"tag-bretagne","10":"tag-en-continu","11":"tag-fr","12":"tag-france","13":"tag-morbihan","14":"tag-news","15":"tag-ploermel","16":"tag-republique-francaise"},"share_on_mastodon":{"url":"https:\/\/pubeurope.com\/@fr\/115045977630260719","error":""},"_links":{"self":[{"href":"https:\/\/www.europesays.com\/fr\/wp-json\/wp\/v2\/posts\/325605","targetHints":{"allow":["GET"]}}],"collection":[{"href":"https:\/\/www.europesays.com\/fr\/wp-json\/wp\/v2\/posts"}],"about":[{"href":"https:\/\/www.europesays.com\/fr\/wp-json\/wp\/v2\/types\/post"}],"author":[{"embeddable":true,"href":"https:\/\/www.europesays.com\/fr\/wp-json\/wp\/v2\/users\/2"}],"replies":[{"embeddable":true,"href":"https:\/\/www.europesays.com\/fr\/wp-json\/wp\/v2\/comments?post=325605"}],"version-history":[{"count":0,"href":"https:\/\/www.europesays.com\/fr\/wp-json\/wp\/v2\/posts\/325605\/revisions"}],"wp:featuredmedia":[{"embeddable":true,"href":"https:\/\/www.europesays.com\/fr\/wp-json\/wp\/v2\/media\/325606"}],"wp:attachment":[{"href":"https:\/\/www.europesays.com\/fr\/wp-json\/wp\/v2\/media?parent=325605"}],"wp:term":[{"taxonomy":"category","embeddable":true,"href":"https:\/\/www.europesays.com\/fr\/wp-json\/wp\/v2\/categories?post=325605"},{"taxonomy":"post_tag","embeddable":true,"href":"https:\/\/www.europesays.com\/fr\/wp-json\/wp\/v2\/tags?post=325605"}],"curies":[{"name":"wp","href":"https:\/\/api.w.org\/{rel}","templated":true}]}}