{"id":325611,"date":"2025-08-17T20:29:27","date_gmt":"2025-08-17T20:29:27","guid":{"rendered":"https:\/\/www.europesays.com\/fr\/325611\/"},"modified":"2025-08-17T20:29:27","modified_gmt":"2025-08-17T20:29:27","slug":"fleville-devant-nancy-les-nouveaux-habitants-de-manomchamp-font-connaissance","status":"publish","type":"post","link":"https:\/\/www.europesays.com\/fr\/325611\/","title":{"rendered":"Fl\u00e9ville-devant-Nancy. Les nouveaux habitants de Manomchamp font connaissance"},"content":{"rendered":"<p>Quelques nouveaux habitants du lotissement de Manomchamp se sont r\u00e9unis pour faire connaissance. Une petite soir\u00e9e sympathique et conviviale autour d\u2019un ap\u00e9ritif d\u00eenatoire, style auberge espagnole. Des plans tir\u00e9s sur la com\u00e8te pour l\u2019avenir, et d\u00e9j\u00e0 un projet de f\u00eate des voisins, une belle entente s\u2019est install\u00e9e dans ce petit \u00eelot d\u2019une douzaine de propri\u00e9taires de tous \u00e2ges.<\/p>\n","protected":false},"excerpt":{"rendered":"Quelques nouveaux habitants du lotissement de Manomchamp se sont r\u00e9unis pour faire connaissance. Une petite soir\u00e9e sympathique et&hellip;\n","protected":false},"author":2,"featured_media":325612,"comment_status":"","ping_status":"","sticky":false,"template":"","format":"standard","meta":{"footnotes":""},"categories":[9635],"tags":[1111,11,1687,1704,1777,674,9650,1011,27,775,9649,1702,12,25],"class_list":{"0":"post-325611","1":"post","2":"type-post","3":"status-publish","4":"format-standard","5":"has-post-thumbnail","7":"category-nancy","8":"tag-actu","9":"tag-actualites","10":"tag-culture-loisirs","11":"tag-edition-nancy-et-agglomeration","12":"tag-eu","13":"tag-europe","14":"tag-fleville-devant-nancy","15":"tag-fr","16":"tag-france","17":"tag-grand-est","18":"tag-metropole-du-grand-nancy-54b2","19":"tag-nancy","20":"tag-news","21":"tag-republique-francaise"},"share_on_mastodon":{"url":"https:\/\/pubeurope.com\/@fr\/115046001159401881","error":""},"_links":{"self":[{"href":"https:\/\/www.europesays.com\/fr\/wp-json\/wp\/v2\/posts\/325611","targetHints":{"allow":["GET"]}}],"collection":[{"href":"https:\/\/www.europesays.com\/fr\/wp-json\/wp\/v2\/posts"}],"about":[{"href":"https:\/\/www.europesays.com\/fr\/wp-json\/wp\/v2\/types\/post"}],"author":[{"embeddable":true,"href":"https:\/\/www.europesays.com\/fr\/wp-json\/wp\/v2\/users\/2"}],"replies":[{"embeddable":true,"href":"https:\/\/www.europesays.com\/fr\/wp-json\/wp\/v2\/comments?post=325611"}],"version-history":[{"count":0,"href":"https:\/\/www.europesays.com\/fr\/wp-json\/wp\/v2\/posts\/325611\/revisions"}],"wp:featuredmedia":[{"embeddable":true,"href":"https:\/\/www.europesays.com\/fr\/wp-json\/wp\/v2\/media\/325612"}],"wp:attachment":[{"href":"https:\/\/www.europesays.com\/fr\/wp-json\/wp\/v2\/media?parent=325611"}],"wp:term":[{"taxonomy":"category","embeddable":true,"href":"https:\/\/www.europesays.com\/fr\/wp-json\/wp\/v2\/categories?post=325611"},{"taxonomy":"post_tag","embeddable":true,"href":"https:\/\/www.europesays.com\/fr\/wp-json\/wp\/v2\/tags?post=325611"}],"curies":[{"name":"wp","href":"https:\/\/api.w.org\/{rel}","templated":true}]}}