{"id":325613,"date":"2025-08-17T20:30:11","date_gmt":"2025-08-17T20:30:11","guid":{"rendered":"https:\/\/www.europesays.com\/fr\/325613\/"},"modified":"2025-08-17T20:30:11","modified_gmt":"2025-08-17T20:30:11","slug":"toulon-du-soleil-genereux-lundi-en-provence-alpes-cote-dazur","status":"publish","type":"post","link":"https:\/\/www.europesays.com\/fr\/325613\/","title":{"rendered":"TOULON : Du soleil g\u00e9n\u00e9reux lundi en Provence-Alpes-C\u00f4te d\u2019Azur"},"content":{"rendered":"<p><strong>Du soleil g\u00e9n\u00e9reux ce lundi en Provence-Alpes-C\u00f4te d\u2019Azur, avec des temp\u00e9ratures toujours tr\u00e8s chaudes. <\/strong><\/p>\n<p>Ce matin, elles s\u2019\u00e9chelonnent entre 17 et 24\u00b0. Cet apr\u00e8s-midi, le thermom\u00e8tre grimpera nettement : 31\u00b0 attendus \u00e0\u00a0<strong data-start=\"315\" data-end=\"325\">Hy\u00e8res<\/strong>,\u00a0<strong data-start=\"327\" data-end=\"349\">Bormes<\/strong>,\u00a0<strong data-start=\"351\" data-end=\"363\">La Londe<\/strong>\u00a0et\u00a0<strong data-start=\"367\" data-end=\"386\">Digne<\/strong>. Comptez 32\u00b0 pour\u00a0<strong data-start=\"405\" data-end=\"415\">Toulon<\/strong>,\u00a0<strong data-start=\"417\" data-end=\"427\">Bandol<\/strong>,\u00a0<strong data-start=\"429\" data-end=\"442\">La Ciotat<\/strong>\u00a0et\u00a0<strong data-start=\"446\" data-end=\"464\">Carry-le-Rouet<\/strong>.<\/p>\n<p>Il fera 33\u00b0 \u00e0\u00a0<strong data-start=\"480\" data-end=\"493\">Marseille<\/strong>\u00a0et\u00a0<strong data-start=\"497\" data-end=\"508\">Aubagne<\/strong>, 34\u00b0 \u00e0\u00a0<strong data-start=\"516\" data-end=\"535\">Aix\u00a0<\/strong>, 35\u00b0 du c\u00f4t\u00e9 de\u00a0<strong data-start=\"552\" data-end=\"565\">Cavaillon<\/strong>, 36\u00b0 vers\u00a0<strong data-start=\"576\" data-end=\"586\">Orange<\/strong>\u00a0et jusqu\u2019\u00e0 37\u00b0 \u00e0\u00a0<strong data-start=\"604\" data-end=\"615\">Avignon<\/strong>.<\/p>\n<p><strong>Le Var maintenu en vigilance ORANGE canicule lundi 18 ao\u00fbt :<\/strong><\/p>\n<p><strong>Situation m\u00e9t\u00e9orologique<\/strong><\/p>\n<p>Les temp\u00e9ratures dans la nuit de dimanche \u00e0 lundi sont comprises entre 18 et 20\u00b0C dans l\u2019int\u00e9rieur varois.<br \/>En se rapprochant de la c\u00f4te, les temp\u00e9ratures sont plus \u00e9lev\u00e9es et oscillent souvent entre 22 et 25\u00b0C.<br \/>En journ\u00e9e, les temp\u00e9ratures maximales atteignent le plus souvent 34 \u00e0 37\u00b0C, et sont un peu moins chaudes sur l\u2019est Var.<br \/>L\u2019\u00e9pisode caniculaire se poursuit jusqu\u2019en d\u00e9but de semaine prochaine, avec des temp\u00e9ratures encore globalement tr\u00e8s \u00e9lev\u00e9es dans la r\u00e9gion.<\/p>\n<p><strong>Les mesures prises<\/strong><\/p>\n<p><strong>Les services de l\u2019\u00c9tat sont mobilis\u00e9s dans le Var et ont mis en place les mesures pr\u00e9vues pour anticiper et g\u00e9rer l\u2019impact sanitaire des fortes chaleurs :<\/strong><\/p>\n<p>\u2022 la sensibilisation d\u00e8s \u00e0 pr\u00e9sent par l\u2019Agence r\u00e9gionale de sant\u00e9 (ARS) et le D\u00e9partement de l\u2019ensemble des \u00e9tablissements de sant\u00e9 et notamment des \u00e9tablissements accueillant des personnes \u00e2g\u00e9es et des personnes en situation de handicap ;<br \/>\u2022 le recensement et la prise de contact par les maires avec les personnes \u00e2g\u00e9es ou en situation de fragilit\u00e9 sur leur commune ;<br \/>\u2022 l\u2019information pr\u00e9ventive par les services de l\u2019\u00c9ducation nationale des organisateurs d\u2019accueil collectif de mineurs et des organisateurs de manifestations sportives ;<br \/>\u2022 la mobilisation par la DDETS (Direction d\u00e9partementale de l\u2019emploi, du travail et de la solidarit\u00e9) des op\u00e9rateurs gestionnaires de centres d\u2019h\u00e9bergement ou intervenant dans le dispositif de veille sociale (accueils de jour, maraudes\u2026) et le renforcement des maraudes associatives mais aussi des entreprises et des organisations professionnelles.<\/p>\n<p><strong>Les comportements \u00e0 adopter<\/strong><\/p>\n<p>\u2022 Maintenez votre logement frais (fermez fen\u00eatres et volets la journ\u00e9e, ouvrez-les le soir et la nuit s\u2019il fait plus frais) ;<br \/>\u2022 Buvez de l\u2019eau plusieurs fois par jour, continuez \u00e0 manger normalement ;<br \/>\u2022 Rafra\u00eechissez-vous et mouillez-vous le corps plusieurs fois par jour (visage et avants bras) ;<br \/>\u2022 Passez plusieurs heures par jour dans un lieu frais ou climatis\u00e9 ;<br \/>\u2022 \u00c9vitez de sortir aux heures les plus chaudes et de pratiquer une activit\u00e9 physique ;<br \/>\u2022 Si vous avez dans votre entourage des personnes \u00e2g\u00e9es, ou des personnes souffrant de maladies chroniques ou isol\u00e9es, prenez de leurs nouvelles ou rendez leur visite. Accompagnez-les dans un endroit frais.<\/p>\n<p><strong>Les cons\u00e9quences possibles de la canicule<\/strong><\/p>\n<p>Les fortes chaleurs peuvent toucher chacun d\u2019entre nous, m\u00eame les sujets en bonne sant\u00e9.<br \/>Cependant, le danger est plus grand pour les personnes \u00e2g\u00e9es, les personnes atteintes de maladies chroniques ou de troubles de la sant\u00e9 mentale, les personnes qui prennent r\u00e9guli\u00e8rement des m\u00e9dicaments, et les personnes isol\u00e9es ainsi que les enfants et les femmes enceintes.<br \/>Les sympt\u00f4mes d\u2019un coup de chaleur sont : une fi\u00e8vre sup\u00e9rieure \u00e0 40 \u00b0C, une peau chaude, rouge et s\u00e8che, des maux de t\u00eate, des naus\u00e9es, une somnolence, une soif intense, une confusion, des convulsions pouvant aller jusqu\u2019\u00e0 une perte de connaissance.<\/p>\n<p><strong>Si vous avez connaissance d\u2019une personne se trouvant en difficult\u00e9 du fait de ces fortes chaleurs, n\u2019h\u00e9sitez pas \u00e0 appeler les services de secours :<\/strong><\/p>\n<p>\u2022 Le 15, num\u00e9ro d\u2019appel gratuit du service d\u2019aide m\u00e9dicale urgente (SAMU)<br \/>\u2022 Le 115, num\u00e9ro d\u2019appel gratuit des urgences sociales, qui a pour mission d\u2019informer, orienter et rechercher un h\u00e9bergement pour les personnes sans domicile fixe.<\/p>\n<p style=\"text-align: left;\"><strong>ComLaRadio\u00a0<\/strong><br \/><strong>Thierry CARI<\/strong><br \/><strong>Voix Off<\/strong><br \/><strong>Animateur \/ pr\u00e9sentateur<\/strong><br \/><strong><a href=\"https:\/\/presseagence.fr\/toulon-du-soleil-genereux-lundi-en-provence-alpes-cote-dazur\/mailto:Contact@thierrycari.com\" rel=\"nofollow noopener\" target=\"_blank\">Contact@thierrycari.com<\/a><\/strong><br \/><strong><a href=\"http:\/\/www.thierrycari.com\" rel=\"nofollow noopener\" target=\"_blank\">www.thierrycari.com<\/a><\/strong><\/p>\n","protected":false},"excerpt":{"rendered":"Du soleil g\u00e9n\u00e9reux ce lundi en Provence-Alpes-C\u00f4te d\u2019Azur, avec des temp\u00e9ratures toujours tr\u00e8s chaudes. Ce matin, elles s\u2019\u00e9chelonnent&hellip;\n","protected":false},"author":2,"featured_media":281878,"comment_status":"","ping_status":"","sticky":false,"template":"","format":"standard","meta":{"footnotes":""},"categories":[9619],"tags":[1111,11,1777,674,1011,27,12,882,25,2310],"class_list":{"0":"post-325613","1":"post","2":"type-post","3":"status-publish","4":"format-standard","5":"has-post-thumbnail","7":"category-toulon","8":"tag-actu","9":"tag-actualites","10":"tag-eu","11":"tag-europe","12":"tag-fr","13":"tag-france","14":"tag-news","15":"tag-provence-alpes-cote-dazur","16":"tag-republique-francaise","17":"tag-toulon"},"share_on_mastodon":{"url":"https:\/\/pubeurope.com\/@fr\/115046004984402948","error":""},"_links":{"self":[{"href":"https:\/\/www.europesays.com\/fr\/wp-json\/wp\/v2\/posts\/325613","targetHints":{"allow":["GET"]}}],"collection":[{"href":"https:\/\/www.europesays.com\/fr\/wp-json\/wp\/v2\/posts"}],"about":[{"href":"https:\/\/www.europesays.com\/fr\/wp-json\/wp\/v2\/types\/post"}],"author":[{"embeddable":true,"href":"https:\/\/www.europesays.com\/fr\/wp-json\/wp\/v2\/users\/2"}],"replies":[{"embeddable":true,"href":"https:\/\/www.europesays.com\/fr\/wp-json\/wp\/v2\/comments?post=325613"}],"version-history":[{"count":0,"href":"https:\/\/www.europesays.com\/fr\/wp-json\/wp\/v2\/posts\/325613\/revisions"}],"wp:featuredmedia":[{"embeddable":true,"href":"https:\/\/www.europesays.com\/fr\/wp-json\/wp\/v2\/media\/281878"}],"wp:attachment":[{"href":"https:\/\/www.europesays.com\/fr\/wp-json\/wp\/v2\/media?parent=325613"}],"wp:term":[{"taxonomy":"category","embeddable":true,"href":"https:\/\/www.europesays.com\/fr\/wp-json\/wp\/v2\/categories?post=325613"},{"taxonomy":"post_tag","embeddable":true,"href":"https:\/\/www.europesays.com\/fr\/wp-json\/wp\/v2\/tags?post=325613"}],"curies":[{"name":"wp","href":"https:\/\/api.w.org\/{rel}","templated":true}]}}