{"id":325616,"date":"2025-08-17T20:35:11","date_gmt":"2025-08-17T20:35:11","guid":{"rendered":"https:\/\/www.europesays.com\/fr\/325616\/"},"modified":"2025-08-17T20:35:11","modified_gmt":"2025-08-17T20:35:11","slug":"combien-de-clochers-de-fast-foods-de-tags-de-licences-iv-voici-des-chiffres-etonnants-sur-rouen","status":"publish","type":"post","link":"https:\/\/www.europesays.com\/fr\/325616\/","title":{"rendered":"Combien de clochers, de fast-foods, de tags, de licences IV&#8230;? Voici des chiffres \u00e9tonnants sur Rouen\u00a0!"},"content":{"rendered":"<p>            Par<br \/>\n        <strong><br \/>\n            <a href=\"https:\/\/actu.fr\/auteur\/julien-bouteiller\" title=\"Consulter tous les articles de Julien Bouteiller\" rel=\"nofollow noopener\" target=\"_blank\">Julien Bouteiller<\/a><br \/>\n        <\/strong><\/p>\n<p>        Publi\u00e9 le<\/p>\n<p>            1 sept. 2024 \u00e0 9h04<br \/>\n        ; mis \u00e0 jour le 14 ao\u00fbt 2025 \u00e0 15h54    <\/p>\n<p>Vous vous \u00eates d\u00e9j\u00e0 demand\u00e9<strong> combien il y a de licences IV \u00e0 Rouen<\/strong>\u2009? Ou de clochers\u2009? Peut-\u00eatre pas, mais nous oui\u2009! <strong>Gr\u00e2ce \u00e0 ces chiffres \u00e9tonnants<\/strong> sur Rouen, vous allez pouvoir vous la jouer un peu en soci\u00e9t\u00e9, en \u00e9talant votre grande culture de la ville.<\/p>\n<p>Il y a 450 licences IV \u00e0 Rouen<\/p>\n<p class=\" wall-content\">Longtemps, Rouen a eu la r\u00e9putation <a href=\"https:\/\/actu.fr\/normandie\/rouen_76540\/nombre-bars-habitant-rouen-perd-premiere-place-championne-france_886934.html\" rel=\"nofollow noopener\" target=\"_blank\">d\u2019avoir le plus de bars par habitant<\/a>. Il n\u2019existe plus de classement \u00e0 ce sujet, mais ce qu\u2019on peut vous dire, c\u2019est que la ville compte<strong> 450 licences IV<\/strong> (selon les donn\u00e9es de la mairie). C\u2019est-\u00e0-dire autant de bars ou restaurants aptes \u00e0 servir des alcools issus de la distillation. Pour vous donner une id\u00e9e, cela repr\u00e9sente <strong>environ une licence IV pour 250\u00a0habitants.<\/strong><\/p>\n<p>On y compte 123 fast-foods<\/p>\n<p class=\" wall-content\">Capitale de la picole, Rouen semble \u00eatre aussi <strong>celle de la restauration rapide<\/strong>. On compte ainsi, <a href=\"https:\/\/actu.fr\/normandie\/rouen_76540\/nombre-bars-habitant-rouen-perd-premiere-place-championne-france_886934.html\" rel=\"nofollow noopener\" target=\"_blank\">selon des donn\u00e9es du site Smappen<\/a>, <strong>123 fast-foods pour 100\u2009000\u00a0habitants<\/strong> sur le territoire rouennais. Rouen est ainsi en t\u00eate des grandes villes comptant le plus d\u2019enseignes de restauration rapide. Cela s\u2019expliquerait notamment par une population plus jeune et plus pauvre que la moyenne nationale.<\/p>\n<p>Combien de boulangeries \u00e0 Rouen\u2009?<\/p>\n<p class=\" wall-content\">Toujours selon les donn\u00e9es de Smappen, en 2023, <a href=\"https:\/\/actu.fr\/normandie\/rouen_76540\/rouen-dans-le-top-50-des-villes-de-france-ou-il-y-a-le-plus-de-boulangeries_59955173.html\" rel=\"nofollow noopener\" target=\"_blank\">Rouen compte 130 boulangeries<\/a>. Cela repr\u00e9sente donc<strong> une boulangerie pour 864\u00a0habitants<\/strong>. Et oui, il faut bien du pain pour \u00e9taler nos savoureux fromages normands\u2009!<\/p>\n<p>Y a-t-il vraiment 100 clochers\u2009?<\/p>\n<p class=\" wall-content\">Rouen, comme d\u2019autres villes, est volontiers pr\u00e9sent\u00e9e <a href=\"https:\/\/actu.fr\/societe\/la-question-pas-bete-est-veritable-ville-cent-clochers-normandie_21315416.html\" rel=\"nofollow noopener\" target=\"_blank\">comme la Ville aux 100 clochers.<\/a> Mais ce d\u00e9compte est-il vrai\u2009? Suspense\u2026 Eh bien non\u2009!<strong> Il y en a en fait 38<\/strong> si on ne compte que ceux des \u00e9difices religieux et en excluant les \u00e9coles. Il faut remonter \u00e0 avant la R\u00e9volution pour compter 104 clochers \u00e0 Rouen.<\/p>\n<p>Rouen et ses nombreux monuments historiques<\/p>\n<p class=\" wall-content\">La capitale normande ne manque pas de monuments remarquables et anciens. Au total, la mairie comptabilise <strong>228 monuments historiques<\/strong>, ce qui fait de Rouen la <a href=\"https:\/\/actu.fr\/normandie\/rouen_76540\/rouen-est-elle-la-ville-de-france-ou-il-y-a-le-plus-de-monuments-historiques_53856666.html\" rel=\"nofollow noopener\" target=\"_blank\">sixi\u00e8me ville de France comptant le plus de monuments inscrits ou class\u00e9s<\/a>.<\/p>\n<p class=\" wall-content\">Parmi ceux qui sont class\u00e9s (et rev\u00eatent donc un int\u00e9r\u00eat national)\u2009: <strong>l\u2019abbatiale Saint-Ouen, l\u2019a\u00eetre Saint-Maclou, le b\u00e2timent de l\u2019Office de tourisme, l\u2019\u00e9glise Saint-Maclou, le palais de justice, la cath\u00e9drale et le Gros horloge.<\/strong><\/p>\n<p>153\u00a0m\u00e8tres<\/p>\n<p class=\" wall-content\">Et non, ce n\u2019est pas la hauteur de la fl\u00e8che de la cath\u00e9drale de Rouen, bien qu\u2019elle soit proche (151\u00a0m\u00e8tres). <strong>153\u00a0m\u00e8tres, c\u2019est la hauteur du point culminant de Rouen<\/strong>, l\u2019altitude la plus haute que l\u2019on peut atteindre sur le territoire de la ville.<\/p>\n<p class=\" wall-content\">Contrairement \u00e0 ce vous pourriez croire, cette hauteur ne s\u2019atteint pas au sommet de la c\u00f4te Sainte-Catherine, mais plut\u00f4t <strong>du c\u00f4t\u00e9 du lyc\u00e9e Flaubert<\/strong>, au sommet de la c\u00f4te du monumental.<\/p>\n<p>Huit esp\u00e8ces de chauves-souris<\/p>\n<p class=\" wall-content\">Oui, \u00e0 Rouen on compte les esp\u00e8ces de chauves-souris (<a href=\"https:\/\/actu.fr\/normandie\/rouen_76540\/insolite-a-rouen-des-bus-permettent-de-compter-les-chauves-souris_57259556.html\" rel=\"nofollow noopener\" target=\"_blank\">on compte m\u00eame les chauves-souris avec des bus<\/a>). Afin d\u2019\u00e9valuer l\u2019\u00e9tat de la biodiversit\u00e9, la Ville a fait r\u00e9aliser un diagnostic en 2021. R\u00e9sultat, Rouen compte <strong>160 esp\u00e8ces de plantes \u00e0 fleurs, foug\u00e8res et conif\u00e8res, huit de chauves-souris donc, 87 d\u2019oiseaux, 31 de papillons de jours, 17 d\u2019orthopt\u00e8res<\/strong> (tout ce qui est criquets et grillons) <strong>et huit de libellules.<\/strong><\/p>\n<p>19\u2009000 arbres<\/p>\n<p class=\" wall-content\">Ces esp\u00e8ces animales peuvent profiter des<strong> 19\u2009000 arbres de la ville<\/strong> (comptage hors for\u00eats). On compte parmi eux, 20\u2009% de platanes, 12\u2009% de tilleuls, 10\u2009% d\u2019\u00e9rables et 6\u2009% de prunus (cerisiers fleurs, pruniers pourpres, etc.).<\/p>\n<p class=\" wall-content\">Sachez aussi que <a href=\"https:\/\/actu.fr\/normandie\/rouen_76540\/savez-vous-quels-sont-les-plus-vieux-arbres-de-rouen_59933614.html\" rel=\"nofollow noopener\" target=\"_blank\">les deux plus vieux arbres de la ville<\/a> se trouvent, selon la mairie, au Jardin des Plantes\u2009: il s\u2019agit d\u2019un Parrotia persica et d\u2019un Gingko biloba, tous deux plant\u00e9s entre\u00a01840 et\u00a01850.<\/p>\n<p>Combien de tags effac\u00e9s\u2009?<\/p>\n<p class=\" wall-content\">Si l\u2019on revient \u00e0 des consid\u00e9rations beaucoup plus terre \u00e0 terre, vous \u00eates-vous d\u00e9j\u00e0 demand\u00e9 le nombre <a href=\"https:\/\/actu.fr\/normandie\/rouen_76540\/trop-de-tags-a-rouen-on-intervient-aussi-vite-que-possible-assure-la-ville_50198159.html\" rel=\"nofollow noopener\" target=\"_blank\">de tags effac\u00e9s chaque ann\u00e9e \u00e0 Rouen<\/a>\u2009? Nous oui. Et la r\u00e9ponse, selon la mairie, <strong>est environ 7000m\u00b2 de tags effac\u00e9s<\/strong>, pour un co\u00fbt estim\u00e9 \u00e0 280\u2009000\u00a0euros. Pour comparer, Lille, ville deux fois plus grande et peupl\u00e9e, en efface 54 000m\u00b2, soit plus de sept fois plus.<\/p>\n<p class=\" wall-content\">\u00c0 Rouen, c\u2019est <strong>une \u00e9quipe de six personnes<\/strong> qui est en charge de les effacer.<\/p>\n<p>Les grandes heures du FCR<\/p>\n<p class=\" wall-content\">Actuellement en National, le FC Rouen a connu quelques grandes heures. Ainsi, le club rouennais a v\u00e9cu pas moins de <strong>19 saisons en Ligue\u00a01<\/strong>. Mais il faut avoir de la m\u00e9moire pour se souvenir de leur derni\u00e8re saison dans l\u2019\u00e9lite qui remonte \u00e0 1984-1985. Le FCR a pass\u00e9 36 saisons en deuxi\u00e8me division.<\/p>\n<p>Suivez l\u2019actualit\u00e9 de Rouen <a href=\"https:\/\/www.whatsapp.com\/channel\/0029VaKfnf99hXF2ddApFB1D\" rel=\"nofollow noopener\" target=\"_blank\">sur notre cha\u00eene WhatsApp<\/a> et <a href=\"https:\/\/www.tiktok.com\/@76actu.fr?lang=fr\" rel=\"nofollow noopener\" target=\"_blank\">sur notre compte TikTok<\/a><\/p>\n<p class=\" wall-content\">Suivez toute l\u2019actualit\u00e9 de vos villes et m\u00e9dias favoris en vous inscrivant \u00e0 <a href=\"https:\/\/moncompte.actu.fr\" title=\"D\u00e9couvez Mon Actu\" rel=\"nofollow noopener\" data-trk=\"{&quot;cta&quot;:{&quot;action&quot;:&quot;https:\\\/\\\/moncompte.actu.fr&quot;,&quot;category&quot;:&quot;mon compte&quot;,&quot;from&quot;:&quot;article footer&quot;,&quot;name&quot;:&quot;Mon actu&quot;,&quot;type&quot;:&quot;cta&quot;}}\" target=\"_blank\">Mon Actu<\/a>.<\/p>\n<p>                    <script async src=\"\/\/www.tiktok.com\/embed.js\"><\/script><\/p>\n","protected":false},"excerpt":{"rendered":"Par Julien Bouteiller Publi\u00e9 le 1 sept. 2024 \u00e0 9h04 ; mis \u00e0 jour le 14 ao\u00fbt 2025&hellip;\n","protected":false},"author":2,"featured_media":325617,"comment_status":"","ping_status":"","sticky":false,"template":"","format":"standard","meta":{"footnotes":""},"categories":[9587],"tags":[1111,11,1777,674,1011,27,1757,12,5161,25,9590],"class_list":{"0":"post-325616","1":"post","2":"type-post","3":"status-publish","4":"format-standard","5":"has-post-thumbnail","7":"category-rouen","8":"tag-actu","9":"tag-actualites","10":"tag-eu","11":"tag-europe","12":"tag-fr","13":"tag-france","14":"tag-insolite","15":"tag-news","16":"tag-normandie","17":"tag-republique-francaise","18":"tag-rouen"},"share_on_mastodon":{"url":"https:\/\/pubeurope.com\/@fr\/115046024698918481","error":""},"_links":{"self":[{"href":"https:\/\/www.europesays.com\/fr\/wp-json\/wp\/v2\/posts\/325616","targetHints":{"allow":["GET"]}}],"collection":[{"href":"https:\/\/www.europesays.com\/fr\/wp-json\/wp\/v2\/posts"}],"about":[{"href":"https:\/\/www.europesays.com\/fr\/wp-json\/wp\/v2\/types\/post"}],"author":[{"embeddable":true,"href":"https:\/\/www.europesays.com\/fr\/wp-json\/wp\/v2\/users\/2"}],"replies":[{"embeddable":true,"href":"https:\/\/www.europesays.com\/fr\/wp-json\/wp\/v2\/comments?post=325616"}],"version-history":[{"count":0,"href":"https:\/\/www.europesays.com\/fr\/wp-json\/wp\/v2\/posts\/325616\/revisions"}],"wp:featuredmedia":[{"embeddable":true,"href":"https:\/\/www.europesays.com\/fr\/wp-json\/wp\/v2\/media\/325617"}],"wp:attachment":[{"href":"https:\/\/www.europesays.com\/fr\/wp-json\/wp\/v2\/media?parent=325616"}],"wp:term":[{"taxonomy":"category","embeddable":true,"href":"https:\/\/www.europesays.com\/fr\/wp-json\/wp\/v2\/categories?post=325616"},{"taxonomy":"post_tag","embeddable":true,"href":"https:\/\/www.europesays.com\/fr\/wp-json\/wp\/v2\/tags?post=325616"}],"curies":[{"name":"wp","href":"https:\/\/api.w.org\/{rel}","templated":true}]}}