{"id":325618,"date":"2025-08-17T20:36:37","date_gmt":"2025-08-17T20:36:37","guid":{"rendered":"https:\/\/www.europesays.com\/fr\/325618\/"},"modified":"2025-08-17T20:36:37","modified_gmt":"2025-08-17T20:36:37","slug":"vers-rouen-une-balade-par-les-hauteurs","status":"publish","type":"post","link":"https:\/\/www.europesays.com\/fr\/325618\/","title":{"rendered":"Vers Rouen, Une Balade Par Les Hauteurs"},"content":{"rendered":"<p>                                <img class=\"c-article__main-picture\" ix-path=\"events\/20251010-vers-rouen-une-balade-par-les-hauteurs.jpg\" ix-params=\"{\" w=\"\" alt=\"Vers Rouen, une balade par les hauteurs\"\/><\/p>\n<p><strong>*De Paris \u00e0 la mer au fil de la Seine &#8211; 4e \u00e9tape<\/strong>*<\/p>\n<p><strong>*Distance :<\/strong> 20 km<strong>*D\u00e9part :<\/strong> Gare TER de Pont de l&rsquo;Arche (Normandie)<strong>*Arriv\u00e9e :<\/strong> Gare SNCF de Rouen Rive Droite<strong>*Point culminant :<\/strong> Cath\u00e9drale de Rouen<\/p>\n<p>Cette randonn\u00e9e spectaculaire propose une approche in\u00e9dite de Rouen en remontant la Seine depuis Pont de l&rsquo;Arche. Le parcours offre une d\u00e9couverte progressive de la capitale normande \u00e0 travers ses plus beaux panoramas, des coteaux d&rsquo;amont jusqu&rsquo;au c\u0153ur historique. Les marcheurs graviront les hauteurs qui dominent la vall\u00e9e pour profiter de points de vue exceptionnels sur les m\u00e9andres de la Seine et l&rsquo;\u00e9crin de verdure qui enserre la m\u00e9tropole rouennaise.<\/p>\n<p>L&rsquo;arriv\u00e9e par la majestueuse cath\u00e9drale, immortalis\u00e9e par Monet dans ses c\u00e9l\u00e8bres s\u00e9ries, r\u00e9v\u00e8le Rouen sous son angle le plus grandiose. Cette balade allie d\u00e9couverte paysag\u00e8re et patrimoine gothique, guid\u00e9e par des guides-conf\u00e9renciers et paysagistes qui d\u00e9voileront les secrets de ces panoramas d&rsquo;exception sur l&rsquo;une des plus belles capitales normandes.<\/p>\n<p><strong>Un parcours co-anim\u00e9 avec<\/strong> <a href=\"https:\/\/festivalzigzag.fr\/\" rel=\"nofollow noopener\" target=\"_blank\"><strong>*Zig Zag, festival de l&rsquo;architecture et des arts de l&rsquo;espace<\/strong>*** <\/a><strong>en Normandie.<\/strong><\/p>\n<p><strong>*Infos transports :<\/strong>* <strong>*<\/strong><strong> *D\u00e9part de Paris S<\/strong><strong>aint-Lazare vers la gare de Pont de l&rsquo;Arche en Normandie par un train direct (15\u20ac environ), et retour \u00e0 Paris Saint-Lazare depuis la gare de Rouen Rive Droite.<\/strong><\/p>\n<p>\u00c0 propos de cette saison de baladesLanc\u00e9e par Enlarge your Paris et la M\u00e9tropole du Grand Paris pour l&rsquo;Entente Axe Seine, cette premi\u00e8re saison des balades \u00ab\u00a0<strong>*De Paris \u00e0 la mer au fil de la Seine<\/strong>*\u00a0\u00bb invite \u00e0 red\u00e9couvrir les paysages fluviaux entre le Grand Paris et la Normandie.<\/p>\n<p>Chaque parcours, accessible en train, propose une immersion dans les territoires de la Seine, ponctu\u00e9e de temps de m\u00e9diation avec des paysagistes, artistes, naturalistes et acteurs locaux.<\/p>\n<p>L&rsquo;objectif : faire de la Seine un haut lieu du tourisme bas carbone, de la marche et de la contemplation, tout en sensibilisant \u00e0 la pr\u00e9servation de ses \u00e9cosyst\u00e8mes remarquables.<\/p>\n<p><strong>*Avec le concours du Festival Zig-Zag (Rouen) et de l&rsquo;Office du Tourisme du Havre.<\/strong>*<\/p>\n","protected":false},"excerpt":{"rendered":"*De Paris \u00e0 la mer au fil de la Seine &#8211; 4e \u00e9tape* *Distance : 20 km*D\u00e9part :&hellip;\n","protected":false},"author":2,"featured_media":325619,"comment_status":"","ping_status":"","sticky":false,"template":"","format":"standard","meta":{"footnotes":""},"categories":[9587],"tags":[1111,11,1777,674,1011,27,12,5161,25,9590],"class_list":{"0":"post-325618","1":"post","2":"type-post","3":"status-publish","4":"format-standard","5":"has-post-thumbnail","7":"category-rouen","8":"tag-actu","9":"tag-actualites","10":"tag-eu","11":"tag-europe","12":"tag-fr","13":"tag-france","14":"tag-news","15":"tag-normandie","16":"tag-republique-francaise","17":"tag-rouen"},"share_on_mastodon":{"url":"https:\/\/pubeurope.com\/@fr\/115046028629316101","error":""},"_links":{"self":[{"href":"https:\/\/www.europesays.com\/fr\/wp-json\/wp\/v2\/posts\/325618","targetHints":{"allow":["GET"]}}],"collection":[{"href":"https:\/\/www.europesays.com\/fr\/wp-json\/wp\/v2\/posts"}],"about":[{"href":"https:\/\/www.europesays.com\/fr\/wp-json\/wp\/v2\/types\/post"}],"author":[{"embeddable":true,"href":"https:\/\/www.europesays.com\/fr\/wp-json\/wp\/v2\/users\/2"}],"replies":[{"embeddable":true,"href":"https:\/\/www.europesays.com\/fr\/wp-json\/wp\/v2\/comments?post=325618"}],"version-history":[{"count":0,"href":"https:\/\/www.europesays.com\/fr\/wp-json\/wp\/v2\/posts\/325618\/revisions"}],"wp:featuredmedia":[{"embeddable":true,"href":"https:\/\/www.europesays.com\/fr\/wp-json\/wp\/v2\/media\/325619"}],"wp:attachment":[{"href":"https:\/\/www.europesays.com\/fr\/wp-json\/wp\/v2\/media?parent=325618"}],"wp:term":[{"taxonomy":"category","embeddable":true,"href":"https:\/\/www.europesays.com\/fr\/wp-json\/wp\/v2\/categories?post=325618"},{"taxonomy":"post_tag","embeddable":true,"href":"https:\/\/www.europesays.com\/fr\/wp-json\/wp\/v2\/tags?post=325618"}],"curies":[{"name":"wp","href":"https:\/\/api.w.org\/{rel}","templated":true}]}}