{"id":325620,"date":"2025-08-17T20:38:20","date_gmt":"2025-08-17T20:38:20","guid":{"rendered":"https:\/\/www.europesays.com\/fr\/325620\/"},"modified":"2025-08-17T20:38:20","modified_gmt":"2025-08-17T20:38:20","slug":"asse-gf38-prenez-vos-places-pour-le-deplacement","status":"publish","type":"post","link":"https:\/\/www.europesays.com\/fr\/325620\/","title":{"rendered":"ASSE-GF38 : Prenez vos places pour le d\u00e9placement"},"content":{"rendered":"<p>L\u2019Entrep\u00f4t du Bricolage est une enseigne fran\u00e7aise sp\u00e9cialis\u00e9e dans la commercialisation de mat\u00e9riaux de construction, de mat\u00e9riel et d\u2019outillage de bricolage pour la construction (parpaing, plaque de pl\u00e2tre, isolation, ciment, aquamaster), la r\u00e9novation (peinture, rev\u00eatement de sol, lambris, carrelage), l\u2019am\u00e9lioration de l\u2019habitat (VMC, meuble de salle de bains, po\u00eale \u00e0 pellet ou chauffage \u00e0 inertie) et du jardin (lame de terrasse, r\u00e9cup\u00e9rateur d\u2019eau de pluie, carrelage de sol ext\u00e9rieur) ainsi que les consommables comme les pellets et le p\u00e9trole pour po\u00eale.<\/p>\n","protected":false},"excerpt":{"rendered":"L\u2019Entrep\u00f4t du Bricolage est une enseigne fran\u00e7aise sp\u00e9cialis\u00e9e dans la commercialisation de mat\u00e9riaux de construction, de mat\u00e9riel et&hellip;\n","protected":false},"author":2,"featured_media":325621,"comment_status":"","ping_status":"","sticky":false,"template":"","format":"standard","meta":{"footnotes":""},"categories":[9566],"tags":[1111,11,2430,1777,674,1011,27,2731,12,25],"class_list":{"0":"post-325620","1":"post","2":"type-post","3":"status-publish","4":"format-standard","5":"has-post-thumbnail","7":"category-grenoble","8":"tag-actu","9":"tag-actualites","10":"tag-auvergne-rhone-alpes","11":"tag-eu","12":"tag-europe","13":"tag-fr","14":"tag-france","15":"tag-grenoble","16":"tag-news","17":"tag-republique-francaise"},"share_on_mastodon":{"url":"https:\/\/pubeurope.com\/@fr\/115046036539165847","error":""},"_links":{"self":[{"href":"https:\/\/www.europesays.com\/fr\/wp-json\/wp\/v2\/posts\/325620","targetHints":{"allow":["GET"]}}],"collection":[{"href":"https:\/\/www.europesays.com\/fr\/wp-json\/wp\/v2\/posts"}],"about":[{"href":"https:\/\/www.europesays.com\/fr\/wp-json\/wp\/v2\/types\/post"}],"author":[{"embeddable":true,"href":"https:\/\/www.europesays.com\/fr\/wp-json\/wp\/v2\/users\/2"}],"replies":[{"embeddable":true,"href":"https:\/\/www.europesays.com\/fr\/wp-json\/wp\/v2\/comments?post=325620"}],"version-history":[{"count":0,"href":"https:\/\/www.europesays.com\/fr\/wp-json\/wp\/v2\/posts\/325620\/revisions"}],"wp:featuredmedia":[{"embeddable":true,"href":"https:\/\/www.europesays.com\/fr\/wp-json\/wp\/v2\/media\/325621"}],"wp:attachment":[{"href":"https:\/\/www.europesays.com\/fr\/wp-json\/wp\/v2\/media?parent=325620"}],"wp:term":[{"taxonomy":"category","embeddable":true,"href":"https:\/\/www.europesays.com\/fr\/wp-json\/wp\/v2\/categories?post=325620"},{"taxonomy":"post_tag","embeddable":true,"href":"https:\/\/www.europesays.com\/fr\/wp-json\/wp\/v2\/tags?post=325620"}],"curies":[{"name":"wp","href":"https:\/\/api.w.org\/{rel}","templated":true}]}}