{"id":325624,"date":"2025-08-17T20:40:19","date_gmt":"2025-08-17T20:40:19","guid":{"rendered":"https:\/\/www.europesays.com\/fr\/325624\/"},"modified":"2025-08-17T20:40:19","modified_gmt":"2025-08-17T20:40:19","slug":"travaux-de-voirie-a-rennes-voici-les-secteurs-a-eviter-cette-semaine-du-18-aout","status":"publish","type":"post","link":"https:\/\/www.europesays.com\/fr\/325624\/","title":{"rendered":"Travaux de voirie \u00e0 Rennes\u00a0: voici les secteurs \u00e0 \u00e9viter cette semaine du 18\u00a0ao\u00fbt"},"content":{"rendered":"<p>Les travaux sur les voies se poursuivent \u00e0 Rennes (Ille-et-Vilaine). On fait le point pour cette semaine du 18\u00a0ao\u00fbt 2025.<\/p>\n<p>Avenue du G\u00e9n\u00e9ral Georges-S.-Patton<\/p>\n<p>Jusqu\u2019au vendredi 31\u00a0octobre, la circulation est toujours interdite entre le boulevard d\u2019Armorique et la rue Fran\u00e7ois-Duine, afin de permettre \u00e0 Rennes m\u00e9tropole de s\u00e9curiser le &#8230;<\/p>\n<p>\u00a0<\/p>\n","protected":false},"excerpt":{"rendered":"Les travaux sur les voies se poursuivent \u00e0 Rennes (Ille-et-Vilaine). On fait le point pour cette semaine du&hellip;\n","protected":false},"author":2,"featured_media":325625,"comment_status":"","ping_status":"","sticky":false,"template":"","format":"standard","meta":{"footnotes":""},"categories":[2821],"tags":[16187,1111,11,2863,829,1777,674,7049,1011,27,12,584,25,4971,5572,2086,39121],"class_list":{"0":"post-325624","1":"post","2":"type-post","3":"status-publish","4":"format-standard","5":"has-post-thumbnail","7":"category-rennes","8":"tag-16187","9":"tag-actu","10":"tag-actualites","11":"tag-aout","12":"tag-bretagne","13":"tag-eu","14":"tag-europe","15":"tag-eviter","16":"tag-fr","17":"tag-france","18":"tag-news","19":"tag-rennes","20":"tag-republique-francaise","21":"tag-secteurs","22":"tag-semaine","23":"tag-travaux","24":"tag-voirie"},"share_on_mastodon":{"url":"https:\/\/pubeurope.com\/@fr\/115046044468036364","error":""},"_links":{"self":[{"href":"https:\/\/www.europesays.com\/fr\/wp-json\/wp\/v2\/posts\/325624","targetHints":{"allow":["GET"]}}],"collection":[{"href":"https:\/\/www.europesays.com\/fr\/wp-json\/wp\/v2\/posts"}],"about":[{"href":"https:\/\/www.europesays.com\/fr\/wp-json\/wp\/v2\/types\/post"}],"author":[{"embeddable":true,"href":"https:\/\/www.europesays.com\/fr\/wp-json\/wp\/v2\/users\/2"}],"replies":[{"embeddable":true,"href":"https:\/\/www.europesays.com\/fr\/wp-json\/wp\/v2\/comments?post=325624"}],"version-history":[{"count":0,"href":"https:\/\/www.europesays.com\/fr\/wp-json\/wp\/v2\/posts\/325624\/revisions"}],"wp:featuredmedia":[{"embeddable":true,"href":"https:\/\/www.europesays.com\/fr\/wp-json\/wp\/v2\/media\/325625"}],"wp:attachment":[{"href":"https:\/\/www.europesays.com\/fr\/wp-json\/wp\/v2\/media?parent=325624"}],"wp:term":[{"taxonomy":"category","embeddable":true,"href":"https:\/\/www.europesays.com\/fr\/wp-json\/wp\/v2\/categories?post=325624"},{"taxonomy":"post_tag","embeddable":true,"href":"https:\/\/www.europesays.com\/fr\/wp-json\/wp\/v2\/tags?post=325624"}],"curies":[{"name":"wp","href":"https:\/\/api.w.org\/{rel}","templated":true}]}}