{"id":325626,"date":"2025-08-17T20:41:16","date_gmt":"2025-08-17T20:41:16","guid":{"rendered":"https:\/\/www.europesays.com\/fr\/325626\/"},"modified":"2025-08-17T20:41:16","modified_gmt":"2025-08-17T20:41:16","slug":"angers-piege-le-paris-fc-pour-son-retour-strasbourg-arrache-la-victoire-a-metz","status":"publish","type":"post","link":"https:\/\/www.europesays.com\/fr\/325626\/","title":{"rendered":"Angers pi\u00e8ge le Paris FC pour son retour, Strasbourg arrache la victoire \u00e0 Metz"},"content":{"rendered":"<p>Bien loin du festival offensif <a href=\"https:\/\/www.lalsace.fr\/sport\/2025\/08\/17\/ligue-1-brest-et-lille-se-neutralisent-a-l-issue-d-un-match-fou\" target=\"_blank\" rel=\"noopener\">entre Brest et Lille (3-3)<\/a>, le multiplex de cette 1\u00e8re journ\u00e9e de Ligue a accouch\u00e9 dimanche de trois rencontres pauvres en but\u00a0: Angers, Strasbourg et Auxerre s&rsquo;imposant sur le plus petit des \u00e9carts (1-0) respectivement face au Paris FC, \u00e0 Metz et contre Lorient. Les trois promus dans l&rsquo;\u00e9lite se sont donc tous inclin\u00e9s.<\/p>\n<p>Le\u00a0Paris FC refroidi par Lepaul<\/p>\n<p>Le Paris FC s&rsquo;est heurt\u00e9 dimanche \u00e0 la dure r\u00e9alit\u00e9 de la Ligue 1, <a href=\"https:\/\/www.lalsace.fr\/sport\/2025\/08\/17\/ligue-1-46-ans-apres-un-paris-fc-transfigure-retrouve-l-elite-a-angers\" target=\"_blank\" rel=\"noopener\">46\u00a0ans apr\u00e8s son dernier match \u00e0 ce niveau<\/a>, en s&rsquo;inclinant (1-0)\u00a0\u00e0 Angers pour la premi\u00e8re journ\u00e9e.\u00a0Le SCO, qui avait commenc\u00e9 le championnat par trois d\u00e9faites l&rsquo;an dernier apr\u00e8s avoir retrouv\u00e9 l&rsquo;\u00e9lite, r\u00e9alise cette fois l\u2019entame parfaite. Et il le doit une nouvelle fois \u00e0 son in\u00e9vitable buteur, Est\u00e9ban Lepaul.<\/p>\n<p>Tr\u00e8s en forme lors de la deuxi\u00e8me partie de saison derni\u00e8re (8\u00a0buts sur la phase retour), l\u2019ancien attaquant d\u2019\u00c9pinal form\u00e9 \u00e0 Lyon, a r\u00e9cidiv\u00e9 pour ce premier match de la saison. Sur un long ballon de Jordan Lefort, il a profit\u00e9 de la mauvaise appr\u00e9ciation du capitaine parisien Timoth\u00e9e Kolodziejczak pour se pr\u00e9senter seul face \u00e0 Obed Nkambadio et le mystifier (1-0, 9e).<\/p>\n<p>Malgr\u00e9 cette entame d\u00e9favorable, le Paris FC a redress\u00e9 la t\u00eate avec une importante domination territoriale, consolid\u00e9e encore par les 30\u00a0minutes en sup\u00e9riorit\u00e9 num\u00e9rique apr\u00e8s l\u2019exclusion d\u2019une des deux recrues angevines, Louis Mouton, pour un tacle trop appuy\u00e9 sur Kolodziejczak (57e). Mais les Parisiens n&rsquo;ont cependant jamais r\u00e9ussi \u00e0 refaire leur retard.<\/p>\n<p>  A l&rsquo;exp\u00e9rience, Auxerre domine Lorient<\/p>\n<p>A l&rsquo;Abb\u00e9-Deschamps, l&rsquo;AJ Auxerre a d\u00e9but\u00e9 sa deuxi\u00e8me saison de suite en Ligue 1 par une courte victoire sur Lorient (1-0).<\/p>\n<p>Gr\u00e2ce \u00e0 son attaquant de pointe Lassine Sinayoko (53e), le club bourguignon a \u00e9t\u00e9 lanc\u00e9 sur de bons rails. Tour un symbole puisque le buteur malien est l&rsquo;un des tauliers de cette \u00e9quipe d\u00e9sormais avec le gardien Donovan L\u00e9on, depuis les d\u00e9parts cet \u00e9t\u00e9 de Ga\u00ebtan Perrin et de Jubal pour Krasnodar.<\/p>\n<p>Arriv\u00e9 du Havre, Josu\u00e9 Casimir aurait pu doubler la mise sur penalty mais sa frappe a heurt\u00e9 la transversale. Une premi\u00e8re manqu\u00e9e pour l&rsquo;attaquant guadeloup\u00e9en avec ce rat\u00e9 dans un exercice ou excellait un certain&#8230; Jubal. Mais l&rsquo;essentiel est l\u00e0 pour l&rsquo;AJA, qui glane trois points d&rsquo;entr\u00e9e.<\/p>\n<p>  Strasbourg s&rsquo;en sort \u00e0 Metz<\/p>\n<p>Dans le derby de l&rsquo;est, Metz aura longtemps resist\u00e9 \u00e0 Strasbourg mais le Racing a pris l&rsquo;avantage en toute fin de rencontre sur un but de sa recrue Joaquin Panichelli.<\/p>\n<p>Arriv\u00e9 cet \u00e9t\u00e9 en Alsace, l&rsquo;Argentin de 22 ans a fait parler sa taille en inscrivant le but de la victoire d&rsquo;une t\u00eate rageuse en toute fin de match (85e). Le RCSA se met en confiance avant son barrage de Ligue Conf\u00e9rence jeudi contre Brondby.<\/p>\n<p>Les Messins n&rsquo;ont pas affich\u00e9 un mauvais visage, posant bien des probl\u00e8mes aux hommes de Liam Rosenior, mais cela n&rsquo;a pas \u00e9t\u00e9 suffisant.<\/p>\n","protected":false},"excerpt":{"rendered":"Bien loin du festival offensif entre Brest et Lille (3-3), le multiplex de cette 1\u00e8re journ\u00e9e de Ligue&hellip;\n","protected":false},"author":2,"featured_media":325627,"comment_status":"","ping_status":"","sticky":false,"template":"","format":"standard","meta":{"footnotes":""},"categories":[2820],"tags":[1111,11,1777,674,107,63,1011,27,775,7020,12,25,517,1947,640],"class_list":{"0":"post-325626","1":"post","2":"type-post","3":"status-publish","4":"format-standard","5":"has-post-thumbnail","7":"category-strasbourg","8":"tag-actu","9":"tag-actualites","10":"tag-eu","11":"tag-europe","12":"tag-fil-info","13":"tag-football","14":"tag-fr","15":"tag-france","16":"tag-grand-est","17":"tag-ligue-1-football","18":"tag-news","19":"tag-republique-francaise","20":"tag-sport","21":"tag-sport-national","22":"tag-strasbourg"},"share_on_mastodon":{"url":"https:\/\/pubeurope.com\/@fr\/115046048360828081","error":""},"_links":{"self":[{"href":"https:\/\/www.europesays.com\/fr\/wp-json\/wp\/v2\/posts\/325626","targetHints":{"allow":["GET"]}}],"collection":[{"href":"https:\/\/www.europesays.com\/fr\/wp-json\/wp\/v2\/posts"}],"about":[{"href":"https:\/\/www.europesays.com\/fr\/wp-json\/wp\/v2\/types\/post"}],"author":[{"embeddable":true,"href":"https:\/\/www.europesays.com\/fr\/wp-json\/wp\/v2\/users\/2"}],"replies":[{"embeddable":true,"href":"https:\/\/www.europesays.com\/fr\/wp-json\/wp\/v2\/comments?post=325626"}],"version-history":[{"count":0,"href":"https:\/\/www.europesays.com\/fr\/wp-json\/wp\/v2\/posts\/325626\/revisions"}],"wp:featuredmedia":[{"embeddable":true,"href":"https:\/\/www.europesays.com\/fr\/wp-json\/wp\/v2\/media\/325627"}],"wp:attachment":[{"href":"https:\/\/www.europesays.com\/fr\/wp-json\/wp\/v2\/media?parent=325626"}],"wp:term":[{"taxonomy":"category","embeddable":true,"href":"https:\/\/www.europesays.com\/fr\/wp-json\/wp\/v2\/categories?post=325626"},{"taxonomy":"post_tag","embeddable":true,"href":"https:\/\/www.europesays.com\/fr\/wp-json\/wp\/v2\/tags?post=325626"}],"curies":[{"name":"wp","href":"https:\/\/api.w.org\/{rel}","templated":true}]}}