{"id":325642,"date":"2025-08-17T20:53:25","date_gmt":"2025-08-17T20:53:25","guid":{"rendered":"https:\/\/www.europesays.com\/fr\/325642\/"},"modified":"2025-08-17T20:53:25","modified_gmt":"2025-08-17T20:53:25","slug":"olivier-giroud-a-mis-10-minutes-pour-reussir-son-retour-en-ligue-1","status":"publish","type":"post","link":"https:\/\/www.europesays.com\/fr\/325642\/","title":{"rendered":"Olivier Giroud a mis 10 minutes pour r\u00e9ussir son retour en Ligue 1"},"content":{"rendered":"<p>FOOTBALL &#8211; Le meilleur buteur de l\u2019histoire de l\u2019\u00e9quipe de France frappe fort. De retour en Ligue 1\u00a0apr\u00e8s avoir sign\u00e9 un contrat avec Lille, <a href=\"https:\/\/fr.news.yahoo.com\/olivier-giroud-r%C3%A9gale-but-spectaculaire-210559580.html\" data-ylk=\"slk:l\u2019attaquant fran\u00e7ais Olivier Giroud;elm:context_link;itc:0;sec:content-canvas;outcm:mb_qualified_link;_E:mb_qualified_link;ct:story;\" class=\"link  yahoo-link\" target=\"_blank\" rel=\"noopener\">l\u2019attaquant fran\u00e7ais Olivier Giroud<\/a> n\u2019a pas perdu de temps ce dimanche 17\u00a0ao\u00fbt pour ses retrouvailles avec le championnat de France.<\/p>\n<p>13\u00a0ans apr\u00e8s son dernier match sur une pelouse de <a href=\"https:\/\/fr.news.yahoo.com\/nantes-psg-ligue1-diffus%C3%A9-gratuitement-103635960.html\" data-ylk=\"slk:Ligue 1;elm:context_link;itc:0;sec:content-canvas;outcm:mb_qualified_link;_E:mb_qualified_link;ct:story;\" class=\"link  yahoo-link\" target=\"_blank\" rel=\"noopener\">Ligue 1<\/a>, le <a href=\"https:\/\/fr.news.yahoo.com\/olivier-giroud-tentation-lille-retour-110005286.html\" data-ylk=\"slk:champion du monde 2018;elm:context_link;itc:0;sec:content-canvas;outcm:mb_qualified_link;_E:mb_qualified_link;ct:story;\" class=\"link  yahoo-link\" target=\"_blank\" rel=\"noopener\">champion du monde 2018<\/a>\u00a0n\u2019aura pas attendu plus de dix minutes pour faire trembler les filets du Stade Brestois. Lanc\u00e9 en profondeur dans la surface adverse sur un superbe ballon de F\u00e9lix Correia \u2212 autre recrue estivale lilloise \u2212 le buteur de 38\u00a0ans croise parfaitement sa frappe pour marquer le premier but de cette rencontre.<\/p>\n<p><a href=\"https:\/\/fr.news.yahoo.com\/avant-lens-lyon-ligue-1-120018441.html\" data-ylk=\"slk:Avant Lens-Lyon en Ligue 1, la liste des dix joueurs \u00e0 suivre cette saison;elm:context_link;itc:0;sec:content-canvas;outcm:mb_qualified_link;_E:mb_qualified_link;ct:story;\" class=\"link  yahoo-link\" target=\"_blank\" rel=\"noopener\"> Avant Lens-Lyon en Ligue 1, la liste des dix joueurs \u00e0 suivre cette saison <\/a><\/p>\n<p>\u00ab\u00a0\u00c7a a \u00e9t\u00e9 un moment sp\u00e9cial pour moi, je suis tr\u00e8s content d\u2019\u00eatre de retour en France dans un bon club, avec un bon staff et des bons mecs. Je prends du plaisir\u00a0\u00bb, a-t-il gliss\u00e9 au micro de Ligue1+ apr\u00e8s un match nul haletant (3-3).<\/p>\n<p>Cette nouvelle r\u00e9alisation lui permet de faire grimper son compteur \u00e0 74\u00a0buts dans le championnat de France. Pour retrouver la trace d\u2019un but d\u2019Olivier Giroud en France, il faut remonter jusqu\u2019\u00e0 la saison 2011-2012, lorsqu\u2019il \u00e9voluait encore \u00e0 Montpellier. D\u2019apr\u00e8s <a href=\"https:\/\/x.com\/OptaJean\/status\/1957077909551673438\" rel=\"nofollow noopener\" target=\"_blank\" data-ylk=\"slk:les donn\u00e9es d\u2019OptaJean;elm:context_link;itc:0;sec:content-canvas\" class=\"link \">les donn\u00e9es d\u2019OptaJean<\/a>, Olivier Giroud devient au passage le troisi\u00e8me joueur avec le plus grand \u00e9cart entre deux buts en Ligue 1. Avec 13\u00a0ans et 107\u00a0jours depuis son dernier but, seuls Patrice Evra (14\u00a0ans et 46\u00a0jours) et Francis Coquelin (14\u00a0ans et 31\u00a0jours) ont fait mieux par le pass\u00e9.<\/p>\n<p>Une Ligue 1 (plus) attractive<\/p>\n<p>Apr\u00e8s avoir quitt\u00e9 la Ligue 1\u00a0en 2012, l\u2019ex-attaquant des Bleus s\u2019\u00e9tait envol\u00e9 pour plus d\u2019une d\u00e9cennie \u00e0 l\u2019\u00e9tranger. Entre l\u2019Angleterre, o\u00f9 il aura <a href=\"https:\/\/www.huffingtonpost.fr\/sport\/article\/olivier-giroud-inscrit-un-but-en-coup-du-scorpion-lors-d-arsenal-crystal-palace_91465.html\" rel=\"nofollow noopener\" target=\"_blank\" data-ylk=\"slk:surtout brill\u00e9 \u00e0 Arsenal;elm:context_link;itc:0;sec:content-canvas\" class=\"link \">surtout brill\u00e9 \u00e0 Arsenal<\/a> puis Chelsea. Avant un passage par l\u2019AC Milan en Italie et une courte excursion en MLS au Los Angeles FC l\u2019an dernier.<\/p>\n<p>Au m\u00eame titre que<a href=\"https:\/\/fr.news.yahoo.com\/ligue-1-champion-coupes-d-152910590.html\" data-ylk=\"slk:Florian Thauvin, d\u00e9sormais joueur du RC Lens;elm:context_link;itc:0;sec:content-canvas;outcm:mb_qualified_link;_E:mb_qualified_link;ct:story;\" class=\"link  yahoo-link\" target=\"_blank\" rel=\"noopener\"> Florian Thauvin, d\u00e9sormais joueur du RC Lens<\/a> ou <a href=\"https:\/\/fr.news.yahoo.com\/paul-pogba-rejoint-l-as-072203698.html\" data-ylk=\"slk:Paul Pogba;elm:context_link;itc:0;sec:content-canvas;outcm:mb_qualified_link;_E:mb_qualified_link;ct:story;\" class=\"link  yahoo-link\" target=\"_blank\" rel=\"noopener\">Paul Pogba<\/a>, recrut\u00e9 par Monaco, Olivier Giroud a opt\u00e9 cette ann\u00e9e pour un retour surprise dans le championnat de France. De quoi remettre encore un peu plus de lumi\u00e8re sur la Ligue 1\u00a0cette ann\u00e9e, entre ce retour au bercail d\u2019anciens champions du monde 2018\u00a0et un <a href=\"https:\/\/fr.news.yahoo.com\/psg-surclasse-l-inter-milan-205904066.html\" data-ylk=\"slk:PSG champion d\u2019Europe;elm:context_link;itc:0;sec:content-canvas;outcm:mb_qualified_link;_E:mb_qualified_link;ct:story;\" class=\"link  yahoo-link\" target=\"_blank\" rel=\"noopener\">PSG champion d\u2019Europe<\/a> pour la premi\u00e8re fois de son histoire et bien d\u00e9cid\u00e9 \u00e0 conserver son statut de grand favori en France.<\/p>\n<p><a href=\"https:\/\/fr.news.yahoo.com\/avant-retour-ligue-1-rennes-153009903.html\" data-ylk=\"slk:Avant le retour de la Ligue 1\u00a0avec Rennes-Marseille, les tops et les flops de la pr\u00e9paration estivale;elm:context_link;itc:0;sec:content-canvas;outcm:mb_qualified_link;_E:mb_qualified_link;ct:story;\" class=\"link  yahoo-link\" target=\"_blank\" rel=\"noopener\"> Avant le retour de la Ligue 1\u00a0avec Rennes-Marseille, les tops et les flops de la pr\u00e9paration estivale <\/a><\/p>\n<p><a href=\"https:\/\/fr.news.yahoo.com\/ligue-1-reprend-rennes-marseille-054506501.html\" data-ylk=\"slk:La Ligue 1\u00a0qui reprend avec Rennes-Marseille s\u2019annonce plus excitante que d\u2019habitude, voici pourquoi;elm:context_link;itc:0;sec:content-canvas;outcm:mb_qualified_link;_E:mb_qualified_link;ct:story;\" class=\"link  yahoo-link\" target=\"_blank\" rel=\"noopener\"> La Ligue 1\u00a0qui reprend avec Rennes-Marseille s\u2019annonce plus excitante que d\u2019habitude, voici pourquoi <\/a><\/p>\n","protected":false},"excerpt":{"rendered":"FOOTBALL &#8211; Le meilleur buteur de l\u2019histoire de l\u2019\u00e9quipe de France frappe fort. De retour en Ligue 1\u00a0apr\u00e8s&hellip;\n","protected":false},"author":2,"featured_media":325643,"comment_status":"","ping_status":"","sticky":false,"template":"","format":"standard","meta":{"footnotes":""},"categories":[2815],"tags":[25969,1111,11,22279,1777,674,43563,1011,27,46271,811,66,1307,34418,8628,3127,12,5959,14650,32134,93,2264,25,46270],"class_list":{"0":"post-325642","1":"post","2":"type-post","3":"status-publish","4":"format-standard","5":"has-post-thumbnail","7":"category-lille","8":"tag-13-ans","9":"tag-actu","10":"tag-actualites","11":"tag-championnat-de-france","12":"tag-eu","13":"tag-europe","14":"tag-florian-thauvin","15":"tag-fr","16":"tag-france","17":"tag-francis-coquelin","18":"tag-hauts-de-france","19":"tag-ligue-1","20":"tag-lille","21":"tag-los-angeles-fc","22":"tag-milan","23":"tag-monaco","24":"tag-news","25":"tag-olivier-giroud","26":"tag-patrice-evra","27":"tag-paul-pogba","28":"tag-psg","29":"tag-rc-lens","30":"tag-republique-francaise","31":"tag-retour-au-bercail"},"share_on_mastodon":{"url":"https:\/\/pubeurope.com\/@fr\/115046095443279123","error":""},"_links":{"self":[{"href":"https:\/\/www.europesays.com\/fr\/wp-json\/wp\/v2\/posts\/325642","targetHints":{"allow":["GET"]}}],"collection":[{"href":"https:\/\/www.europesays.com\/fr\/wp-json\/wp\/v2\/posts"}],"about":[{"href":"https:\/\/www.europesays.com\/fr\/wp-json\/wp\/v2\/types\/post"}],"author":[{"embeddable":true,"href":"https:\/\/www.europesays.com\/fr\/wp-json\/wp\/v2\/users\/2"}],"replies":[{"embeddable":true,"href":"https:\/\/www.europesays.com\/fr\/wp-json\/wp\/v2\/comments?post=325642"}],"version-history":[{"count":0,"href":"https:\/\/www.europesays.com\/fr\/wp-json\/wp\/v2\/posts\/325642\/revisions"}],"wp:featuredmedia":[{"embeddable":true,"href":"https:\/\/www.europesays.com\/fr\/wp-json\/wp\/v2\/media\/325643"}],"wp:attachment":[{"href":"https:\/\/www.europesays.com\/fr\/wp-json\/wp\/v2\/media?parent=325642"}],"wp:term":[{"taxonomy":"category","embeddable":true,"href":"https:\/\/www.europesays.com\/fr\/wp-json\/wp\/v2\/categories?post=325642"},{"taxonomy":"post_tag","embeddable":true,"href":"https:\/\/www.europesays.com\/fr\/wp-json\/wp\/v2\/tags?post=325642"}],"curies":[{"name":"wp","href":"https:\/\/api.w.org\/{rel}","templated":true}]}}