{"id":325644,"date":"2025-08-17T20:55:15","date_gmt":"2025-08-17T20:55:15","guid":{"rendered":"https:\/\/www.europesays.com\/fr\/325644\/"},"modified":"2025-08-17T20:55:15","modified_gmt":"2025-08-17T20:55:15","slug":"31-bd-charles-moretti-13014-marseille-location-de-bureaux-professionnels-et-services","status":"publish","type":"post","link":"https:\/\/www.europesays.com\/fr\/325644\/","title":{"rendered":"31 Bd Charles Moretti 13014 Marseille &#8211; Location de bureaux professionnels et services"},"content":{"rendered":"<p>En me baladant dans le 14\u00e8me arrondissement de Marseille, j\u2019ai d\u00e9couvert un lieu qui vaut vraiment le d\u00e9tour. Au 31 boulevard Charles Moretti, la Station Alexandre se dresse fi\u00e8rement, m\u00e9langeant histoire industrielle et modernit\u00e9. Ce centre d\u2019affaires propose des espaces de travail adapt\u00e9s aux professionnels et entreprises cherchant un cadre inspirant. J\u2019ai \u00e9t\u00e9 frapp\u00e9 par la diversit\u00e9 des services disponibles \u00e0 cette adresse, qui en fait un v\u00e9ritable carrefour \u00e9conomique et culturel dans ce coin de la cit\u00e9 phoc\u00e9enne.<\/p>\n<p>La Station Alexandre : un patrimoine industriel transform\u00e9 en centre d\u2019affaires moderne<\/p>\n<p>Construite au d\u00e9but du XXe si\u00e8cle par Victor R\u00e9gis, n\u00e9gociant et armateur marseillais sp\u00e9cialis\u00e9 dans l\u2019industrie huili\u00e8re, la Station Alexandre a connu plusieurs vies. Ce <strong>b\u00e2timent historique du quartier du Canet<\/strong> fonctionnait initialement comme gare de triage reli\u00e9e au quartier de la Joliette par une ligne ferroviaire priv\u00e9e. Apr\u00e8s son abandon dans les ann\u00e9es 1930, le lieu est rest\u00e9 en sommeil jusqu\u2019\u00e0 sa renaissance en 2003, sous l\u2019impulsion de Sylvie Caulet.<\/p>\n<p>Je passe souvent devant et reste toujours admiratif face \u00e0 sa <strong>charpente m\u00e9tallique attribu\u00e9e \u00e0 Eiffel<\/strong>, visible depuis l\u2019ext\u00e9rieur. Le centre accueille d\u00e9sormais les professionnels du lundi au vendredi de 9h \u00e0 18h. C\u2019est un peu comme si notre ville avait su pr\u00e9server son \u00e2me industrielle tout en lui insufflant une nouvelle dynamique entrepreneuriale, typique de l\u2019esprit marseillais qui sait se r\u00e9inventer.<\/p>\n<p>Une architecture remarquable entre pass\u00e9 industriel et modernit\u00e9<\/p>\n<p>L\u2019am\u00e9nagement int\u00e9rieur Art d\u00e9co contraste magnifiquement avec la structure m\u00e9tallique d\u2019origine. Cette <strong>transformation architecturale r\u00e9ussie<\/strong> t\u00e9moigne du d\u00e9veloppement constant de notre ville qui, comme un bon match au V\u00e9lodrome, sait allier tradition et innovation.<\/p>\n<ul>\n<li>Structure ext\u00e9rieure d\u2019inspiration Eiffel pr\u00e9serv\u00e9e<\/li>\n<li>Int\u00e9rieur Art d\u00e9co soigneusement r\u00e9nov\u00e9<\/li>\n<li>Verri\u00e8re impressionnante surplombant l\u2019Atrium<\/li>\n<\/ul>\n<p>Services et \u00e9quipements disponibles pour les professionnels<\/p>\n<p>La Station Alexandre offre un \u00e9cosyst\u00e8me complet pour les entreprises et travailleurs. Les <strong>galeries de bureaux fonctionnels<\/strong> c\u00f4toient cinq salles \u00e9quip\u00e9es pour r\u00e9unions et colloques. Tu recherches un serrurier fiable pour s\u00e9curiser tes locaux professionnels? \u00c9vite les mauvaises surprises en consultant <a href=\"https:\/\/www.newsofmarseille.com\/serrurerie-a-marseille-5-erreurs-a-eviter-pour-bien-choisir-votre-serrurier-52144942025.html\" target=\"_blank\" rel=\"noopener\">ce guide sur les erreurs \u00e0 \u00e9viter pour choisir ton serrurier \u00e0 Marseille<\/a>.<\/p>\n<ul>\n<li>Centre m\u00e9dical et param\u00e9dical sur place<\/li>\n<li>Laboratoire d\u2019analyses m\u00e9dicales<\/li>\n<li>Salon d\u2019optique et cr\u00e8che int\u00e9gr\u00e9e<\/li>\n<\/ul>\n<p>Solutions de restauration pour les professionnels<\/p>\n<p>Trois options gastronomiques s\u2019offrent aux travailleurs du site. Le <strong>New Barocco propose une cuisine raffin\u00e9e<\/strong> pour le d\u00e9jeuner, tandis que l\u2019EFL Caf\u00e9, situ\u00e9 dans l\u2019Atrium, accueille les affam\u00e9s de 8h \u00e0 18h avec ses salades fra\u00eeches. Pour un repas traditionnel, le Bistrot Alexandre r\u00e9gale les papilles du lundi au vendredi midi.<\/p>\n<ul>\n<li>New Barocco : plats gastronomiques<\/li>\n<li>EFL Caf\u00e9 : formule caf\u00e9-saladerie<\/li>\n<li>Bistrot Alexandre : cuisine traditionnelle<\/li>\n<\/ul>\n<p>Espaces de travail et salles de r\u00e9union<\/p>\n<tr>\nType d\u2019espace<br \/>\nCapacit\u00e9<br \/>\n\u00c9quipements<br \/>\n<\/tr>\n<tr>\n<td>Bureaux<\/td>\n<td>Variable<\/td>\n<td>Connectique moderne<\/td>\n<\/tr>\n<tr>\n<td>Salles de r\u00e9union<\/td>\n<td>5 \u00e0 50 personnes<\/td>\n<td>Vid\u00e9oprojection, wifi<\/td>\n<\/tr>\n<tr>\n<td>Salons de d\u00e9tente<\/td>\n<td>Selon espace<\/td>\n<td>Mobilier confortable<\/td>\n<\/tr>\n<p><img loading=\"lazy\" width=\"1344\" height=\"896\" decoding=\"async\" src=\"data:image\/svg+xml,%3Csvg%20xmlns=\" http:=\"\" alt=\"Salle de r\u00e9union design avec mobilier orange et plantes vertes\" data-lazy-src=\"https:\/\/www.europesays.com\/fr\/wp-content\/uploads\/2025\/08\/espace_de_travail_moderne_orange_7761.jpg\"\/><\/p>\n<p>Un lieu polyvalent entre affaires et culture<\/p>\n<p>Ce qui me enchante au 31 bd Charles Moretti, c\u2019est son c\u00f4t\u00e9 <strong>centre culturel inattendu<\/strong>. Sous la verri\u00e8re de l\u2019Atrium, j\u2019ai assist\u00e9 \u00e0 des concerts de jazz et spectacles de danse qui transforment cet espace professionnel en lieu de vie artistique.<\/p>\n<ul>\n<li>Concerts de musique classique et jazz<\/li>\n<li>Repr\u00e9sentations d\u2019op\u00e9ra et spectacles de danse<\/li>\n<li>Performances circassiennes<\/li>\n<\/ul>\n<p>\u00c9v\u00e9nements culturels et expositions<\/p>\n<p>\u00ab\u00a0Le Passage\u00a0\u00bb accueille r\u00e9guli\u00e8rement des <strong>expositions d\u2019art visuel contemporain<\/strong> qui attirent amateurs et professionnels. Ces initiatives culturelles cr\u00e9ent une atmosph\u00e8re unique, o\u00f9 l\u2019art et l\u2019entrepreneuriat se nourrissent mutuellement, comme seule Marseille sait le faire.<\/p>\n<p><a href=\"https:\/\/www.present.fr\/vivre-bali-guide-complet-sexpatrier-france-conseils-pratiques-partir\/\" target=\"_blank\" rel=\"noopener\"><br \/>\n  <img loading=\"lazy\" decoding=\"async\" width=\"1298\" height=\"560\" src=\"data:image\/svg+xml,%3Csvg%20xmlns=\" http:=\"\" alt=\"Vivre \u00e0 Bali\" style=\"width:100%; height:auto;\" data-lazy-src=\"https:\/\/www.europesays.com\/fr\/wp-content\/uploads\/2025\/07\/Design-sans-titre-2025-06-23T141323.113.jpg\"\/><br \/>\n<\/a><\/p>\n<ul>\n<li>Expositions temporaires d\u2019artistes locaux<\/li>\n<li>Vernissages ouverts aux professionnels<\/li>\n<li>\u00c9changes entre monde artistique et entrepreneurial<\/li>\n<\/ul>\n<p>Un \u00e9cosyst\u00e8me professionnel complet<\/p>\n<p>\u00c0 proximit\u00e9 imm\u00e9diate, tu trouveras l\u2019agence <strong>France Travail MARSEILLE CARRE GABRIEL<\/strong> qui accompagne candidats et employeurs du lundi au jeudi de 8h30 \u00e0 16h15. L\u2019antenne du Secours populaire offre une aide solidaire pr\u00e9cieuse au 32 boulevard Charles Moretti. Cette concentration de services publics et priv\u00e9s fait du quartier un v\u00e9ritable point n\u00e9vralgique pour le d\u00e9veloppement professionnel et social.<\/p>\n<p><img loading=\"lazy\" decoding=\"async\" width=\"150\" height=\"150\" src=\"data:image\/svg+xml,%3Csvg%20xmlns=\" http:=\"\" class=\"attachment-150x150 size-150x150\" alt=\"\" itemprop=\"image\" data-lazy- data-lazy- data-lazy-src=\"https:\/\/www.europesays.com\/fr\/wp-content\/uploads\/2025\/04\/img2-150x150.png\"\/><\/p>\n<p>Je suis Adrien, r\u00e9dacteur virtuel depuis quelques ann\u00e9es. J&rsquo;aime pouvoir partager avec vous les tendances Lifestyle sur le blog News Of Marseille. J&rsquo;esp\u00e8re que vous prendrez plaisir \u00e0 lire mes articles !<\/p>\n<p>Partagez l&rsquo;article ou suivez nous !<\/p>\n<p>\n\tNos images sont \u00e0 but illustratif et peuvent ne pas repr\u00e9senter la r\u00e9alit\u00e9<\/p>\n","protected":false},"excerpt":{"rendered":"En me baladant dans le 14\u00e8me arrondissement de Marseille, j\u2019ai d\u00e9couvert un lieu qui vaut vraiment le d\u00e9tour.&hellip;\n","protected":false},"author":2,"featured_media":325645,"comment_status":"","ping_status":"","sticky":false,"template":"","format":"standard","meta":{"footnotes":""},"categories":[2814],"tags":[46272,45453,1111,11,46273,1777,674,1011,27,46274,884,12,882,25],"class_list":{"0":"post-325644","1":"post","2":"type-post","3":"status-publish","4":"format-standard","5":"has-post-thumbnail","7":"category-marseille","8":"tag-acces-a-la-presence-en-ligne","9":"tag-acces-aux-amenagements-urbains","10":"tag-actu","11":"tag-actualites","12":"tag-centre-daffaires","13":"tag-eu","14":"tag-europe","15":"tag-fr","16":"tag-france","17":"tag-lieu-historique","18":"tag-marseille","19":"tag-news","20":"tag-provence-alpes-cote-dazur","21":"tag-republique-francaise"},"share_on_mastodon":{"url":"https:\/\/pubeurope.com\/@fr\/115046103427627149","error":""},"_links":{"self":[{"href":"https:\/\/www.europesays.com\/fr\/wp-json\/wp\/v2\/posts\/325644","targetHints":{"allow":["GET"]}}],"collection":[{"href":"https:\/\/www.europesays.com\/fr\/wp-json\/wp\/v2\/posts"}],"about":[{"href":"https:\/\/www.europesays.com\/fr\/wp-json\/wp\/v2\/types\/post"}],"author":[{"embeddable":true,"href":"https:\/\/www.europesays.com\/fr\/wp-json\/wp\/v2\/users\/2"}],"replies":[{"embeddable":true,"href":"https:\/\/www.europesays.com\/fr\/wp-json\/wp\/v2\/comments?post=325644"}],"version-history":[{"count":0,"href":"https:\/\/www.europesays.com\/fr\/wp-json\/wp\/v2\/posts\/325644\/revisions"}],"wp:featuredmedia":[{"embeddable":true,"href":"https:\/\/www.europesays.com\/fr\/wp-json\/wp\/v2\/media\/325645"}],"wp:attachment":[{"href":"https:\/\/www.europesays.com\/fr\/wp-json\/wp\/v2\/media?parent=325644"}],"wp:term":[{"taxonomy":"category","embeddable":true,"href":"https:\/\/www.europesays.com\/fr\/wp-json\/wp\/v2\/categories?post=325644"},{"taxonomy":"post_tag","embeddable":true,"href":"https:\/\/www.europesays.com\/fr\/wp-json\/wp\/v2\/tags?post=325644"}],"curies":[{"name":"wp","href":"https:\/\/api.w.org\/{rel}","templated":true}]}}