{"id":325646,"date":"2025-08-17T20:56:25","date_gmt":"2025-08-17T20:56:25","guid":{"rendered":"https:\/\/www.europesays.com\/fr\/325646\/"},"modified":"2025-08-17T20:56:25","modified_gmt":"2025-08-17T20:56:25","slug":"on-ma-attrape-et-tordu-le-bras","status":"publish","type":"post","link":"https:\/\/www.europesays.com\/fr\/325646\/","title":{"rendered":"\u00ab\u00a0On m\u2019a attrap\u00e9 et tordu le bras\u00a0\u00bb"},"content":{"rendered":"<p>\u00ab\u00a0J\u2019avais \u00e0 peine pos\u00e9 une fesse dans la voiture qu\u2019on m\u2019a attrap\u00e9 et tordu le bras. J\u2019ai cru que c\u2019\u00e9tait un chien qui me mordait et j\u2019ai cri\u00e9.\u00a0\u00bb Mardi 12\u00a0ao\u00fbt \u00e0 13\u00a0h\u00a015, Alain Dejean, 81 ans, a \u00e9t\u00e9 victime d\u2019un vol \u00e0 l\u2019arrach\u00e9 \u00e0 la galerie marchande de Carrefour d\u2019\u00c9cully. Sa montre suisse, d\u2019une valeur d\u2019environ 350\u00a0\u20ac, lui a \u00e9t\u00e9 d\u00e9tach\u00e9e du poignet par un jeune homme portant une casquette et des lunettes de soleil. \u00ab\u00a0Je n\u2019ai pas pu voir son visage. Il avait l\u2019air tr\u00e8s jeune, peut-\u00eatre dans la vingtaine, et portait un t-shirt rouge et un bermuda noir\u00a0\u00bb, raconte Alain.<\/p>\n<p>  Les images en cours d\u2019exploitation<\/p>\n<p>L\u2019homme a signal\u00e9 son agression au poste de s\u00e9curit\u00e9 de Carrefour et a d\u00e9pos\u00e9 plainte le lendemain au commissariat d\u2019\u00c9cully. \u00ab\u00a0J\u2019ai \u00e9t\u00e9 tr\u00e8s bien re\u00e7u et j\u2019ai vraiment eu le sentiment d\u2019\u00eatre consid\u00e9r\u00e9 comme une victime\u00a0\u00bb, pr\u00e9cise-t-il. Son poignet est douloureux et il porte d\u00e9sormais une attelle. \u00ab\u00a0Je ressens encore le choc psychologique de l\u2019agression.\u00a0\u00bb Les images de vid\u00e9osurveillance sont en cours d\u2019exploitation pour tenter d\u2019identifier le voleur.<\/p>\n<p>  \u00ab\u00a0Ta montre\u00a0! Ta montre\u00a0!\u00a0\u00bb<\/p>\n<p>Le dimanche 3\u00a0ao\u00fbt, Jean, lui aussi octog\u00e9naire, a \u00e9chapp\u00e9 de justesse \u00e0 un vol \u00e0 l\u2019arrach\u00e9 similaire. Arr\u00eat\u00e9 \u00e0 un feu rouge sur le cours Gambetta, juste avant de tourner sur l\u2019avenue de Saxe, fen\u00eatre ouverte et avant-bras pos\u00e9 sur la porti\u00e8re, il a \u00e9t\u00e9 surpris par un homme d\u2019environ 25 ans qui lui a saisi le poignet en hurlant\u00a0: \u00ab\u00a0Ta montre\u00a0! Ta montre\u00a0!\u00a0\u00bb R\u00e9agissant imm\u00e9diatement, Jean a acc\u00e9l\u00e9r\u00e9 et a forc\u00e9 l\u2019agresseur \u00e0 l\u00e2cher prise. \u00ab\u00a0J\u2019ai eu de la chance, car il n\u2019y avait aucune voiture devant moi, sinon je n\u2019aurais pas pu d\u00e9marrer\u00a0\u00bb, raconte-t-il.<\/p>\n<p>  \u00ab\u00a0Plus difficile \u00e0 arracher\u00a0\u00bb<\/p>\n<p>Ces t\u00e9moignages s\u2019inscrivent dans un contexte plus large de vols \u00e0 l\u2019arrach\u00e9, <a href=\"https:\/\/www.leprogres.fr\/faits-divers-justice\/2025\/07\/26\/augmentation-des-arrachages-de-colliers-nous-sommes-victimes-d-avoir-le-cou-denude\" target=\"_blank\" rel=\"noopener\">en forte augmentation \u00e0 Lyon, notamment pour les colliers<\/a>. Interrog\u00e9e par Le Progr\u00e8s, une source polici\u00e8re indique\u00a0: \u00ab\u00a0Les vols avec violence sont nombreux, mais ce sont surtout les cha\u00eenes en or qui sont vis\u00e9es. Les montres sont plus difficiles \u00e0 rep\u00e9rer et \u00e0 arracher. Ces faits sont fr\u00e9quents sur La C\u00f4te d&rsquo;Azur, o\u00f9 de nombreux possesseurs de montres de luxe circulent pendant l\u2019\u00e9t\u00e9. \u00c0 Lyon, nous avons eu un cas d\u2019un touriste anglais qui s\u2019est fait voler une montre de 8\u00a0000\u00a0\u20ac au d\u00e9but de l\u2019\u00e9t\u00e9. Mais pour l\u2019instant, nous n\u2019observons pas de hausse significative des plaintes.\u00a0\u00bb<\/p>\n","protected":false},"excerpt":{"rendered":"\u00ab\u00a0J\u2019avais \u00e0 peine pos\u00e9 une fesse dans la voiture qu\u2019on m\u2019a attrap\u00e9 et tordu le bras. J\u2019ai cru&hellip;\n","protected":false},"author":2,"featured_media":325647,"comment_status":"","ping_status":"","sticky":false,"template":"","format":"standard","meta":{"footnotes":""},"categories":[1889],"tags":[1111,11,2430,271,272,8451,2757,3153,1777,674,274,107,1011,27,2428,2756,12,25,2429],"class_list":{"0":"post-325646","1":"post","2":"type-post","3":"status-publish","4":"format-standard","5":"has-post-thumbnail","7":"category-lyon","8":"tag-actu","9":"tag-actualites","10":"tag-auvergne-rhone-alpes","11":"tag-crime","12":"tag-delit-et-contravention","13":"tag-ecully","14":"tag-edition-lyon-villeurbanne","15":"tag-edition-ouest-lyonnais","16":"tag-eu","17":"tag-europe","18":"tag-faits-divers-justice","19":"tag-fil-info","20":"tag-fr","21":"tag-france","22":"tag-lyon","23":"tag-lyon-bassin","24":"tag-news","25":"tag-republique-francaise","26":"tag-rhone"},"share_on_mastodon":{"url":"https:\/\/pubeurope.com\/@fr\/115046107339285864","error":""},"_links":{"self":[{"href":"https:\/\/www.europesays.com\/fr\/wp-json\/wp\/v2\/posts\/325646","targetHints":{"allow":["GET"]}}],"collection":[{"href":"https:\/\/www.europesays.com\/fr\/wp-json\/wp\/v2\/posts"}],"about":[{"href":"https:\/\/www.europesays.com\/fr\/wp-json\/wp\/v2\/types\/post"}],"author":[{"embeddable":true,"href":"https:\/\/www.europesays.com\/fr\/wp-json\/wp\/v2\/users\/2"}],"replies":[{"embeddable":true,"href":"https:\/\/www.europesays.com\/fr\/wp-json\/wp\/v2\/comments?post=325646"}],"version-history":[{"count":0,"href":"https:\/\/www.europesays.com\/fr\/wp-json\/wp\/v2\/posts\/325646\/revisions"}],"wp:featuredmedia":[{"embeddable":true,"href":"https:\/\/www.europesays.com\/fr\/wp-json\/wp\/v2\/media\/325647"}],"wp:attachment":[{"href":"https:\/\/www.europesays.com\/fr\/wp-json\/wp\/v2\/media?parent=325646"}],"wp:term":[{"taxonomy":"category","embeddable":true,"href":"https:\/\/www.europesays.com\/fr\/wp-json\/wp\/v2\/categories?post=325646"},{"taxonomy":"post_tag","embeddable":true,"href":"https:\/\/www.europesays.com\/fr\/wp-json\/wp\/v2\/tags?post=325646"}],"curies":[{"name":"wp","href":"https:\/\/api.w.org\/{rel}","templated":true}]}}