{"id":32565,"date":"2025-04-17T22:07:11","date_gmt":"2025-04-17T22:07:11","guid":{"rendered":"https:\/\/www.europesays.com\/fr\/32565\/"},"modified":"2025-04-17T22:07:11","modified_gmt":"2025-04-17T22:07:11","slug":"reunions-sur-lukraine-a-paris-pagaille-dans-les-alpes-propos-antisemites-de-labbe-pierre-et-indices-de-vie-dans-lespace-lactu-de-ce-jeudi-17","status":"publish","type":"post","link":"https:\/\/www.europesays.com\/fr\/32565\/","title":{"rendered":"R\u00e9unions sur l\u2019Ukraine \u00e0 Paris, pagaille dans les Alpes, propos antis\u00e9mites de l\u2019abb\u00e9 Pierre et \u00abindices\u00bb de vie dans l\u2019espace\u2026 L\u2019actu de ce jeudi 17\u00a0avril \u2013 Lib\u00e9ration"},"content":{"rendered":"<p class=\"sc-cPiKLX AiZTS text-element\">Chaque soir, la r\u00e9daction de Lib\u00e9 s\u00e9lectionne les actualit\u00e9s du jour qu\u2019il ne fallait pas rater en France et dans le reste du monde.<\/p>\n<p class=\"sc-cPiKLX AiZTS text-element\">Une s\u00e9rie de r\u00e9unions successives de haut niveau sur l\u2019Ukraine impliquant Am\u00e9ricains, Europ\u00e9ens et Ukrainiens se d\u00e9roulait ce jeudi \u00e0 Paris, au moment o\u00f9 les n\u00e9gociations de cessez-le-feu initi\u00e9es par Washington pi\u00e9tinent et o\u00f9 <a href=\"https:\/\/www.liberation.fr\/international\/europe\/sommet-sur-lukraine-la-paix-sans-la-paix-cest-pas-vraiment-la-paix-20250327_6OSYUSWU2FFW7PWZ6W4FCKJHOU\/\" target=\"_blank\" rel=\"nofollow noopener\">les Europ\u00e9ens veulent imposer leur voix<\/a>. Le chef de la diplomatie am\u00e9ricaine, <a href=\"https:\/\/www.liberation.fr\/international\/macron-va-recevoir-jeudi-le-secretaire-detat-americain-marco-rubio-et-lemissaire-steve-witkoff-20250416_NYIQDVSCGFAV3N2KZS4VBVK6X4\/\" target=\"_blank\" rel=\"nofollow noopener\">Marco Rubio, et l\u2019\u00e9missaire sp\u00e9cial Steve Witkoff<\/a> \u00e9taient notamment re\u00e7us par Emmanuel Macron \u00e0 l\u2019Elys\u00e9e. Dans le m\u00eame temps, depuis Kyiv, le pr\u00e9sident ukrainien, Volodymyr Zelensky, a accus\u00e9 Steve Witkoff d\u2019avoir \u00abadopt\u00e9 la strat\u00e9gie russe\u00bb. Ce proche ami de Donald Trump est l\u2019interlocuteur de Vladimir Poutine dans les n\u00e9gociations de cessez-le-feu. Il avait d\u00e9j\u00e0 \u00e9t\u00e9 accus\u00e9 par Kyiv de reprendre les \u00e9l\u00e9ments de langage du Kremlin. Moscou, pour sa part, a accus\u00e9 les Europ\u00e9ens de vouloir \u00abpoursuivre la guerre\u00bb et a estim\u00e9 que \u00abde nombreux pays\u00bb tentaient de \u00abperturber\u00bb le dialogue bilat\u00e9ral renaissant entre Moscou et Washington.<\/p>\n<p class=\"sc-cPiKLX AiZTS text-element\">D\u2019\u00e9normes chutes de neige printani\u00e8re ont caus\u00e9 des perturbations dans plusieurs r\u00e9gions alpines de Suisse, d\u2019Italie et de France, o\u00f9 <a href=\"https:\/\/www.liberation.fr\/environnement\/severes-intemperies-dans-les-alpes-une-personne-en-etat-critique-apres-avoir-ete-ensevelie-par-la-neige-a-val-thorens-20250417_FSA2CEFJBZBWVCMHCAAXIK23GQ\/\" rel=\"nofollow noopener\" target=\"_blank\">une personne a \u00e9t\u00e9 gri\u00e8vement bless\u00e9e <\/a>par une avalanche \u00e0 Val Thorens, conduisant les autorit\u00e9s \u00e0 prendre des mesures exceptionnelles. Il est tomb\u00e9 plus de 1,10\u00a0m de neige dans la nuit de mercredi \u00e0 jeudi dans la station savoyarde de Tignes o\u00f9 le maire, Serge Revial, a pris jeudi un arr\u00eat\u00e9 de confinement de la population. La municipalit\u00e9 de Belleville, o\u00f9 se trouve Val Thorens, a indiqu\u00e9 pr\u00e9parer elle aussi un arr\u00eat\u00e9 de confinement de ses habitants. Plusieurs autres stations fran\u00e7aises ont indiqu\u00e9 avoir ferm\u00e9 leurs domaines skiables pour la journ\u00e9e en raison du risque d\u2019avalanche, qui atteint le niveau maximum (5\/5) dans plusieurs massifs (Haute-Tarentaise, Haute-Maurienne, Vanoise). Comment expliquer les chutes de neige \u00abexceptionnelles\u00bb\u00a0? <a href=\"https:\/\/www.liberation.fr\/environnement\/climat\/chutes-de-neige-exceptionnelles-circulation-perturbee-inondations-les-alpes-suisses-et-francaises-en-proie-a-de-severes-intemperies-20250417_WHNHGZ7LGBEB5AOGYRPQGH6MUA\/\" target=\"_blank\" rel=\"nofollow noopener\">R\u00e9ponse ici<\/a>.<\/p>\n<p class=\"sc-cPiKLX AiZTS text-element\">On connaissait les <a href=\"https:\/\/www.liberation.fr\/societe\/abbe-pierre-retour-sur-sept-mois-de-revelations-20250113_RZF36YZHUZC7LHMLWO4VSGPEVY\/\" rel=\"nofollow noopener\" target=\"_blank\">nombreuses accusations d\u2019agressions sexuelles<\/a> visant l\u2019abb\u00e9 Pierre et le <a href=\"https:\/\/www.liberation.fr\/societe\/religions\/accusations-de-violences-sexuelles-des-annees-50-a-sa-mort-labbe-pierre-sous-la-haute-vigilance-de-leglise-20240813_GK7JMEWIJRGVRACQE45KA4RYGI\/\" rel=\"nofollow noopener\" target=\"_blank\">silence complice de l\u2019Eglise<\/a> pendant des d\u00e9cennies. On connaissait moins l\u2019int\u00e9r\u00eat un temps port\u00e9 par le fondateur d\u2019Emma\u00fcs au mar\u00e9chal P\u00e9tain, et encore moins<a href=\"https:\/\/www.liberation.fr\/societe\/religions\/affaire-abbe-pierre-ce-que-lon-sait-des-nouvelles-accusations-dantisemitisme-et-de-petainisme-qui-le-visent-20250417_BTWF6TZC5RBMNAZHCGDABZDRVI\/\" target=\"_blank\" rel=\"nofollow noopener\"> ses propos antis\u00e9mites<\/a>. Dans leur livre enqu\u00eate <a href=\"https:\/\/www.liberation.fr\/societe\/police-justice\/accusations-contre-labbe-pierre-le-vatican-au-courant-des-lautomne-1955-selon-un-livre-enquete-20250416_NYCLF7K27FCCBETOXO63QE7VFU\/\" rel=\"nofollow noopener\" target=\"_blank\">Abb\u00e9 Pierre, la fabrique d\u2019un saint<\/a> (Allary) publi\u00e9 ce jeudi 17\u00a0avril, les journalistes Laetitia Cherel et Marie-France Etchegoin r\u00e9v\u00e8lent une nouvelle face sombre du pr\u00eatre catholique. Elles prouvent \u00e9galement que <a href=\"https:\/\/www.liberation.fr\/societe\/police-justice\/accusations-contre-labbe-pierre-le-vatican-au-courant-des-lautomne-1955-selon-un-livre-enquete-20250416_NYCLF7K27FCCBETOXO63QE7VFU\/\" target=\"_blank\" rel=\"nofollow noopener\">le Vatican \u00e9tait au courant d\u00e8s \u00abl\u2019automne\u00a01955\u00bb<\/a> de ses agressions sexuelles. En septembre dernier, <a href=\"https:\/\/www.liberation.fr\/societe\/religions\/affaire-abbe-pierre-le-vatican-savait-depuis-au-moins-1959-20240917_P57N4HGNB5AEDGKUTSNPGPAE7I\/\" target=\"_blank\" rel=\"nofollow noopener\">Lib\u00e9 r\u00e9v\u00e9lait<\/a> d\u00e9j\u00e0 que les plus hautes instances de la curie romaine \u00e9taient au courant depuis au moins 1959.<\/p>\n<p class=\"sc-cPiKLX AiZTS text-element\">De nouvelles frappes isra\u00e9liennes ont co\u00fbt\u00e9 la vie ce jeudi \u00e0 au moins 40 Palestiniens dans la bande de Gaza, la plupart des d\u00e9plac\u00e9s ayant trouv\u00e9 refuge dans des camps de fortune, a indiqu\u00e9 la D\u00e9fense civile locale. L\u2019arm\u00e9e isra\u00e9lienne, qui n\u2019a pas comment\u00e9 dans l\u2019imm\u00e9diat ces frappes, a intensifi\u00e9 ses bombardements a\u00e9riens et \u00e9largi ses op\u00e9rations terrestres dans la bande de Gaza assi\u00e9g\u00e9e, depuis qu\u2019elle y a repris son offensive le 18\u00a0mars. Le Premier ministre isra\u00e9lien, <a href=\"https:\/\/www.liberation.fr\/international\/moyen-orient\/mandat-darret-de-la-cpi-contre-netanyahou-les-pays-du-g7-respecteront-leurs-obligations-20241126_GMI5YBL4HZHNJPFJ47KWNSJ27E\/\" rel=\"nofollow noopener\" target=\"_blank\">Benyamin N\u00e9tanyahou<\/a>, estime qu\u2019une pression militaire accrue forcera le Hamas \u00e0 rendre les otages enlev\u00e9s durant l\u2019attaque men\u00e9e par le mouvement islamiste palestinien le 7\u00a0octobre 2023 en Isra\u00ebl. Cette attaque a d\u00e9clench\u00e9 la guerre dans le territoire palestinien, o\u00f9 Isra\u00ebl a lanc\u00e9 une offensive de repr\u00e9sailles qui a fait des dizaines de milliers de morts, d\u00e9plac\u00e9 la majorit\u00e9 des quelque 2,4\u00a0millions d\u2019habitants et provoqu\u00e9 un d\u00e9sastre humanitaire.<\/p>\n<p class=\"sc-cPiKLX AiZTS text-element\">Les r\u00e9sultats sont \u00e0 prendre pour le moment avec pr\u00e9caution. Des astronomes ont annonc\u00e9 ce jeudi 17\u00a0avril avoir observ\u00e9 des signes de compos\u00e9s chimiques longtemps consid\u00e9r\u00e9s comme des \u00abbiosignatures\u00bb d\u2019une possible vie extraterrestre sur K2-18b, une exoplan\u00e8te situ\u00e9e \u00e0 124 ann\u00e9es-lumi\u00e8re de la Terre, dans la constellation du Lion. Elle fait l\u2019objet de d\u00e9bats anim\u00e9s au sein de la communaut\u00e9 scientifique, qui se demande si elle pourrait \u00eatre un monde oc\u00e9anique susceptible d\u2019abriter une vie microbienne. <a href=\"https:\/\/www.liberation.fr\/sciences\/espace\/le-telescope-james-webb-une-annee-de-photos-exceptionnelles-20230714_MHDXI7MGZNHCLNNR73PSUJ6F6U\/\" rel=\"nofollow noopener\" target=\"_blank\">Le t\u00e9lescope spatial James Webb<\/a> y a d\u00e9tect\u00e9 du sulfure de dim\u00e9thyle et du disulfure de dim\u00e9thyle, qui sur Terre sont uniquement produits par des organismes vivants, principalement du phytoplancton. <a href=\"https:\/\/www.liberation.fr\/sciences\/espace\/le-telescope-james-webb-aurait-detecte-des-indices-lies-a-la-vie-sur-une-exoplanete-20250417_QPCOV7AJI5AH5GFVFIHYV5GR24\/\" target=\"_blank\" rel=\"nofollow noopener\">Plus de d\u00e9tails ici<\/a>.<\/p>\n<p class=\"sc-cPiKLX AiZTS text-element\"><b>A l\u2019AG de LVMH, Bernard Arnault rassure les petits actionnaires et s\u2019offre une prolongation potentielle jusqu\u2019\u00e0 85 ans<\/b><\/p>\n<p class=\"sc-cPiKLX AiZTS text-element\">Lors de l\u2019assembl\u00e9e g\u00e9n\u00e9rale de ce jeudi 17\u00a0avril, le PDG du num\u00e9ro\u00a01 mondial du luxe a vant\u00e9 la \u00abrentabilit\u00e9 extraordinaire\u00bb de son groupe et fait voter une r\u00e9solution lui offrant la possibilit\u00e9 de rester en poste pour une dizaine d\u2019ann\u00e9es suppl\u00e9mentaires.<a href=\"https:\/\/www.liberation.fr\/economie\/a-lag-de-lvmh-bernard-arnault-rassure-les-petits-actionnaires-et-soffre-une-prolongation-potentielle-jusqua-85-ans-20250417_5AMUKOA4E5CANELEV4RZGIDQY4\/\" target=\"_blank\" rel=\"nofollow noopener\"> Lire ici<\/a>.<\/p>\n<p class=\"sc-cPiKLX AiZTS text-element\"><b>Francis Szpiner, rival de Rachida Dati \u00e0 la mairie de Paris, vis\u00e9 par une information judiciaire pour \u00abcorruption\u00bb<\/b><\/p>\n<p class=\"sc-cPiKLX AiZTS text-element\">Le domicile du s\u00e9nateur LR et ancien maire du XVIe arrondissement de Paris a \u00e9t\u00e9 perquisitionn\u00e9 dans le cadre d\u2019une enqu\u00eate pour une affaire d\u2019\u00e9change de faveurs sexuelles contre l\u2019attribution d\u2019un logement HLM, selon le Monde et le Parisien. <a href=\"https:\/\/www.liberation.fr\/politique\/francis-szpiner-rival-de-rachida-dati-a-la-mairie-de-paris-vise-par-une-information-judiciaire-pour-corruption-20250417_DASTL4TBY5DJNFJT3NL3RQKMQQ\/\" target=\"_blank\" rel=\"nofollow noopener\">Lire ici<\/a>.<\/p>\n<p class=\"sc-cPiKLX AiZTS text-element\"><b>Eclatement de pneus en France\u00a0: Goodyear convoqu\u00e9 en vue d\u2019une \u00e9ventuelle mise en examen<\/b><\/p>\n<p class=\"sc-cPiKLX AiZTS text-element\">Le g\u00e9ant am\u00e9ricain encourt une amende pouvant aller jusqu\u2019\u00e0 10\u00a0% de son chiffre d\u2019affaires dans le cadre d\u2019une enqu\u00eate pour homicides involontaires, apr\u00e8s des \u00e9clatements de pneus de camions \u00e0 l\u2019origine d\u2019accidents mortels en France, a annonc\u00e9 ce jeudi 17\u00a0avril le procureur de Besan\u00e7on. <a href=\"https:\/\/www.liberation.fr\/societe\/police-justice\/eclatements-de-pneus-en-france-goodyear-convoque-en-vue-dune-eventuelle-mise-en-examen-20250417_XRGVIF5N6NEN7JO3SCZXKK2P7A\/\" target=\"_blank\" rel=\"nofollow noopener\">Lire ici<\/a>.<\/p>\n","protected":false},"excerpt":{"rendered":"Chaque soir, la r\u00e9daction de Lib\u00e9 s\u00e9lectionne les actualit\u00e9s du jour qu\u2019il ne fallait pas rater en France&hellip;\n","protected":false},"author":2,"featured_media":32566,"comment_status":"","ping_status":"","sticky":false,"template":"","format":"standard","meta":{"footnotes":""},"categories":[1888],"tags":[1111,1928,11,1927,1777,674,1011,27,12,1926,626,1925,4702,25],"class_list":{"0":"post-32565","1":"post","2":"type-post","3":"status-publish","4":"format-standard","5":"has-post-thumbnail","7":"category-paris","8":"tag-actu","9":"tag-actu-paris","10":"tag-actualites","11":"tag-actualites-paris","12":"tag-eu","13":"tag-europe","14":"tag-fr","15":"tag-france","16":"tag-news","17":"tag-news-paris","18":"tag-paris","19":"tag-paris-news","20":"tag-recap-actu","21":"tag-republique-francaise"},"share_on_mastodon":{"url":"https:\/\/pubeurope.com\/@fr\/114355584578453472","error":""},"_links":{"self":[{"href":"https:\/\/www.europesays.com\/fr\/wp-json\/wp\/v2\/posts\/32565","targetHints":{"allow":["GET"]}}],"collection":[{"href":"https:\/\/www.europesays.com\/fr\/wp-json\/wp\/v2\/posts"}],"about":[{"href":"https:\/\/www.europesays.com\/fr\/wp-json\/wp\/v2\/types\/post"}],"author":[{"embeddable":true,"href":"https:\/\/www.europesays.com\/fr\/wp-json\/wp\/v2\/users\/2"}],"replies":[{"embeddable":true,"href":"https:\/\/www.europesays.com\/fr\/wp-json\/wp\/v2\/comments?post=32565"}],"version-history":[{"count":0,"href":"https:\/\/www.europesays.com\/fr\/wp-json\/wp\/v2\/posts\/32565\/revisions"}],"wp:featuredmedia":[{"embeddable":true,"href":"https:\/\/www.europesays.com\/fr\/wp-json\/wp\/v2\/media\/32566"}],"wp:attachment":[{"href":"https:\/\/www.europesays.com\/fr\/wp-json\/wp\/v2\/media?parent=32565"}],"wp:term":[{"taxonomy":"category","embeddable":true,"href":"https:\/\/www.europesays.com\/fr\/wp-json\/wp\/v2\/categories?post=32565"},{"taxonomy":"post_tag","embeddable":true,"href":"https:\/\/www.europesays.com\/fr\/wp-json\/wp\/v2\/tags?post=32565"}],"curies":[{"name":"wp","href":"https:\/\/api.w.org\/{rel}","templated":true}]}}