{"id":325651,"date":"2025-08-17T21:00:16","date_gmt":"2025-08-17T21:00:16","guid":{"rendered":"https:\/\/www.europesays.com\/fr\/325651\/"},"modified":"2025-08-17T21:00:16","modified_gmt":"2025-08-17T21:00:16","slug":"sur-le-front-les-soldats-doivent-sadapter-pour-eviter-les-drones-de-larmee-russe","status":"publish","type":"post","link":"https:\/\/www.europesays.com\/fr\/325651\/","title":{"rendered":"sur le front, les soldats doivent \u00ab\u00a0s&rsquo;adapter pour \u00e9viter les drones\u00a0\u00bb de l&rsquo;arm\u00e9e russe"},"content":{"rendered":"<p>            lire plus tard<\/p>\n<p id=\"dialog__title\" class=\"dialog__title\">Pour sauvegarder cet article, connectez-vous ou cr\u00e9ez un compte franceinfo<\/p>\n<p class=\"dialog__description\">Sans paiement. Sans abonnement.<\/p>\n<p>        Fermer la fen\u00eatre d\u2019activation des notifications France Info<\/p>\n<p>            cr\u00e9er votre compte<\/p>\n<p>            se connecter<\/p>\n<p>        Fermer la fen\u00eatre de pr\u00e9sentation<\/p>\n<p>    Publi\u00e9 le 17\/08\/2025 21:16<\/p>\n<p>        Temps de lecture : 1min &#8211; vid\u00e9o : 4min<\/p>\n<p>    <img decoding=\"async\" class=\"francetv-player-wrapper__image\" alt=\"Sur le front ukrainien, les motos ont remplac\u00e9 les blind\u00e9s en premi\u00e8re ligne.\"  width=\"432\" height=\"243\" src=\"https:\/\/www.europesays.com\/fr\/wp-content\/uploads\/2025\/08\/068-aa-14082025-2371605-68a20aac772ff317384949.jpg\" fetchpriority=\"high\"\/><\/p>\n<p>              Sur le front ukrainien, les motos ont remplac\u00e9 les blind\u00e9s en premi\u00e8re ligne.<br \/>\n                    (FRANCEINFO)<\/p>\n<p>      4min<\/p>\n<p class=\"c-chapo \">\n  Ces engins, utilis\u00e9s en nombre par la Russie, sont responsables de 70% des bless\u00e9s ou morts c\u00f4t\u00e9 ukrainien. Pour les contrer, l&rsquo;arm\u00e9e de Kiev a modifi\u00e9 ses d\u00e9placements et sa formation.\n<\/p>\n<p>Sur le front ukrainien, les motos ont remplac\u00e9 les blind\u00e9s en premi\u00e8re ligne. En cause : <a href=\"https:\/\/www.franceinfo.fr\/monde\/europe\/manifestations-en-ukraine\/reportage-aujourd-hui-leurs-drones-volent-a-250km-h-et-a-3-kilometres-de-haut-sur-le-front-les-soldats-ukrainiens-confrontes-a-la-modernisation-de-l-arsenal-russe_7404091.html\" rel=\"nofollow noopener\" target=\"_blank\">la menace permanente des drones<\/a>. Ces engins sont responsables de la mort ou des blessures de 70% des soldats ukrainiens, au point de bouleverser la formation des futurs fantassins. \u00ab\u00a0Il faut s&rsquo;adapter pour \u00e9viter les drones, les brouiller au mieux\u00a0\u00bb, explique \u00e0 une \u00e9quipe de France 2 le caporal-chef Ivanovich, instructeur charg\u00e9 de former les jeunes recrues \u00e0 ma\u00eetrisier les deux-roues. Les blind\u00e9s, peu mobiles, sont des cibles faciles pour les engins russes. A moto, les soldats sont moins prot\u00e9g\u00e9s, mais ont la possibilit\u00e9 de r\u00e9ussir \u00e0 \u00e9chapper aux drones kamikazes.<\/p>\n<p>D\u00e9sormais, la plupart <a href=\"https:\/\/www.franceinfo.fr\/monde\/europe\/manifestations-en-ukraine\/guerre-en-ukraine-comment-la-russie-parvient-elle-a-produire-autant-de-drones_7368976.html\" rel=\"nofollow noopener\" target=\"_blank\">des attaques russes men\u00e9es avec ces appareils<\/a> ont lieu lors des d\u00e9placements. Rejoindre ou quitter une position devient extr\u00eamement p\u00e9rilleux, et les soldats restent parfois 40 jours sans pouvoir \u00eatre relev\u00e9s.\u00a0\u00ab\u00a0S&rsquo;il y a un danger sur la zone, avec des drones, on ne sort plus\u00a0\u00bb, t\u00e9moigne le sergent-chef Bogdan, chef de pi\u00e8ce d&rsquo;un canon Caesar. \u00ab\u00a0M\u00eame chose si nous sommes sur une position de tir et qu&rsquo;un drone approche : on fait tr\u00e8s vite demi-tour.\u00a0\u00bb<\/p>\n<p>Pi\u00e8ce d&rsquo;artillerie mobile et efficace, le canon Caesar est devenu vuln\u00e9rable : les Russes posent des drones kamikazes le long des routes, pour les faire d\u00e9coller au passage du canon. C&rsquo;est d\u00e9sormais toute l&rsquo;artillerie lourde qui est \u00e0 la merci d&rsquo;un drone co\u00fbtant 500 euros, et tenant dans la main.<\/p>\n<p class=\"related-tags__title\" role=\"heading\" aria-level=\"2\">les mots-cl\u00e9s associ\u00e9s \u00e0 cet article\n    <\/p>\n","protected":false},"excerpt":{"rendered":"lire plus tard Pour sauvegarder cet article, connectez-vous ou cr\u00e9ez un compte franceinfo Sans paiement. Sans abonnement. Fermer&hellip;\n","protected":false},"author":2,"featured_media":325652,"comment_status":"","ping_status":"","sticky":false,"template":"","format":"standard","meta":{"footnotes":""},"categories":[1888],"tags":[1111,1928,11,1927,1777,674,1011,27,12,1926,626,1925,25],"class_list":{"0":"post-325651","1":"post","2":"type-post","3":"status-publish","4":"format-standard","5":"has-post-thumbnail","7":"category-paris","8":"tag-actu","9":"tag-actu-paris","10":"tag-actualites","11":"tag-actualites-paris","12":"tag-eu","13":"tag-europe","14":"tag-fr","15":"tag-france","16":"tag-news","17":"tag-news-paris","18":"tag-paris","19":"tag-paris-news","20":"tag-republique-francaise"},"share_on_mastodon":{"url":"https:\/\/pubeurope.com\/@fr\/115046123112569379","error":""},"_links":{"self":[{"href":"https:\/\/www.europesays.com\/fr\/wp-json\/wp\/v2\/posts\/325651","targetHints":{"allow":["GET"]}}],"collection":[{"href":"https:\/\/www.europesays.com\/fr\/wp-json\/wp\/v2\/posts"}],"about":[{"href":"https:\/\/www.europesays.com\/fr\/wp-json\/wp\/v2\/types\/post"}],"author":[{"embeddable":true,"href":"https:\/\/www.europesays.com\/fr\/wp-json\/wp\/v2\/users\/2"}],"replies":[{"embeddable":true,"href":"https:\/\/www.europesays.com\/fr\/wp-json\/wp\/v2\/comments?post=325651"}],"version-history":[{"count":0,"href":"https:\/\/www.europesays.com\/fr\/wp-json\/wp\/v2\/posts\/325651\/revisions"}],"wp:featuredmedia":[{"embeddable":true,"href":"https:\/\/www.europesays.com\/fr\/wp-json\/wp\/v2\/media\/325652"}],"wp:attachment":[{"href":"https:\/\/www.europesays.com\/fr\/wp-json\/wp\/v2\/media?parent=325651"}],"wp:term":[{"taxonomy":"category","embeddable":true,"href":"https:\/\/www.europesays.com\/fr\/wp-json\/wp\/v2\/categories?post=325651"},{"taxonomy":"post_tag","embeddable":true,"href":"https:\/\/www.europesays.com\/fr\/wp-json\/wp\/v2\/tags?post=325651"}],"curies":[{"name":"wp","href":"https:\/\/api.w.org\/{rel}","templated":true}]}}