{"id":325657,"date":"2025-08-17T21:03:15","date_gmt":"2025-08-17T21:03:15","guid":{"rendered":"https:\/\/www.europesays.com\/fr\/325657\/"},"modified":"2025-08-17T21:03:15","modified_gmt":"2025-08-17T21:03:15","slug":"un-petit-paris-dispose-de-nantes-ligue-1-j1-nantes-psg-0-1","status":"publish","type":"post","link":"https:\/\/www.europesays.com\/fr\/325657\/","title":{"rendered":"Un petit Paris dispose de Nantes &#8211; Ligue 1 &#8211; J1 &#8211; Nantes-PSG (0-1)"},"content":{"rendered":"<p>\t\t\t<img decoding=\"async\" loading=\"lazy\" class=\"blason blason-grand\" src=\"https:\/\/www.europesays.com\/fr\/wp-content\/uploads\/2025\/04\/1745035705_78_grande.jpg\"\/> Nantes 0-1 PSG <img decoding=\"async\" loading=\"lazy\" class=\"blason blason-grand\" src=\"https:\/\/www.europesays.com\/fr\/wp-content\/uploads\/2025\/04\/1745372722_701_grande.jpg\"\/><\/p>\n<p>But : Vitinha (67e) pour le PSG<\/p>\n<p>Nuno Mendes, D\u00e9sir\u00e9 Dou\u00e9, Ousmane Demb\u00e9l\u00e9, Achraf Hakimi, Khvicha Kvaratskhelia : ce dimanche au coup d\u2019envoi de sa rencontre \u00e0 Nantes \u2013 sa 67e de la saison 2024-2026, quatre jours apr\u00e8s une Supercoupe d\u2019Europe \u00e0 Udine \u2013, le Paris Saint-Germain alignait cinq nomm\u00e9s au Ballon d\u2019or sur son banc de touche. \u00c7a s\u2019est ressenti : apr\u00e8s une bonne heure d\u2019ennui, il a fallu attendre l\u2019entr\u00e9e des quatre premiers cit\u00e9s pour que tout le monde en ait pour son argent et que les filets tremblent. Et encore : ce fut une frappe un peu hasardeuse de Vitinha, d\u00e9vi\u00e9e par Chidozie Awaziem (67e), mais qui sera la seule r\u00e9alisation de cette partie <strong>(0-1)<\/strong>.<\/p>\n<p>Plus d\u2019infos \u00e0 venir\u2026<\/p>\n<p><strong><img decoding=\"async\" loading=\"lazy\" class=\"blason blason-petit\" src=\"https:\/\/www.europesays.com\/fr\/wp-content\/uploads\/2025\/04\/1745035705_78_grande.jpg\"\/> FCN (4-3-3)<\/strong> : Lopes \u2013 Amian (c), Awaziem, Tati, Cozza \u2013 Leroux (Tabibou, 86e), H. Kwon (Coquelin, 78e), Lepenant \u2013 Benhattab (Abline, 59e), M. Mohamed (A. Camara, 79e), H. Guirassy (H. Hong, 59e). <strong>Entra\u00eeneur :<\/strong> Lu\u00eds Castro.<\/p>\n<p><strong><img decoding=\"async\" loading=\"lazy\" class=\"blason blason-petit\" src=\"https:\/\/www.europesays.com\/fr\/wp-content\/uploads\/2025\/04\/1745372722_701_grande.jpg\"\/> PSG (4-3-3)<\/strong> : Safonov \u2013 Za\u00efre-Emery, Zabarnyi, Beraldo, L. Hern\u00e1ndez (N. Mendes, 61e) \u2013 K. Lee (D. Dou\u00e9, 61e), Vitinha (c), F. Ruiz (Hakimi, 61e) \u2013 Mbaye (O. Demb\u00e9l\u00e9, 61e), G. Ramos (Kvaratskhelia, 78e), Barcola. <strong>Entra\u00eeneur :<\/strong> Luis Enrique.<\/p>\n<p>\t\t\t\t\t\t\t\t\t\t<a class=\"lien-connexe\" href=\"https:\/\/www.sofoot.com\/breves\/waldemar-kita-offre-une-coupe-en-chocolat-a-marquinhos\" rel=\"nofollow noopener\" target=\"_blank\">Waldemar Kita offre une coupe en chocolat \u00e0 Marquinhos<\/a>\t\t\t\t\t<\/p>\n","protected":false},"excerpt":{"rendered":"Nantes 0-1 PSG But : Vitinha (67e) pour le PSG Nuno Mendes, D\u00e9sir\u00e9 Dou\u00e9, Ousmane Demb\u00e9l\u00e9, Achraf Hakimi,&hellip;\n","protected":false},"author":2,"featured_media":325658,"comment_status":"","ping_status":"","sticky":false,"template":"","format":"standard","meta":{"footnotes":""},"categories":[1888],"tags":[47,11,61,69,65,64,1777,674,63,1011,27,68,66,12,62,626,70,25,67],"class_list":{"0":"post-325657","1":"post","2":"type-post","3":"status-publish","4":"format-standard","5":"has-post-thumbnail","7":"category-paris","8":"tag-actualite","9":"tag-actualites","10":"tag-actus-football","11":"tag-bundesliga","12":"tag-championnats-europeens","13":"tag-equipe-de-france","14":"tag-eu","15":"tag-europe","16":"tag-football","17":"tag-fr","18":"tag-france","19":"tag-ligua","20":"tag-ligue-1","21":"tag-news","22":"tag-news-foot","23":"tag-paris","24":"tag-premier-league","25":"tag-republique-francaise","26":"tag-serie-a"},"share_on_mastodon":{"url":"https:\/\/pubeurope.com\/@fr\/115046135910506558","error":""},"_links":{"self":[{"href":"https:\/\/www.europesays.com\/fr\/wp-json\/wp\/v2\/posts\/325657","targetHints":{"allow":["GET"]}}],"collection":[{"href":"https:\/\/www.europesays.com\/fr\/wp-json\/wp\/v2\/posts"}],"about":[{"href":"https:\/\/www.europesays.com\/fr\/wp-json\/wp\/v2\/types\/post"}],"author":[{"embeddable":true,"href":"https:\/\/www.europesays.com\/fr\/wp-json\/wp\/v2\/users\/2"}],"replies":[{"embeddable":true,"href":"https:\/\/www.europesays.com\/fr\/wp-json\/wp\/v2\/comments?post=325657"}],"version-history":[{"count":0,"href":"https:\/\/www.europesays.com\/fr\/wp-json\/wp\/v2\/posts\/325657\/revisions"}],"wp:featuredmedia":[{"embeddable":true,"href":"https:\/\/www.europesays.com\/fr\/wp-json\/wp\/v2\/media\/325658"}],"wp:attachment":[{"href":"https:\/\/www.europesays.com\/fr\/wp-json\/wp\/v2\/media?parent=325657"}],"wp:term":[{"taxonomy":"category","embeddable":true,"href":"https:\/\/www.europesays.com\/fr\/wp-json\/wp\/v2\/categories?post=325657"},{"taxonomy":"post_tag","embeddable":true,"href":"https:\/\/www.europesays.com\/fr\/wp-json\/wp\/v2\/tags?post=325657"}],"curies":[{"name":"wp","href":"https:\/\/api.w.org\/{rel}","templated":true}]}}