{"id":325661,"date":"2025-08-17T21:05:11","date_gmt":"2025-08-17T21:05:11","guid":{"rendered":"https:\/\/www.europesays.com\/fr\/325661\/"},"modified":"2025-08-17T21:05:11","modified_gmt":"2025-08-17T21:05:11","slug":"les-habitants-du-donbass-refusent-dimaginer-un-repli-des-forces-ukrainiennes","status":"publish","type":"post","link":"https:\/\/www.europesays.com\/fr\/325661\/","title":{"rendered":"les habitants du Donbass refusent d\u2019imaginer un repli des forces ukrainiennes"},"content":{"rendered":"<p data-module=\"fig-standfirst\" data-context=\"@media (min-width:48em)\"><strong>REPORTAGE <\/strong>&#8211; Seuls une minorit\u00e9 des civils interrog\u00e9s \u00e0 Kramatorsk et Sloviansk confient qu\u2019ils resteront si jamais un accord livre leur r\u00e9gion \u00e0 l\u2019arm\u00e9e russe.<\/p>\n<p class=\"fig-paragraph fig-paragraph--dropped\">Alors qu\u2019\u00e0 plus de 8000 kilom\u00e8tres de l\u00e0,\u00a0<a href=\"http:\/\/www.lefigaro.fr\/international\/trump-a-ete-clairement-sous-le-charme-vu-de-moscou-vladimir-poutine-a-ete-recu-en-seigneur-en-alaska-20250816\" data-fig-type=\"Article\" data-gtm-custom-categorie=\"navigation\" data-gtm-custom-action=\"crossclick\" data-gtm-custom-label=\"Contextuel\" data-gtm-event=\"customEventSPE\" data-fig-domain=\"LEFIGARO\" target=\"_blank\" rel=\"noopener\">Donald Trump et Vladimir Poutine<\/a>\u00a0discutaient de leur destin, les habitants du Donbass ne semblaient gu\u00e8re pr\u00eater attention aux nouvelles venues\u00a0<a href=\"http:\/\/www.lefigaro.fr\/international\/sommet-trump-poutine-des-documents-confidentiels-oublies-par-les-americains-dans-une-imprimante-en-alaska-20250817\" data-fig-type=\"NewsFlash\" data-gtm-custom-categorie=\"navigation\" data-gtm-custom-action=\"crossclick\" data-gtm-custom-label=\"Contextuel\" data-gtm-event=\"customEventSPE\" data-fig-domain=\"LEFIGARO\" target=\"_blank\" rel=\"noopener\">d\u2019Alaska<\/a>. \u00c0 Sloviansk et Kramatorsk, deux villes qui servent de bases arri\u00e8re \u00e0 l\u2019arm\u00e9e ukrainienne, les habitants rencontr\u00e9s dimanche ne semblaient ni inquiets ni enthousiastes \u00e0 l\u2019approche d\u2019une nouvelle rencontre entre\u00a0<a href=\"http:\/\/www.lefigaro.fr\/international\/guerre-en-ukraine-volodymyr-zelensky-rencontrera-donald-trump-des-lundi-a-washington-20250816\" data-fig-type=\"NewsFlash\" data-gtm-custom-categorie=\"navigation\" data-gtm-custom-action=\"crossclick\" data-gtm-custom-label=\"Contextuel\" data-gtm-event=\"customEventSPE\" data-fig-domain=\"LEFIGARO\" target=\"_blank\" rel=\"noopener\">Volodymyr Zelensky<\/a>\u00a0et Donald Trump.<\/p>\n<p class=\"fig-paragraph\">\u00ab\u00a0Je n\u2019ai pas regard\u00e9 pour l\u2019instant, car eux parlent et nous, on agit. Ce ne sont que des mots. Pour moi, ce sont les actions qui comptent\u00a0\u00bb, souffle \u00ab\u00a0Irlandais\u00a0\u00bb, un jeune droniste, en sirotant son cappuccino dans un caf\u00e9 cosy du centre de\u00a0<a href=\"http:\/\/www.lefigaro.fr\/international\/guerre-en-ukraine-cinq-morts-15-blesses-dans-une-frappe-russe-20230414\" data-fig-type=\"NewsFlash\" data-gtm-custom-categorie=\"navigation\" data-gtm-custom-action=\"crossclick\" data-gtm-custom-label=\"Contextuel\" data-gtm-event=\"customEventSPE\" data-fig-domain=\"LEFIGARO\" target=\"_blank\" rel=\"noopener\">Sloviansk<\/a>, \u00e0 25 kilom\u00e8tres de la ligne de front. La ville, qui comptait pr\u00e8s de 100.000\u00a0habitants avant 2022 et en d\u00e9nombre moiti\u00e9 moins aujourd\u2019hui, fut la premi\u00e8re \u00e0 tomber aux mains des forces russes et prorusses au printemps 2014, avant que l\u2019arm\u00e9e ukrainienne ne la reprenne en juillet de la m\u00eame ann\u00e9e\u2026<\/p>\n<p class=\"fig-premium-paywall__infos\">\n        Cet article est r\u00e9serv\u00e9 aux abonn\u00e9s.        Il vous reste 81% \u00e0 d\u00e9couvrir.\n    <\/p>\n<p>                <img  data- alt=\"Le Figaro\" class=\"fig-img--complete fig-img\"\/><\/p>\n<p class=\"fig-premium-paywall__title\">Vente Flash<\/p>\n<p class=\"fig-premium-paywall__subtitle\">4,99\u20ac par mois pendant 12 mois. Sans engagement<\/p>\n<p class=\"fig-premium-paywall__connect\">\n                D\u00e9j\u00e0 abonn\u00e9\u00a0?                <a class=\"fig-premium-paywall__connect-link\" href=\"https:\/\/connect.lefigaro.fr\/login?client=horizon_web&amp;type=main&amp;redirect_uri=https%3A%2F%2Fwww.lefigaro.fr%2Finternational%2Fils-ne-peuvent-pas-livrer-notre-region-a-la-russie-les-habitants-du-donbass-refusent-d-imaginer-un-repli-des-forces-ukrainiennes-20250817\" data-js-gtm=\"{&quot;customCategorie&quot;: &quot;conversion&quot;, &quot;customAction&quot;: &quot;before_Landing_Connexion_paywall_auto&quot;, &quot;customLabel&quot;: &quot;bGVmaWdhcm8uZnJfXzFmMDdiNzUxLTBmOTktNmU0Yy05MTQzLThiM2NjNmEyZjljNV9fQXJ0aWNsZQ==_\u00abIls ne peuvent pas livrer notre r\u00e9gion \u00e0 la Russie\u00bb\u00a0: les habitants du Donbass refusent d\u2019imaginer un repli des forces ukrainiennes_557&quot;, &quot;customIDSPE&quot;: &quot;bGVmaWdhcm8uZnJfXzFmMDdiNzUxLTBmOTktNmU0Yy05MTQzLThiM2NjNmEyZjljNV9fQXJ0aWNsZQ==&quot;, &quot;event&quot;: &quot;customEventSPE&quot;}\" target=\"_blank\" rel=\"noopener\"><br \/>\n                    Connectez-vous<br \/>\n                <\/a>\n            <\/p>\n","protected":false},"excerpt":{"rendered":"REPORTAGE &#8211; Seuls une minorit\u00e9 des civils interrog\u00e9s \u00e0 Kramatorsk et Sloviansk confient qu\u2019ils resteront si jamais un&hellip;\n","protected":false},"author":2,"featured_media":325662,"comment_status":"","ping_status":"","sticky":false,"template":"","format":"standard","meta":{"footnotes":""},"categories":[1590],"tags":[11,1777,674,12,220,135,134],"class_list":{"0":"post-325661","1":"post","2":"type-post","3":"status-publish","4":"format-standard","5":"has-post-thumbnail","7":"category-ukraine","8":"tag-actualites","9":"tag-eu","10":"tag-europe","11":"tag-news","12":"tag-ukraine","13":"tag-vladimir-poutine","14":"tag-volodymyr-zelensky"},"share_on_mastodon":{"url":"https:\/\/pubeurope.com\/@fr\/115046142743035295","error":""},"_links":{"self":[{"href":"https:\/\/www.europesays.com\/fr\/wp-json\/wp\/v2\/posts\/325661","targetHints":{"allow":["GET"]}}],"collection":[{"href":"https:\/\/www.europesays.com\/fr\/wp-json\/wp\/v2\/posts"}],"about":[{"href":"https:\/\/www.europesays.com\/fr\/wp-json\/wp\/v2\/types\/post"}],"author":[{"embeddable":true,"href":"https:\/\/www.europesays.com\/fr\/wp-json\/wp\/v2\/users\/2"}],"replies":[{"embeddable":true,"href":"https:\/\/www.europesays.com\/fr\/wp-json\/wp\/v2\/comments?post=325661"}],"version-history":[{"count":0,"href":"https:\/\/www.europesays.com\/fr\/wp-json\/wp\/v2\/posts\/325661\/revisions"}],"wp:featuredmedia":[{"embeddable":true,"href":"https:\/\/www.europesays.com\/fr\/wp-json\/wp\/v2\/media\/325662"}],"wp:attachment":[{"href":"https:\/\/www.europesays.com\/fr\/wp-json\/wp\/v2\/media?parent=325661"}],"wp:term":[{"taxonomy":"category","embeddable":true,"href":"https:\/\/www.europesays.com\/fr\/wp-json\/wp\/v2\/categories?post=325661"},{"taxonomy":"post_tag","embeddable":true,"href":"https:\/\/www.europesays.com\/fr\/wp-json\/wp\/v2\/tags?post=325661"}],"curies":[{"name":"wp","href":"https:\/\/api.w.org\/{rel}","templated":true}]}}