{"id":325667,"date":"2025-08-17T21:08:29","date_gmt":"2025-08-17T21:08:29","guid":{"rendered":"https:\/\/www.europesays.com\/fr\/325667\/"},"modified":"2025-08-17T21:08:29","modified_gmt":"2025-08-17T21:08:29","slug":"les-lecons-de-lallemagne-et-du-nigeria-pour-surmonter-les-pertes-et-renforcer-la-resilience","status":"publish","type":"post","link":"https:\/\/www.europesays.com\/fr\/325667\/","title":{"rendered":"les le\u00e7ons de l&rsquo;Allemagne et du Nig\u00e9ria pour surmonter les pertes et renforcer la r\u00e9silience"},"content":{"rendered":"<p><a href=\"https:\/\/www.oxfamfrance.org\/climat-et-energie\/les-evenements-climatiques-extremes-quand-la-planete-semballe\/\" rel=\"nofollow noopener\" target=\"_blank\">Les \u00e9v\u00e8nements climatiques extr\u00eames<\/a> &#8211; inondations, s\u00e9cheresses et vagues de chaleur &#8211; ne sont pas seulement de plus en plus fr\u00e9quents, ils sont aussi de plus en plus graves.<\/p>\n<p>Il est important de comprendre comment les communaut\u00e9s peuvent se remettre de ces \u00e9v\u00e9nements tout en renfor\u00e7ant leur r\u00e9silience face aux futures catastrophes.<\/p>\n<p>Dans une <a href=\"https:\/\/www.sciencedirect.com\/science\/article\/pii\/S2212420924005399\" rel=\"nofollow noopener\" target=\"_blank\">r\u00e9cente \u00e9tude<\/a>, nous avons analys\u00e9 la mani\u00e8re dont les communaut\u00e9s touch\u00e9es par les inondations extr\u00eames de 2021 dans la vall\u00e9e de l&rsquo;Ahr en Allemagne et \u00e0 Lagos, au Nigeria, se sont remises des inondations.<\/p>\n<p>Notre objectif \u00e9tait d&rsquo;identifier les facteurs multiples qui ont constitu\u00e9 (des leviers) \u00e0 la reprise apr\u00e8s les catastrophes.       <\/p>\n<p>Nous avons constat\u00e9 que les contraintes financi\u00e8res, les int\u00e9r\u00eats politiques et les obstacles administratifs ont conduit \u00e0 privil\u00e9gier les secours imm\u00e9diats et la reconstruction au d\u00e9triment d&rsquo;une reprise durable \u00e0 long terme. <\/p>\n<p>Dans les deux cas, les efforts de reprise imm\u00e9diats et \u00e0 long terme ont \u00e9t\u00e9 <a href=\"https:\/\/www.mercycorps.org\/sites\/default\/files\/2023-10\/ZFRA-Towards-Transformative-Action-Fullreport-v1-4.pdf\" rel=\"nofollow noopener\" target=\"_blank\">cloisonn\u00e9s, sous-financ\u00e9s et centr\u00e9s sur la restaurationn<\/a> des conditions d\u2019avant la catastrophe. <\/p>\n<p>Nos conclusions montrent que le succ\u00e8s des efforts pour une reprise r\u00e9side dans l&rsquo;\u00e9quilibre entre l&rsquo;aide \u00e0 court terme et une vision \u00e0 long terme. Bien que l&rsquo;aide imm\u00e9diate soit indispensable apr\u00e8s une catastrophe, la v\u00e9ritable r\u00e9silience repose sur des actions proactives qui s&rsquo;attaquent aux d\u00e9fis syst\u00e9miques et permettent aux communaut\u00e9s de construire un avenir meilleur. <\/p>\n<p>Cette reprise ne doit pas se limiter \u00e0 des actions comme la reconstruction des infrastructures (ing\u00e9nierie). Elle doit \u00e9galement int\u00e9grer des connaissances dans d&rsquo;autres domaines, tels que la gouvernance et la psychologie, afin d&rsquo;aider les gens \u00e0 faire face aux pertes et \u00e0 se reconstruire.<\/p>\n<p>Ce qui a fonctionn\u00e9<\/p>\n<p>Pour comprendre les m\u00e9canismes de reprise des deux pays, nous avons examin\u00e9 la litt\u00e9rature, les articles de journaux et les documents gouvernementaux pertinents. Nous avons \u00e9galement interrog\u00e9 des agences gouvernementales, des repr\u00e9sentants d&rsquo;ONG, des b\u00e9n\u00e9voles et des r\u00e9sidents locaux dans les communaut\u00e9s o\u00f9 ces inondations se sont produites.<\/p>\n<p>Nous avons constat\u00e9 que dans la vall\u00e9e de l&rsquo;Ahr, la reprise ne consistait pas seulement \u00e0 reconstruire les structures, mais aussi \u00e0 responsabiliser les individus. <\/p>\n<p>Gr\u00e2ce \u00e0 des initiatives telles que des cours de sant\u00e9 mentale et de premiers secours, les habitants ont appris \u00e0 se soutenir les uns les autres. Cela a favoris\u00e9 un sens de la communaut\u00e9 et de la r\u00e9silience qui \u00e9tait essentiel pour faire face aux d\u00e9fis \u00e9motionnels pos\u00e9s par la catastrophe.<\/p>\n<p>L&rsquo;accent mis sur la reconstruction dans une optique de d\u00e9veloppement durable s&rsquo;est \u00e9galement traduit par des initiatives environnementales. Par exemple, un syst\u00e8me de chauffage ne faisant pas appel aux combustibles fossiles a \u00e9t\u00e9 mis en place.<\/p>\n<p>Non seulement ce syst\u00e8me a permis de r\u00e9duire les \u00e9missions de carbone, mais il est \u00e9galement devenu un symbole d&rsquo;espoir, montrant qu&rsquo;il est possible de b\u00e2tir une communaut\u00e9 plus durable et respectueuse de l&rsquo;environnement.<\/p>\n<p>\u00c0 Lagos \u00e9galement, les habitants ont puis\u00e9 leur force dans la communaut\u00e9 et l&rsquo;innovation. Les efforts d\u00e9ploy\u00e9s au niveau local en utilisant des mat\u00e9riaux durables tels que le bambou et le bois de palmier ont mis en \u00e9vidence l&rsquo;ing\u00e9niosit\u00e9 et la r\u00e9silience de la population. Les organisations confessionnelles ont apport\u00e9 une aide mat\u00e9rielle ainsi qu&rsquo;un soutien \u00e9motionnel et spirituel, renfor\u00e7ant ainsi les liens entre les communaut\u00e9s.<\/p>\n<p>Chaque communaut\u00e9 a \u00e9t\u00e9 confront\u00e9e \u00e0 des d\u00e9fis sp\u00e9cifiques. Mais elles partagent un point commun : l&rsquo;importance d&rsquo;une gouvernance adaptative, d&rsquo;une prise de d\u00e9cision flexible et de liens communautaires solides. <\/p>\n<p>Par exemple, les codes de construction \u00e9tablis dans la vall\u00e9e de l&rsquo;Ahr ont fourni un cadre pour la reconstruction, garantissant que les nouvelles structures \u00e9taient r\u00e9sistantes et s\u00fbres. <\/p>\n<p>\u00c0 Lagos, l&rsquo;absence d&rsquo;un soutien gouvernemental fort a mis en \u00e9vidence le r\u00f4le essentiel des organisations communautaires dans la fourniture de services et la promotion d&rsquo;un sentiment de responsabilit\u00e9 partag\u00e9e. <\/p>\n<p>Ce qui doit \u00eatre am\u00e9lior\u00e9<\/p>\n<p>Dans la vall\u00e9e de l&rsquo;Ahr comme \u00e0 Lagos, le chemin vers la reprise a \u00e9galement \u00e9t\u00e9 sem\u00e9 d&#8217;emb\u00fbches. <\/p>\n<p>Dans la vall\u00e9e de l&rsquo;Ahr, la bureaucratie est devenue un obstacle redoutable. Les habitants, d\u00e9sireux de reconstruire leur vie, se retrouvent emp\u00eatr\u00e9s dans un enchev\u00eatrement complexe de r\u00e9glementations et de longues proc\u00e9dures d&rsquo;approbation. Cela a retard\u00e9 leur acc\u00e8s aux assurances et aux fonds de reconstruction. L&rsquo;attente pendant des mois, voire des ann\u00e9es, a \u00e9rod\u00e9 l&rsquo;espoir et aliment\u00e9 un sentiment d&rsquo;abandon.<\/p>\n<p>Pendant ce temps, \u00e0 Lagos, l&rsquo;insuffisance du soutien gouvernemental a laiss\u00e9 les communaut\u00e9s livr\u00e9es \u00e0 elles-m\u00eames, cr\u00e9ant un terrain propice \u00e0 l&rsquo;incertitude et aux conflits. <\/p>\n<p>Les litiges fonciers, aliment\u00e9s par l&rsquo;absence de droits de propri\u00e9t\u00e9 clairs, g\u00e9n\u00e8rent la m\u00e9fiance et entravent les efforts de r\u00e9installation. Les d\u00e9saccords politiques compliquent le tableau, car les int\u00e9r\u00eats divergents d\u00e9tournent l&rsquo;attention et les ressources de ceux qui en ont le plus besoin. <\/p>\n<p>\u00c0 Lagos, aucune des personnes interrog\u00e9es n&rsquo;a d\u00e9clar\u00e9 disposer d&rsquo;une assurance pour l&rsquo;aider \u00e0 se remettre des pertes li\u00e9es \u00e0 la catastrophe. <\/p>\n<p>Bien que certains r\u00e9sidents de la vall\u00e9e de l&rsquo;Ahr aient souscrit une assurance, beaucoup \u00e9taient sous-assur\u00e9s.<\/p>\n<p>Les codes de construction de la vall\u00e9e de l&rsquo;Ahr offrent un cadre pour la reconstruction. Mais il est clair que les processus devraient \u00eatre rationalis\u00e9s afin que les communaut\u00e9s puissent s&rsquo;approprier leur reconstruction. <\/p>\n<p>\u00c0 Lagos, l&rsquo;importance de solides filets de s\u00e9curit\u00e9 sociale est \u00e9vidente. Des partenariats entre les communaut\u00e9s et les autorit\u00e9s sont \u00e9galement n\u00e9cessaires.<\/p>\n<p>Une approche diff\u00e9rente<\/p>\n<p>La reprise n&rsquo;est pas un processus distinct qui n&rsquo;intervient qu&rsquo;apr\u00e8s les catastrophes. Elle doit \u00eatre consid\u00e9r\u00e9e comme un \u00e9l\u00e9ment essentiel de la gestion des risques. Il est important de comprendre ce qu&rsquo;implique le r\u00e9tablissement et quelles sont les ressources n\u00e9cessaires.<\/p>\n<p>Cela permettra de r\u00e9duire les risques futurs et d&rsquo;accro\u00eetre la r\u00e9silience apr\u00e8s des catastrophes.<\/p>\n<p>Les gouvernements devraient encourager les structures de gouvernance flexibles qui valorisent les voix des communaut\u00e9s et les connaissances locales pour faciliter le reprise. La <a href=\"https:\/\/deepblue.lib.umich.edu\/bitstream\/handle\/2027.42\/154718\/Maione_RecoveryPlanningAfterHurricaneKatrina.pdf?sequence=1\" rel=\"nofollow noopener\" target=\"_blank\">New Orleans Recovery Authority<\/a>, cr\u00e9\u00e9e apr\u00e8s l&rsquo;ouragan Katrina, en est un bon exemple. Elle a impliqu\u00e9 les r\u00e9sidents locaux et les fonctionnaires municipaux dans la planification et les efforts de reconstruction. <\/p>\n<p>Les efforts de la base \u00e0 Lagos ont d\u00e9montr\u00e9 le pouvoir des mat\u00e9riaux durables et des initiatives men\u00e9es par la communaut\u00e9. Voir les choses du point de vue de la communaut\u00e9 peut aider \u00e0 concevoir des solutions adapt\u00e9es \u00e0 la situation et \u00e0 s&rsquo;adapter \u00e0 l&rsquo;\u00e9volution des d\u00e9fis.<\/p>\n<p>Les programmes de formation et de renforcement des capacit\u00e9s permettent aux communaut\u00e9s de jouer un r\u00f4le actif dans leur propre r\u00e9tablissement. <\/p>\n<p>Les cours de sant\u00e9 mentale et de premiers secours ont \u00e9t\u00e9 couronn\u00e9s de succ\u00e8s dans la vall\u00e9e de l&rsquo;Ahr. En dotant les individus de comp\u00e9tences en mati\u00e8re de pratiques durables et de pr\u00e9paration aux catastrophes, on contribue \u00e0 tisser un tissu social capable de r\u00e9sister aux futures temp\u00eates.<\/p>\n","protected":false},"excerpt":{"rendered":"Les \u00e9v\u00e8nements climatiques extr\u00eames &#8211; inondations, s\u00e9cheresses et vagues de chaleur &#8211; ne sont pas seulement de plus&hellip;\n","protected":false},"author":2,"featured_media":325668,"comment_status":"","ping_status":"","sticky":false,"template":"","format":"standard","meta":{"footnotes":""},"categories":[1587],"tags":[11,672,1804,1805,1803,1777,674,1801,12,1802],"class_list":{"0":"post-325667","1":"post","2":"type-post","3":"status-publish","4":"format-standard","5":"has-post-thumbnail","7":"category-allemagne","8":"tag-actualites","9":"tag-allemagne","10":"tag-bundesrepublik-deutschland","11":"tag-de","12":"tag-deutschland","13":"tag-eu","14":"tag-europe","15":"tag-germany","16":"tag-news","17":"tag-republique-federale-dallemagne"},"share_on_mastodon":{"url":"https:\/\/pubeurope.com\/@fr\/115046154507092035","error":""},"_links":{"self":[{"href":"https:\/\/www.europesays.com\/fr\/wp-json\/wp\/v2\/posts\/325667","targetHints":{"allow":["GET"]}}],"collection":[{"href":"https:\/\/www.europesays.com\/fr\/wp-json\/wp\/v2\/posts"}],"about":[{"href":"https:\/\/www.europesays.com\/fr\/wp-json\/wp\/v2\/types\/post"}],"author":[{"embeddable":true,"href":"https:\/\/www.europesays.com\/fr\/wp-json\/wp\/v2\/users\/2"}],"replies":[{"embeddable":true,"href":"https:\/\/www.europesays.com\/fr\/wp-json\/wp\/v2\/comments?post=325667"}],"version-history":[{"count":0,"href":"https:\/\/www.europesays.com\/fr\/wp-json\/wp\/v2\/posts\/325667\/revisions"}],"wp:featuredmedia":[{"embeddable":true,"href":"https:\/\/www.europesays.com\/fr\/wp-json\/wp\/v2\/media\/325668"}],"wp:attachment":[{"href":"https:\/\/www.europesays.com\/fr\/wp-json\/wp\/v2\/media?parent=325667"}],"wp:term":[{"taxonomy":"category","embeddable":true,"href":"https:\/\/www.europesays.com\/fr\/wp-json\/wp\/v2\/categories?post=325667"},{"taxonomy":"post_tag","embeddable":true,"href":"https:\/\/www.europesays.com\/fr\/wp-json\/wp\/v2\/tags?post=325667"}],"curies":[{"name":"wp","href":"https:\/\/api.w.org\/{rel}","templated":true}]}}